{"id":27909,"date":"2024-11-10T17:26:01","date_gmt":"2024-11-10T13:26:01","guid":{"rendered":"https:\/\/etab.ac-reunion.fr\/lyc-francois-de-mahy\/?p=27909"},"modified":"2025-10-10T17:34:53","modified_gmt":"2025-10-10T13:34:53","slug":"27909-2","status":"publish","type":"post","link":"https:\/\/etab.ac-reunion.fr\/lyc-francois-de-mahy\/27909-2\/","title":{"rendered":"Vente \u00e9ph\u00e9m\u00e8re de plantes et de pots de fleurs le 10 d\u00e9cembre"},"content":{"rendered":"\n<div style=\"height:11px\" aria-hidden=\"true\" class=\"wp-block-spacer\"><\/div>\n\n\n\n<div class=\"wp-block-media-text is-stacked-on-mobile has-background\" style=\"background-color:#00d18424;grid-template-columns:57% auto\"><figure class=\"wp-block-media-text__media\"><img loading=\"lazy\" decoding=\"async\" width=\"557\" height=\"806\" src=\"https:\/\/etab.ac-reunion.fr\/lyc-francois-de-mahy\/wp-content\/uploads\/sites\/61\/2024\/11\/image-3.png\" alt=\"\" class=\"wp-image-27930 size-full\" srcset=\"https:\/\/etab.ac-reunion.fr\/lyc-francois-de-mahy\/wp-content\/uploads\/sites\/61\/2024\/11\/image-3.png 557w, https:\/\/etab.ac-reunion.fr\/lyc-francois-de-mahy\/wp-content\/uploads\/sites\/61\/2024\/11\/image-3-207x300.png 207w\" sizes=\"auto, (max-width: 557px) 100vw, 557px\" \/><\/figure><div class=\"wp-block-media-text__content\">\n<p><\/p>\n\n\n\n<p><strong>En association avec le Gard\u00e9nia club,<\/strong> <strong>la classe de CAP 1EPC1 vous pr\u00e9sente son projet de vente \u00e9ph\u00e9m\u00e8re de plantes et de pots de fleurs. Ceci se d\u00e9roulera le 10 d\u00e9cembre, en lien avec l&rsquo; hommage au 20 d\u00e9cembre<\/strong>.<\/p>\n<\/div><\/div>\n\n\n\n<div style=\"height:25px\" aria-hidden=\"true\" class=\"wp-block-spacer\"><\/div>\n\n\n\n<p class=\"has-text-align-left\"><strong><em>Gabriel et Kylian vous pr\u00e9sentent cela dans une vid\u00e9o :<\/em><\/strong><\/p>\n\n\n\n<div style=\"height:5px\" aria-hidden=\"true\" class=\"wp-block-spacer\"><\/div>\n\n\n\n<figure class=\"wp-block-video alignleft\"><video height=\"848\" style=\"aspect-ratio: 480 \/ 848;\" width=\"480\" controls poster=\"https:\/\/etab.ac-reunion.fr\/lyc-francois-de-mahy\/wp-content\/uploads\/sites\/61\/2024\/11\/video.png\" src=\"https:\/\/etab.ac-reunion.fr\/lyc-francois-de-mahy\/wp-content\/uploads\/sites\/61\/2024\/11\/VID-20241104-WA0000.mp4\"><\/video><\/figure>\n\n\n\n<div style=\"height:14px\" aria-hidden=\"true\" class=\"wp-block-spacer\"><\/div>\n\n\n\n<p class=\"has-text-align-left\"><strong><em>Les \u00e9l\u00e8ves de C1EPC1, enseignante r\u00e9f\u00e9rente Windy Lebon.<\/em><\/strong><\/p>\n\n\n\n<p><\/p>\n","protected":false},"excerpt":{"rendered":"<p>En association avec le Gard\u00e9nia club, la classe de CAP 1EPC1 vous pr\u00e9sente son projet de vente \u00e9ph\u00e9m\u00e8re de plantes et de pots de fleurs. Ceci se d\u00e9roulera le 10 d\u00e9cembre, en lien avec l&rsquo; hommage au 20 d\u00e9cembre. Gabriel et Kylian vous pr\u00e9sentent cela dans une vid\u00e9o : Les \u00e9l\u00e8ves de C1EPC1, enseignante r\u00e9f\u00e9rente [&hellip;]<\/p>\n","protected":false},"author":19067,"featured_media":27911,"comment_status":"closed","ping_status":"closed","sticky":false,"template":"","format":"standard","meta":{"footnotes":""},"categories":[20],"tags":[],"class_list":["post-27909","post","type-post","status-publish","format-standard","has-post-thumbnail","hentry","category-action-pedagogique"],"_links":{"self":[{"href":"https:\/\/etab.ac-reunion.fr\/lyc-francois-de-mahy\/wp-json\/wp\/v2\/posts\/27909","targetHints":{"allow":["GET"]}}],"collection":[{"href":"https:\/\/etab.ac-reunion.fr\/lyc-francois-de-mahy\/wp-json\/wp\/v2\/posts"}],"about":[{"href":"https:\/\/etab.ac-reunion.fr\/lyc-francois-de-mahy\/wp-json\/wp\/v2\/types\/post"}],"author":[{"embeddable":true,"href":"https:\/\/etab.ac-reunion.fr\/lyc-francois-de-mahy\/wp-json\/wp\/v2\/users\/19067"}],"replies":[{"embeddable":true,"href":"https:\/\/etab.ac-reunion.fr\/lyc-francois-de-mahy\/wp-json\/wp\/v2\/comments?post=27909"}],"version-history":[{"count":43,"href":"https:\/\/etab.ac-reunion.fr\/lyc-francois-de-mahy\/wp-json\/wp\/v2\/posts\/27909\/revisions"}],"predecessor-version":[{"id":28147,"href":"https:\/\/etab.ac-reunion.fr\/lyc-francois-de-mahy\/wp-json\/wp\/v2\/posts\/27909\/revisions\/28147"}],"wp:featuredmedia":[{"embeddable":true,"href":"https:\/\/etab.ac-reunion.fr\/lyc-francois-de-mahy\/wp-json\/wp\/v2\/media\/27911"}],"wp:attachment":[{"href":"https:\/\/etab.ac-reunion.fr\/lyc-francois-de-mahy\/wp-json\/wp\/v2\/media?parent=27909"}],"wp:term":[{"taxonomy":"category","embeddable":true,"href":"https:\/\/etab.ac-reunion.fr\/lyc-francois-de-mahy\/wp-json\/wp\/v2\/categories?post=27909"},{"taxonomy":"post_tag","embeddable":true,"href":"https:\/\/etab.ac-reunion.fr\/lyc-francois-de-mahy\/wp-json\/wp\/v2\/tags?post=27909"}],"curies":[{"name":"wp","href":"https:\/\/api.w.org\/{rel}","templated":true}]}}