{"id":29246,"date":"2025-04-07T16:14:14","date_gmt":"2025-04-07T12:14:14","guid":{"rendered":"https:\/\/etab.ac-reunion.fr\/lyc-francois-de-mahy\/?p=29246"},"modified":"2025-04-19T17:44:01","modified_gmt":"2025-04-19T13:44:01","slug":"atelier-et-entretien-dembauche-au-lycee-le-3-avril","status":"publish","type":"post","link":"https:\/\/etab.ac-reunion.fr\/lyc-francois-de-mahy\/atelier-et-entretien-dembauche-au-lycee-le-3-avril\/","title":{"rendered":"Atelier CV et entretien d&#8217;embauche au lyc\u00e9e"},"content":{"rendered":"\n<p><strong>le Groupe Caill\u00e9, partenaire du lyc\u00e9e Fran\u00e7ois de Mahy, est venu toute la matin\u00e9e de ce jeudi 3 avril 2025 animer un atelier CV et entretien d&#8217;embauche avec des terminales CAP \u00c9quipier Polyvalent du Commerce.<\/strong> <\/p>\n\n\n\n<div style=\"height:6px\" aria-hidden=\"true\" class=\"wp-block-spacer\"><\/div>\n\n\n\n<figure class=\"wp-block-image size-large\"><a href=\"https:\/\/etab.ac-reunion.fr\/lyc-francois-de-mahy\/wp-content\/uploads\/sites\/61\/2025\/04\/1.jpg\"><img loading=\"lazy\" decoding=\"async\" width=\"1024\" height=\"396\" src=\"https:\/\/etab.ac-reunion.fr\/lyc-francois-de-mahy\/wp-content\/uploads\/sites\/61\/2025\/04\/1-1024x396.jpg\" alt=\"\" class=\"wp-image-29247\" srcset=\"https:\/\/etab.ac-reunion.fr\/lyc-francois-de-mahy\/wp-content\/uploads\/sites\/61\/2025\/04\/1-1024x396.jpg 1024w, https:\/\/etab.ac-reunion.fr\/lyc-francois-de-mahy\/wp-content\/uploads\/sites\/61\/2025\/04\/1-300x116.jpg 300w, https:\/\/etab.ac-reunion.fr\/lyc-francois-de-mahy\/wp-content\/uploads\/sites\/61\/2025\/04\/1-768x297.jpg 768w, https:\/\/etab.ac-reunion.fr\/lyc-francois-de-mahy\/wp-content\/uploads\/sites\/61\/2025\/04\/1-1536x594.jpg 1536w, https:\/\/etab.ac-reunion.fr\/lyc-francois-de-mahy\/wp-content\/uploads\/sites\/61\/2025\/04\/1.jpg 1913w\" sizes=\"auto, (max-width: 1024px) 100vw, 1024px\" \/><\/a><\/figure>\n\n\n\n<p>Les \u00e9l\u00e8ves de C2EPC1 se sont pris au jeu et ont bien particip\u00e9.\u00a0<\/p>\n\n\n\n<div style=\"height:6px\" aria-hidden=\"true\" class=\"wp-block-spacer\"><\/div>\n\n\n\n<figure class=\"wp-block-image size-large\"><a href=\"https:\/\/etab.ac-reunion.fr\/lyc-francois-de-mahy\/wp-content\/uploads\/sites\/61\/2025\/04\/3.jpg\"><img loading=\"lazy\" decoding=\"async\" width=\"1024\" height=\"455\" src=\"https:\/\/etab.ac-reunion.fr\/lyc-francois-de-mahy\/wp-content\/uploads\/sites\/61\/2025\/04\/3-1024x455.jpg\" alt=\"\" class=\"wp-image-29248\" srcset=\"https:\/\/etab.ac-reunion.fr\/lyc-francois-de-mahy\/wp-content\/uploads\/sites\/61\/2025\/04\/3-1024x455.jpg 1024w, https:\/\/etab.ac-reunion.fr\/lyc-francois-de-mahy\/wp-content\/uploads\/sites\/61\/2025\/04\/3-300x133.jpg 300w, https:\/\/etab.ac-reunion.fr\/lyc-francois-de-mahy\/wp-content\/uploads\/sites\/61\/2025\/04\/3-768x341.jpg 768w, https:\/\/etab.ac-reunion.fr\/lyc-francois-de-mahy\/wp-content\/uploads\/sites\/61\/2025\/04\/3.jpg 1507w\" sizes=\"auto, (max-width: 1024px) 100vw, 1024px\" \/><\/a><\/figure>\n\n\n\n<figure class=\"wp-block-image size-large\"><a href=\"https:\/\/etab.ac-reunion.fr\/lyc-francois-de-mahy\/wp-content\/uploads\/sites\/61\/2025\/04\/2-1.jpg\"><img loading=\"lazy\" decoding=\"async\" width=\"1024\" height=\"518\" src=\"https:\/\/etab.ac-reunion.fr\/lyc-francois-de-mahy\/wp-content\/uploads\/sites\/61\/2025\/04\/2-1-1024x518.jpg\" alt=\"\" class=\"wp-image-29249\" srcset=\"https:\/\/etab.ac-reunion.fr\/lyc-francois-de-mahy\/wp-content\/uploads\/sites\/61\/2025\/04\/2-1-1024x518.jpg 1024w, https:\/\/etab.ac-reunion.fr\/lyc-francois-de-mahy\/wp-content\/uploads\/sites\/61\/2025\/04\/2-1-300x152.jpg 300w, https:\/\/etab.ac-reunion.fr\/lyc-francois-de-mahy\/wp-content\/uploads\/sites\/61\/2025\/04\/2-1-768x388.jpg 768w, https:\/\/etab.ac-reunion.fr\/lyc-francois-de-mahy\/wp-content\/uploads\/sites\/61\/2025\/04\/2-1-1536x776.jpg 1536w, https:\/\/etab.ac-reunion.fr\/lyc-francois-de-mahy\/wp-content\/uploads\/sites\/61\/2025\/04\/2-1-319x160.jpg 319w, https:\/\/etab.ac-reunion.fr\/lyc-francois-de-mahy\/wp-content\/uploads\/sites\/61\/2025\/04\/2-1.jpg 1638w\" sizes=\"auto, (max-width: 1024px) 100vw, 1024px\" \/><\/a><\/figure>\n\n\n\n<p>Merci beaucoup \u00e0 l&rsquo;\u00e9quipe de D\u00e9veloppement RH du groupe Caill\u00e9 et en particulier \u00e0 Agn\u00e8s Techer et Romain Dijoux pour leur dynamisme lors de cet atelier, et \u00e0 Mesdames Douraguia et Permale pour l&rsquo;encadrement de leurs \u00e9l\u00e8ves.<\/p>\n\n\n\n<p>Le BDE -Bureau des Entreprises- du lyc\u00e9e est l\u00e0 pour que ce type d&rsquo;intervention se multiplie.<\/p>\n\n\n\n<p><\/p>\n\n\n\n<p class=\"has-text-align-center\"><strong><em>Olivier Martelly, responsable du BDE, <\/em><\/strong><\/p>\n\n\n\n<p class=\"has-text-align-center\"><em><a href=\"mailto:bde-lp-francois-de-mahy@ac-reunion.fr\">bde-lp-francois-de-mahy@ac-reunion.fr<\/a><\/em><\/p>\n","protected":false},"excerpt":{"rendered":"<p>le Groupe Caill\u00e9, partenaire du lyc\u00e9e Fran\u00e7ois de Mahy, est venu toute la matin\u00e9e de ce jeudi 3 avril 2025 animer un atelier CV et entretien d&#8217;embauche avec des terminales CAP \u00c9quipier Polyvalent du Commerce. Les \u00e9l\u00e8ves de C2EPC1 se sont pris au jeu et ont bien particip\u00e9.\u00a0 Merci beaucoup \u00e0 l&rsquo;\u00e9quipe de D\u00e9veloppement RH [&hellip;]<\/p>\n","protected":false},"author":19067,"featured_media":29267,"comment_status":"closed","ping_status":"closed","sticky":false,"template":"","format":"standard","meta":{"footnotes":""},"categories":[20],"tags":[],"class_list":["post-29246","post","type-post","status-publish","format-standard","has-post-thumbnail","hentry","category-action-pedagogique"],"_links":{"self":[{"href":"https:\/\/etab.ac-reunion.fr\/lyc-francois-de-mahy\/wp-json\/wp\/v2\/posts\/29246","targetHints":{"allow":["GET"]}}],"collection":[{"href":"https:\/\/etab.ac-reunion.fr\/lyc-francois-de-mahy\/wp-json\/wp\/v2\/posts"}],"about":[{"href":"https:\/\/etab.ac-reunion.fr\/lyc-francois-de-mahy\/wp-json\/wp\/v2\/types\/post"}],"author":[{"embeddable":true,"href":"https:\/\/etab.ac-reunion.fr\/lyc-francois-de-mahy\/wp-json\/wp\/v2\/users\/19067"}],"replies":[{"embeddable":true,"href":"https:\/\/etab.ac-reunion.fr\/lyc-francois-de-mahy\/wp-json\/wp\/v2\/comments?post=29246"}],"version-history":[{"count":11,"href":"https:\/\/etab.ac-reunion.fr\/lyc-francois-de-mahy\/wp-json\/wp\/v2\/posts\/29246\/revisions"}],"predecessor-version":[{"id":29266,"href":"https:\/\/etab.ac-reunion.fr\/lyc-francois-de-mahy\/wp-json\/wp\/v2\/posts\/29246\/revisions\/29266"}],"wp:featuredmedia":[{"embeddable":true,"href":"https:\/\/etab.ac-reunion.fr\/lyc-francois-de-mahy\/wp-json\/wp\/v2\/media\/29267"}],"wp:attachment":[{"href":"https:\/\/etab.ac-reunion.fr\/lyc-francois-de-mahy\/wp-json\/wp\/v2\/media?parent=29246"}],"wp:term":[{"taxonomy":"category","embeddable":true,"href":"https:\/\/etab.ac-reunion.fr\/lyc-francois-de-mahy\/wp-json\/wp\/v2\/categories?post=29246"},{"taxonomy":"post_tag","embeddable":true,"href":"https:\/\/etab.ac-reunion.fr\/lyc-francois-de-mahy\/wp-json\/wp\/v2\/tags?post=29246"}],"curies":[{"name":"wp","href":"https:\/\/api.w.org\/{rel}","templated":true}]}}