{"id":29378,"date":"2025-04-30T09:12:31","date_gmt":"2025-04-30T05:12:31","guid":{"rendered":"https:\/\/etab.ac-reunion.fr\/lyc-francois-de-mahy\/?p=29378"},"modified":"2025-05-18T19:11:03","modified_gmt":"2025-05-18T15:11:03","slug":"visite-des-ateliers-auto-du-rsma-mardi-29-avril-2025","status":"publish","type":"post","link":"https:\/\/etab.ac-reunion.fr\/lyc-francois-de-mahy\/visite-des-ateliers-auto-du-rsma-mardi-29-avril-2025\/","title":{"rendered":"VISITE DES ATELIERS AUTO DU RSMA \u2013 Mardi 29 avril 2025"},"content":{"rendered":"\n<p><strong>Le RSMA de Saint-Pierre a accueilli une quarantaine d\u2019\u00e9l\u00e8ves des classes de premi\u00e8res Maintenance des V\u00e9hicules du lyc\u00e9e Fran\u00e7ois de Mahy le mardi 29 avril 2025 \u00e0 Saint-Pierre.<\/strong><\/p>\n\n\n\n<p>Pendant plus de deux heures, le Lieutenant-Colonel Gonzalez, Directeur de la maintenance et de la logistique, dont les services g\u00e8rent et entretiennent pr\u00e8s de 200 v\u00e9hicules, accompagn\u00e9 de l\u2019Adjudant-Chef Pierre, chef du bureau recrutement sud, ont pr\u00e9sent\u00e9 aux \u00e9l\u00e8ves les ateliers, les activit\u00e9s et les parcours possibles au RSMA \u00e0 ces \u00e9l\u00e8ves attentifs et int\u00e9ress\u00e9s par ces possibilit\u00e9s uniques.<\/p>\n\n\n\n<p><\/p>\n\n\n\n<figure class=\"wp-block-gallery has-nested-images columns-default is-cropped wp-block-gallery-1 is-layout-flex wp-block-gallery-is-layout-flex\">\n<figure class=\"wp-block-image size-large\"><a href=\"https:\/\/etab.ac-reunion.fr\/lyc-francois-de-mahy\/wp-content\/uploads\/sites\/61\/2025\/04\/7-1.jpg\"><img loading=\"lazy\" decoding=\"async\" width=\"434\" height=\"942\" data-id=\"29386\" src=\"https:\/\/etab.ac-reunion.fr\/lyc-francois-de-mahy\/wp-content\/uploads\/sites\/61\/2025\/04\/7-1.jpg\" alt=\"\" class=\"wp-image-29386\" srcset=\"https:\/\/etab.ac-reunion.fr\/lyc-francois-de-mahy\/wp-content\/uploads\/sites\/61\/2025\/04\/7-1.jpg 434w, https:\/\/etab.ac-reunion.fr\/lyc-francois-de-mahy\/wp-content\/uploads\/sites\/61\/2025\/04\/7-1-138x300.jpg 138w\" sizes=\"auto, (max-width: 434px) 100vw, 434px\" \/><\/a><\/figure>\n\n\n\n<figure class=\"wp-block-image size-full\"><a href=\"https:\/\/etab.ac-reunion.fr\/lyc-francois-de-mahy\/wp-content\/uploads\/sites\/61\/2025\/04\/5-1.jpg\"><img loading=\"lazy\" decoding=\"async\" width=\"435\" height=\"886\" data-id=\"29384\" src=\"https:\/\/etab.ac-reunion.fr\/lyc-francois-de-mahy\/wp-content\/uploads\/sites\/61\/2025\/04\/5-1.jpg\" alt=\"\" class=\"wp-image-29384\" srcset=\"https:\/\/etab.ac-reunion.fr\/lyc-francois-de-mahy\/wp-content\/uploads\/sites\/61\/2025\/04\/5-1.jpg 435w, https:\/\/etab.ac-reunion.fr\/lyc-francois-de-mahy\/wp-content\/uploads\/sites\/61\/2025\/04\/5-1-147x300.jpg 147w\" sizes=\"auto, (max-width: 435px) 100vw, 435px\" \/><\/a><\/figure>\n<\/figure>\n\n\n\n<p>Le RSMA de Saint-Pierre accueille chaque jour pr\u00e8s de 1300 personnes, dont environ 300 cadres militaires, 300 Volontaires Techniciens et 300 Volontaires Stagiaires. Les Volontaires ne passant que 1 \u00e0 5 ans au RSMA, le Bureau du Recrutement recherche chaque ann\u00e9e pr\u00e8s de 200 nouveaux volontaires. Une opportunit\u00e9 pour les jeunes r\u00e9unionnais voulant parfaire une formation ou une exp\u00e9rience professionnelle.<\/p>\n\n\n\n<p><\/p>\n\n\n\n<figure class=\"wp-block-gallery has-nested-images columns-default is-cropped wp-block-gallery-2 is-layout-flex wp-block-gallery-is-layout-flex\">\n<figure class=\"wp-block-image size-large\"><a href=\"https:\/\/etab.ac-reunion.fr\/lyc-francois-de-mahy\/wp-content\/uploads\/sites\/61\/2025\/04\/4-4.jpg\"><img loading=\"lazy\" decoding=\"async\" width=\"379\" height=\"789\" data-id=\"29383\" src=\"https:\/\/etab.ac-reunion.fr\/lyc-francois-de-mahy\/wp-content\/uploads\/sites\/61\/2025\/04\/4-4.jpg\" alt=\"\" class=\"wp-image-29383\" srcset=\"https:\/\/etab.ac-reunion.fr\/lyc-francois-de-mahy\/wp-content\/uploads\/sites\/61\/2025\/04\/4-4.jpg 379w, https:\/\/etab.ac-reunion.fr\/lyc-francois-de-mahy\/wp-content\/uploads\/sites\/61\/2025\/04\/4-4-144x300.jpg 144w\" sizes=\"auto, (max-width: 379px) 100vw, 379px\" \/><\/a><\/figure>\n\n\n\n<figure class=\"wp-block-image size-full\"><a href=\"https:\/\/etab.ac-reunion.fr\/lyc-francois-de-mahy\/wp-content\/uploads\/sites\/61\/2025\/04\/3-5.jpg\"><img loading=\"lazy\" decoding=\"async\" width=\"381\" height=\"755\" data-id=\"29382\" src=\"https:\/\/etab.ac-reunion.fr\/lyc-francois-de-mahy\/wp-content\/uploads\/sites\/61\/2025\/04\/3-5.jpg\" alt=\"\" class=\"wp-image-29382\" srcset=\"https:\/\/etab.ac-reunion.fr\/lyc-francois-de-mahy\/wp-content\/uploads\/sites\/61\/2025\/04\/3-5.jpg 381w, https:\/\/etab.ac-reunion.fr\/lyc-francois-de-mahy\/wp-content\/uploads\/sites\/61\/2025\/04\/3-5-151x300.jpg 151w\" sizes=\"auto, (max-width: 381px) 100vw, 381px\" \/><\/a><\/figure>\n<\/figure>\n\n\n\n<p>Le R\u00e9giment du Service Militaire Adapt\u00e9 est un centre de formation d\u00e9pendant du Minist\u00e8re de l\u2019Outre-Mer et du Minist\u00e8re de l\u2019Int\u00e9rieur, ceci dans un cadre militaire. Les lyc\u00e9ens et les enseignants ont pu d\u00e9couvrir ce statut particulier n\u2019existant qu\u2019en outre-mer et permettant des parcours tr\u00e8s vari\u00e9s vers l\u2019insertion professionnelle des jeunes.<\/p>\n\n\n\n<p><\/p>\n\n\n\n<figure class=\"wp-block-gallery has-nested-images columns-default is-cropped wp-block-gallery-3 is-layout-flex wp-block-gallery-is-layout-flex\">\n<figure class=\"wp-block-image size-large\"><a href=\"https:\/\/etab.ac-reunion.fr\/lyc-francois-de-mahy\/wp-content\/uploads\/sites\/61\/2025\/04\/6-1.jpg\"><img loading=\"lazy\" decoding=\"async\" width=\"381\" height=\"783\" data-id=\"29385\" src=\"https:\/\/etab.ac-reunion.fr\/lyc-francois-de-mahy\/wp-content\/uploads\/sites\/61\/2025\/04\/6-1.jpg\" alt=\"\" class=\"wp-image-29385\" srcset=\"https:\/\/etab.ac-reunion.fr\/lyc-francois-de-mahy\/wp-content\/uploads\/sites\/61\/2025\/04\/6-1.jpg 381w, https:\/\/etab.ac-reunion.fr\/lyc-francois-de-mahy\/wp-content\/uploads\/sites\/61\/2025\/04\/6-1-146x300.jpg 146w\" sizes=\"auto, (max-width: 381px) 100vw, 381px\" \/><\/a><\/figure>\n\n\n\n<figure class=\"wp-block-image size-large\"><a href=\"https:\/\/etab.ac-reunion.fr\/lyc-francois-de-mahy\/wp-content\/uploads\/sites\/61\/2025\/04\/8.jpg\"><img loading=\"lazy\" decoding=\"async\" width=\"382\" height=\"769\" data-id=\"29387\" src=\"https:\/\/etab.ac-reunion.fr\/lyc-francois-de-mahy\/wp-content\/uploads\/sites\/61\/2025\/04\/8.jpg\" alt=\"\" class=\"wp-image-29387\" srcset=\"https:\/\/etab.ac-reunion.fr\/lyc-francois-de-mahy\/wp-content\/uploads\/sites\/61\/2025\/04\/8.jpg 382w, https:\/\/etab.ac-reunion.fr\/lyc-francois-de-mahy\/wp-content\/uploads\/sites\/61\/2025\/04\/8-149x300.jpg 149w\" sizes=\"auto, (max-width: 382px) 100vw, 382px\" \/><\/a><\/figure>\n<\/figure>\n\n\n\n<p><\/p>\n\n\n\n<p>Lors de cette visite, nous avons rencontr\u00e9 trois anciens \u00e9l\u00e8ves du lyc\u00e9e Fran\u00e7ois de Mahy, actuellement volontaires au RSMA, qui ont pu \u00e9changer entre pairs avec les \u00e9l\u00e8ves visiteurs.<\/p>\n\n\n\n<p>Un grand merci aux personnels des ateliers qui nous ont re\u00e7u et pr\u00e9sent\u00e9 leurs activit\u00e9s et leurs cadres de vie et de travail.<\/p>\n\n\n\n<p><\/p>\n\n\n\n<p class=\"has-text-align-center\"><strong><em>Olivier Martelly : <a href=\"mailto:bde-lp-francois-de-mahy@ac-reunion.fr\">bde-lp-francois-de-mahy@ac-reunion.fr<\/a><\/em><\/strong><\/p>\n","protected":false},"excerpt":{"rendered":"<p>Le RSMA de Saint-Pierre a accueilli une quarantaine d\u2019\u00e9l\u00e8ves des classes de premi\u00e8res Maintenance des V\u00e9hicules du lyc\u00e9e Fran\u00e7ois de Mahy le mardi 29 avril 2025 \u00e0 Saint-Pierre. Pendant plus de deux heures, le Lieutenant-Colonel Gonzalez, Directeur de la maintenance et de la logistique, dont les services g\u00e8rent et entretiennent pr\u00e8s de 200 v\u00e9hicules, accompagn\u00e9 [&hellip;]<\/p>\n","protected":false},"author":19067,"featured_media":29389,"comment_status":"closed","ping_status":"closed","sticky":false,"template":"","format":"standard","meta":{"footnotes":""},"categories":[20],"tags":[],"class_list":["post-29378","post","type-post","status-publish","format-standard","has-post-thumbnail","hentry","category-action-pedagogique"],"_links":{"self":[{"href":"https:\/\/etab.ac-reunion.fr\/lyc-francois-de-mahy\/wp-json\/wp\/v2\/posts\/29378","targetHints":{"allow":["GET"]}}],"collection":[{"href":"https:\/\/etab.ac-reunion.fr\/lyc-francois-de-mahy\/wp-json\/wp\/v2\/posts"}],"about":[{"href":"https:\/\/etab.ac-reunion.fr\/lyc-francois-de-mahy\/wp-json\/wp\/v2\/types\/post"}],"author":[{"embeddable":true,"href":"https:\/\/etab.ac-reunion.fr\/lyc-francois-de-mahy\/wp-json\/wp\/v2\/users\/19067"}],"replies":[{"embeddable":true,"href":"https:\/\/etab.ac-reunion.fr\/lyc-francois-de-mahy\/wp-json\/wp\/v2\/comments?post=29378"}],"version-history":[{"count":11,"href":"https:\/\/etab.ac-reunion.fr\/lyc-francois-de-mahy\/wp-json\/wp\/v2\/posts\/29378\/revisions"}],"predecessor-version":[{"id":29400,"href":"https:\/\/etab.ac-reunion.fr\/lyc-francois-de-mahy\/wp-json\/wp\/v2\/posts\/29378\/revisions\/29400"}],"wp:featuredmedia":[{"embeddable":true,"href":"https:\/\/etab.ac-reunion.fr\/lyc-francois-de-mahy\/wp-json\/wp\/v2\/media\/29389"}],"wp:attachment":[{"href":"https:\/\/etab.ac-reunion.fr\/lyc-francois-de-mahy\/wp-json\/wp\/v2\/media?parent=29378"}],"wp:term":[{"taxonomy":"category","embeddable":true,"href":"https:\/\/etab.ac-reunion.fr\/lyc-francois-de-mahy\/wp-json\/wp\/v2\/categories?post=29378"},{"taxonomy":"post_tag","embeddable":true,"href":"https:\/\/etab.ac-reunion.fr\/lyc-francois-de-mahy\/wp-json\/wp\/v2\/tags?post=29378"}],"curies":[{"name":"wp","href":"https:\/\/api.w.org\/{rel}","templated":true}]}}