{"id":29401,"date":"2025-04-30T16:59:07","date_gmt":"2025-04-30T12:59:07","guid":{"rendered":"https:\/\/etab.ac-reunion.fr\/lyc-francois-de-mahy\/?p=29401"},"modified":"2025-05-21T16:42:18","modified_gmt":"2025-05-21T12:42:18","slug":"journee-de-la-mixite-decouverte-des-metiers-de-la-concession-peugeot-canabady-jeudi-24-avril-2025","status":"publish","type":"post","link":"https:\/\/etab.ac-reunion.fr\/lyc-francois-de-mahy\/journee-de-la-mixite-decouverte-des-metiers-de-la-concession-peugeot-canabady-jeudi-24-avril-2025\/","title":{"rendered":"JOURN\u00c9E DE LA MIXIT\u00c9 \u2013 D\u00e9couverte des m\u00e9tiers de la concession PEUGEOT CANABADY \u2013 Jeudi 24 avril"},"content":{"rendered":"\n<p><strong>\u00c0 l\u2019occasion de la journ\u00e9e de la mixit\u00e9, le groupe CAILL\u00c9 et son super service de D\u00e9veloppement RH, a propos\u00e9 au Bureau des Entreprises du LYC\u00c9E FRANCOIS DE MAHY de faire d\u00e9couvrir aux lyc\u00e9ens, les nombreux m\u00e9tiers d\u2019une concession Peugeot.<\/strong><\/p>\n\n\n\n<p><\/p>\n\n\n\n<figure class=\"wp-block-gallery has-nested-images columns-default is-cropped wp-block-gallery-1 is-layout-flex wp-block-gallery-is-layout-flex\">\n<figure class=\"wp-block-image size-large\"><a href=\"https:\/\/etab.ac-reunion.fr\/lyc-francois-de-mahy\/wp-content\/uploads\/sites\/61\/2025\/04\/4-5.jpg\"><img loading=\"lazy\" decoding=\"async\" width=\"434\" height=\"941\" data-id=\"29406\" src=\"https:\/\/etab.ac-reunion.fr\/lyc-francois-de-mahy\/wp-content\/uploads\/sites\/61\/2025\/04\/4-5.jpg\" alt=\"\" class=\"wp-image-29406\" srcset=\"https:\/\/etab.ac-reunion.fr\/lyc-francois-de-mahy\/wp-content\/uploads\/sites\/61\/2025\/04\/4-5.jpg 434w, https:\/\/etab.ac-reunion.fr\/lyc-francois-de-mahy\/wp-content\/uploads\/sites\/61\/2025\/04\/4-5-138x300.jpg 138w\" sizes=\"auto, (max-width: 434px) 100vw, 434px\" \/><\/a><\/figure>\n\n\n\n<figure class=\"wp-block-image size-large\"><a href=\"https:\/\/etab.ac-reunion.fr\/lyc-francois-de-mahy\/wp-content\/uploads\/sites\/61\/2025\/04\/2-8.jpg\"><img loading=\"lazy\" decoding=\"async\" width=\"433\" height=\"943\" data-id=\"29404\" src=\"https:\/\/etab.ac-reunion.fr\/lyc-francois-de-mahy\/wp-content\/uploads\/sites\/61\/2025\/04\/2-8.jpg\" alt=\"\" class=\"wp-image-29404\" srcset=\"https:\/\/etab.ac-reunion.fr\/lyc-francois-de-mahy\/wp-content\/uploads\/sites\/61\/2025\/04\/2-8.jpg 433w, https:\/\/etab.ac-reunion.fr\/lyc-francois-de-mahy\/wp-content\/uploads\/sites\/61\/2025\/04\/2-8-138x300.jpg 138w\" sizes=\"auto, (max-width: 433px) 100vw, 433px\" \/><\/a><\/figure>\n<\/figure>\n\n\n\n<p>Les \u00e9l\u00e8ves de seconde de la fili\u00e8re professionnelle MRC- M\u00e9tiers de la Relation Client et ceux de Pr\u00e9pa Foquale \u2013 Formation Qualification Emploi, ont pu profiter de cette visite tr\u00e8s compl\u00e8te&nbsp;:<\/p>\n\n\n\n<p>\u00b7&nbsp;&nbsp;&nbsp;&nbsp;&nbsp;&nbsp; Accueil collectif par M. Aristide MOREAU de l\u2019OPCO Mobilit\u00e9s, qui a pu leur pr\u00e9senter de fa\u00e7on tr\u00e8s dynamique, l\u2019\u00e9tendue des activit\u00e9s li\u00e9es \u00e0 la mobilit\u00e9 et quelques m\u00e9tiers li\u00e9s au secteur.<\/p>\n\n\n\n<p><\/p>\n\n\n\n<figure class=\"wp-block-gallery has-nested-images columns-default is-cropped wp-block-gallery-2 is-layout-flex wp-block-gallery-is-layout-flex\">\n<figure class=\"wp-block-image size-large\"><a href=\"https:\/\/etab.ac-reunion.fr\/lyc-francois-de-mahy\/wp-content\/uploads\/sites\/61\/2025\/04\/6-2.jpg\"><img loading=\"lazy\" decoding=\"async\" width=\"1024\" height=\"473\" data-id=\"29408\" src=\"https:\/\/etab.ac-reunion.fr\/lyc-francois-de-mahy\/wp-content\/uploads\/sites\/61\/2025\/04\/6-2-1024x473.jpg\" alt=\"\" class=\"wp-image-29408\" srcset=\"https:\/\/etab.ac-reunion.fr\/lyc-francois-de-mahy\/wp-content\/uploads\/sites\/61\/2025\/04\/6-2-1024x473.jpg 1024w, https:\/\/etab.ac-reunion.fr\/lyc-francois-de-mahy\/wp-content\/uploads\/sites\/61\/2025\/04\/6-2-300x139.jpg 300w, https:\/\/etab.ac-reunion.fr\/lyc-francois-de-mahy\/wp-content\/uploads\/sites\/61\/2025\/04\/6-2-768x355.jpg 768w, https:\/\/etab.ac-reunion.fr\/lyc-francois-de-mahy\/wp-content\/uploads\/sites\/61\/2025\/04\/6-2.jpg 1099w\" sizes=\"auto, (max-width: 1024px) 100vw, 1024px\" \/><\/a><\/figure>\n<\/figure>\n\n\n\n<p>Visite des diff\u00e9rents services de la concession&nbsp;:<\/p>\n\n\n\n<p>\u00b7&nbsp;&nbsp;&nbsp;&nbsp;&nbsp;&nbsp; SAV pi\u00e8ces d\u00e9tach\u00e9es<\/p>\n\n\n\n<p>\u00b7&nbsp;&nbsp;&nbsp;&nbsp;&nbsp;&nbsp; Vente<\/p>\n\n\n\n<p>\u00b7&nbsp;&nbsp;&nbsp;&nbsp;&nbsp;&nbsp; Communication<\/p>\n\n\n\n<p>\u00b7&nbsp;&nbsp;&nbsp;&nbsp;&nbsp;&nbsp; R\u00e9ception<\/p>\n\n\n\n<p>\u00b7&nbsp;&nbsp;&nbsp;&nbsp;&nbsp;&nbsp; Ateliers<\/p>\n\n\n\n<p>\u00b7&nbsp;&nbsp;&nbsp;&nbsp;&nbsp;&nbsp; Pr\u00e9paration des v\u00e9hicules neufs<\/p>\n\n\n\n<p><\/p>\n\n\n\n<figure class=\"wp-block-gallery has-nested-images columns-default is-cropped wp-block-gallery-3 is-layout-flex wp-block-gallery-is-layout-flex\">\n<figure class=\"wp-block-image size-full\"><a href=\"https:\/\/etab.ac-reunion.fr\/lyc-francois-de-mahy\/wp-content\/uploads\/sites\/61\/2025\/04\/3-6.jpg\"><img loading=\"lazy\" decoding=\"async\" width=\"434\" height=\"945\" data-id=\"29405\" src=\"https:\/\/etab.ac-reunion.fr\/lyc-francois-de-mahy\/wp-content\/uploads\/sites\/61\/2025\/04\/3-6.jpg\" alt=\"\" class=\"wp-image-29405\" srcset=\"https:\/\/etab.ac-reunion.fr\/lyc-francois-de-mahy\/wp-content\/uploads\/sites\/61\/2025\/04\/3-6.jpg 434w, https:\/\/etab.ac-reunion.fr\/lyc-francois-de-mahy\/wp-content\/uploads\/sites\/61\/2025\/04\/3-6-138x300.jpg 138w\" sizes=\"auto, (max-width: 434px) 100vw, 434px\" \/><\/a><\/figure>\n\n\n\n<figure class=\"wp-block-image size-large\"><a href=\"https:\/\/etab.ac-reunion.fr\/lyc-francois-de-mahy\/wp-content\/uploads\/sites\/61\/2025\/04\/1-5.jpg\"><img loading=\"lazy\" decoding=\"async\" width=\"381\" height=\"778\" data-id=\"29403\" src=\"https:\/\/etab.ac-reunion.fr\/lyc-francois-de-mahy\/wp-content\/uploads\/sites\/61\/2025\/04\/1-5.jpg\" alt=\"\" class=\"wp-image-29403\" srcset=\"https:\/\/etab.ac-reunion.fr\/lyc-francois-de-mahy\/wp-content\/uploads\/sites\/61\/2025\/04\/1-5.jpg 381w, https:\/\/etab.ac-reunion.fr\/lyc-francois-de-mahy\/wp-content\/uploads\/sites\/61\/2025\/04\/1-5-147x300.jpg 147w\" sizes=\"auto, (max-width: 381px) 100vw, 381px\" \/><\/a><\/figure>\n<\/figure>\n\n\n\n<figure class=\"wp-block-gallery has-nested-images columns-default is-cropped wp-block-gallery-4 is-layout-flex wp-block-gallery-is-layout-flex\">\n<figure class=\"wp-block-image size-large\"><a href=\"https:\/\/etab.ac-reunion.fr\/lyc-francois-de-mahy\/wp-content\/uploads\/sites\/61\/2025\/04\/7-2.jpg\"><img loading=\"lazy\" decoding=\"async\" width=\"1024\" height=\"471\" data-id=\"29409\" src=\"https:\/\/etab.ac-reunion.fr\/lyc-francois-de-mahy\/wp-content\/uploads\/sites\/61\/2025\/04\/7-2-1024x471.jpg\" alt=\"\" class=\"wp-image-29409\" srcset=\"https:\/\/etab.ac-reunion.fr\/lyc-francois-de-mahy\/wp-content\/uploads\/sites\/61\/2025\/04\/7-2-1024x471.jpg 1024w, https:\/\/etab.ac-reunion.fr\/lyc-francois-de-mahy\/wp-content\/uploads\/sites\/61\/2025\/04\/7-2-300x138.jpg 300w, https:\/\/etab.ac-reunion.fr\/lyc-francois-de-mahy\/wp-content\/uploads\/sites\/61\/2025\/04\/7-2-768x353.jpg 768w, https:\/\/etab.ac-reunion.fr\/lyc-francois-de-mahy\/wp-content\/uploads\/sites\/61\/2025\/04\/7-2.jpg 1100w\" sizes=\"auto, (max-width: 1024px) 100vw, 1024px\" \/><\/a><\/figure>\n<\/figure>\n\n\n\n<p>Un aper\u00e7u complet qui a permis \u00e0 des \u00e9l\u00e8ves de diff\u00e9rentes fili\u00e8res de se projeter professionnellement et de poser toutes leurs questions aux professionnels.<\/p>\n\n\n\n<p>Un grand merci \u00e0 Mme C\u00e9line Bosredon, Mme Agn\u00e8s Techer et M. Romain Dijoux pour leur organisation, ainsi qu\u2019\u00e0 tout le personnel de la concession qui a d\u00fb vivre une journ\u00e9e quelque peu perturb\u00e9e par ces nombreux visiteurs.<\/p>\n\n\n\n<p>En esp\u00e9rant que nous poursuivrons les partenariats pour les jeunes des fili\u00e8res Maintenance des V\u00e9hicules, Peinture et Carrosserie et Commerce du Lyc\u00e9e Fran\u00e7ois de Mahy.<\/p>\n\n\n\n<p><\/p>\n\n\n\n<p class=\"has-text-align-center\"><strong><em>Olivier Martelly : <a href=\"mailto:bde-lp-francois-de-mahy@ac-reunion.fr\">bde-lp-francois-de-mahy@ac-reunion.fr<\/a><\/em><\/strong><\/p>\n","protected":false},"excerpt":{"rendered":"<p>\u00c0 l\u2019occasion de la journ\u00e9e de la mixit\u00e9, le groupe CAILL\u00c9 et son super service de D\u00e9veloppement RH, a propos\u00e9 au Bureau des Entreprises du LYC\u00c9E FRANCOIS DE MAHY de faire d\u00e9couvrir aux lyc\u00e9ens, les nombreux m\u00e9tiers d\u2019une concession Peugeot. Les \u00e9l\u00e8ves de seconde de la fili\u00e8re professionnelle MRC- M\u00e9tiers de la Relation Client et [&hellip;]<\/p>\n","protected":false},"author":19067,"featured_media":29414,"comment_status":"closed","ping_status":"closed","sticky":false,"template":"","format":"standard","meta":{"footnotes":""},"categories":[20],"tags":[],"class_list":["post-29401","post","type-post","status-publish","format-standard","has-post-thumbnail","hentry","category-action-pedagogique"],"_links":{"self":[{"href":"https:\/\/etab.ac-reunion.fr\/lyc-francois-de-mahy\/wp-json\/wp\/v2\/posts\/29401","targetHints":{"allow":["GET"]}}],"collection":[{"href":"https:\/\/etab.ac-reunion.fr\/lyc-francois-de-mahy\/wp-json\/wp\/v2\/posts"}],"about":[{"href":"https:\/\/etab.ac-reunion.fr\/lyc-francois-de-mahy\/wp-json\/wp\/v2\/types\/post"}],"author":[{"embeddable":true,"href":"https:\/\/etab.ac-reunion.fr\/lyc-francois-de-mahy\/wp-json\/wp\/v2\/users\/19067"}],"replies":[{"embeddable":true,"href":"https:\/\/etab.ac-reunion.fr\/lyc-francois-de-mahy\/wp-json\/wp\/v2\/comments?post=29401"}],"version-history":[{"count":9,"href":"https:\/\/etab.ac-reunion.fr\/lyc-francois-de-mahy\/wp-json\/wp\/v2\/posts\/29401\/revisions"}],"predecessor-version":[{"id":29429,"href":"https:\/\/etab.ac-reunion.fr\/lyc-francois-de-mahy\/wp-json\/wp\/v2\/posts\/29401\/revisions\/29429"}],"wp:featuredmedia":[{"embeddable":true,"href":"https:\/\/etab.ac-reunion.fr\/lyc-francois-de-mahy\/wp-json\/wp\/v2\/media\/29414"}],"wp:attachment":[{"href":"https:\/\/etab.ac-reunion.fr\/lyc-francois-de-mahy\/wp-json\/wp\/v2\/media?parent=29401"}],"wp:term":[{"taxonomy":"category","embeddable":true,"href":"https:\/\/etab.ac-reunion.fr\/lyc-francois-de-mahy\/wp-json\/wp\/v2\/categories?post=29401"},{"taxonomy":"post_tag","embeddable":true,"href":"https:\/\/etab.ac-reunion.fr\/lyc-francois-de-mahy\/wp-json\/wp\/v2\/tags?post=29401"}],"curies":[{"name":"wp","href":"https:\/\/api.w.org\/{rel}","templated":true}]}}