{"id":30207,"date":"2025-07-04T06:22:10","date_gmt":"2025-07-04T02:22:10","guid":{"rendered":"https:\/\/etab.ac-reunion.fr\/lyc-francois-de-mahy\/?p=30207"},"modified":"2025-11-19T14:21:55","modified_gmt":"2025-11-19T10:21:55","slug":"seance-changement-de-pare-brise-et-reparation-chez-carglass-pour-des-professeurs-du-lycee","status":"publish","type":"post","link":"https:\/\/etab.ac-reunion.fr\/lyc-francois-de-mahy\/seance-changement-de-pare-brise-et-reparation-chez-carglass-pour-des-professeurs-du-lycee\/","title":{"rendered":"S\u00e9ance changement de pare-brise et r\u00e9paration chez CARGLASS pour des professeurs du lyc\u00e9e"},"content":{"rendered":"\n<p><strong>Le centre de Carglass de Saint-Pierre, son \u00e9quipe de techniciens et le formateur-expert de la marque ont\u00a0 bien voulu accueillir pendant toute une matin\u00e9e, une dizaine d\u2019enseignants de m\u00e9canique et de carrosserie pour des d\u00e9monstrations de changement de pare-brise, de r\u00e9paration d\u2019impact et de r\u00e9glage des cam\u00e9ras (DAS)<\/strong><\/p>\n\n\n\n<p>Le m\u00e9tier de carrosserie \u00e9volue et la r\u00e9paration de la vitrerie, le r\u00e9glage et param\u00e9trage du DAS &#8211; Driver Assistance System (l&rsquo;aide au stationnement, le r\u00e9gulateur adaptatif de vitesse (ACC), la vision t\u00eate-haute (HUD), l&rsquo;aide au maintien de trajectoire ou l&rsquo;aide \u00e0 la vision nocturne) font partie int\u00e9grante du m\u00e9tier et de la formation d\u2019un carrossier.<\/p>\n\n\n\n<figure class=\"wp-block-image size-large\"><a href=\"https:\/\/etab.ac-reunion.fr\/lyc-francois-de-mahy\/wp-content\/uploads\/sites\/61\/2025\/07\/10.jpg\"><img loading=\"lazy\" decoding=\"async\" width=\"1024\" height=\"469\" src=\"https:\/\/etab.ac-reunion.fr\/lyc-francois-de-mahy\/wp-content\/uploads\/sites\/61\/2025\/07\/10-1024x469.jpg\" alt=\"\" class=\"wp-image-30219\" srcset=\"https:\/\/etab.ac-reunion.fr\/lyc-francois-de-mahy\/wp-content\/uploads\/sites\/61\/2025\/07\/10-1024x469.jpg 1024w, https:\/\/etab.ac-reunion.fr\/lyc-francois-de-mahy\/wp-content\/uploads\/sites\/61\/2025\/07\/10-300x138.jpg 300w, https:\/\/etab.ac-reunion.fr\/lyc-francois-de-mahy\/wp-content\/uploads\/sites\/61\/2025\/07\/10-768x352.jpg 768w, https:\/\/etab.ac-reunion.fr\/lyc-francois-de-mahy\/wp-content\/uploads\/sites\/61\/2025\/07\/10.jpg 1416w\" sizes=\"auto, (max-width: 1024px) 100vw, 1024px\" \/><\/a><\/figure>\n\n\n\n<figure class=\"wp-block-image size-large\"><a href=\"https:\/\/etab.ac-reunion.fr\/lyc-francois-de-mahy\/wp-content\/uploads\/sites\/61\/2025\/07\/5.jpg\"><img loading=\"lazy\" decoding=\"async\" width=\"1024\" height=\"468\" src=\"https:\/\/etab.ac-reunion.fr\/lyc-francois-de-mahy\/wp-content\/uploads\/sites\/61\/2025\/07\/5-1024x468.jpg\" alt=\"\" class=\"wp-image-30208\" srcset=\"https:\/\/etab.ac-reunion.fr\/lyc-francois-de-mahy\/wp-content\/uploads\/sites\/61\/2025\/07\/5-1024x468.jpg 1024w, https:\/\/etab.ac-reunion.fr\/lyc-francois-de-mahy\/wp-content\/uploads\/sites\/61\/2025\/07\/5-300x137.jpg 300w, https:\/\/etab.ac-reunion.fr\/lyc-francois-de-mahy\/wp-content\/uploads\/sites\/61\/2025\/07\/5-768x351.jpg 768w, https:\/\/etab.ac-reunion.fr\/lyc-francois-de-mahy\/wp-content\/uploads\/sites\/61\/2025\/07\/5.jpg 1419w\" sizes=\"auto, (max-width: 1024px) 100vw, 1024px\" \/><\/a><\/figure>\n\n\n\n<p>Les enseignants des fili\u00e8res Carrosserie et Maintenance des V\u00e9hicules du lyc\u00e9e Fran\u00e7ois de Mahy de Saint-Pierre ont pu voir, se faire expliquer et pratiquer les m\u00e9thodes de r\u00e9paration et outils de Carglass.<\/p>\n\n\n\n<figure class=\"wp-block-gallery has-nested-images columns-default is-cropped wp-block-gallery-1 is-layout-flex wp-block-gallery-is-layout-flex\">\n<figure class=\"wp-block-image size-full\"><a href=\"https:\/\/etab.ac-reunion.fr\/lyc-francois-de-mahy\/wp-content\/uploads\/sites\/61\/2025\/07\/9.jpg\"><img loading=\"lazy\" decoding=\"async\" width=\"434\" height=\"939\" data-id=\"30218\" src=\"https:\/\/etab.ac-reunion.fr\/lyc-francois-de-mahy\/wp-content\/uploads\/sites\/61\/2025\/07\/9.jpg\" alt=\"\" class=\"wp-image-30218\" srcset=\"https:\/\/etab.ac-reunion.fr\/lyc-francois-de-mahy\/wp-content\/uploads\/sites\/61\/2025\/07\/9.jpg 434w, https:\/\/etab.ac-reunion.fr\/lyc-francois-de-mahy\/wp-content\/uploads\/sites\/61\/2025\/07\/9-139x300.jpg 139w\" sizes=\"auto, (max-width: 434px) 100vw, 434px\" \/><\/a><\/figure>\n\n\n\n<figure class=\"wp-block-image size-large\"><a href=\"https:\/\/etab.ac-reunion.fr\/lyc-francois-de-mahy\/wp-content\/uploads\/sites\/61\/2025\/07\/6.jpg\"><img loading=\"lazy\" decoding=\"async\" width=\"432\" height=\"936\" data-id=\"30213\" src=\"https:\/\/etab.ac-reunion.fr\/lyc-francois-de-mahy\/wp-content\/uploads\/sites\/61\/2025\/07\/6.jpg\" alt=\"\" class=\"wp-image-30213\" srcset=\"https:\/\/etab.ac-reunion.fr\/lyc-francois-de-mahy\/wp-content\/uploads\/sites\/61\/2025\/07\/6.jpg 432w, https:\/\/etab.ac-reunion.fr\/lyc-francois-de-mahy\/wp-content\/uploads\/sites\/61\/2025\/07\/6-138x300.jpg 138w\" sizes=\"auto, (max-width: 432px) 100vw, 432px\" \/><\/a><\/figure>\n\n\n\n<figure class=\"wp-block-image size-large\"><a href=\"https:\/\/etab.ac-reunion.fr\/lyc-francois-de-mahy\/wp-content\/uploads\/sites\/61\/2025\/07\/7.jpg\"><img loading=\"lazy\" decoding=\"async\" width=\"436\" height=\"911\" data-id=\"30212\" src=\"https:\/\/etab.ac-reunion.fr\/lyc-francois-de-mahy\/wp-content\/uploads\/sites\/61\/2025\/07\/7.jpg\" alt=\"\" class=\"wp-image-30212\" srcset=\"https:\/\/etab.ac-reunion.fr\/lyc-francois-de-mahy\/wp-content\/uploads\/sites\/61\/2025\/07\/7.jpg 436w, https:\/\/etab.ac-reunion.fr\/lyc-francois-de-mahy\/wp-content\/uploads\/sites\/61\/2025\/07\/7-144x300.jpg 144w\" sizes=\"auto, (max-width: 436px) 100vw, 436px\" \/><\/a><\/figure>\n<\/figure>\n\n\n\n<figure class=\"wp-block-image size-large\"><a href=\"https:\/\/etab.ac-reunion.fr\/lyc-francois-de-mahy\/wp-content\/uploads\/sites\/61\/2025\/07\/4.jpg\"><img loading=\"lazy\" decoding=\"async\" width=\"1024\" height=\"469\" src=\"https:\/\/etab.ac-reunion.fr\/lyc-francois-de-mahy\/wp-content\/uploads\/sites\/61\/2025\/07\/4-1024x469.jpg\" alt=\"\" class=\"wp-image-30216\" srcset=\"https:\/\/etab.ac-reunion.fr\/lyc-francois-de-mahy\/wp-content\/uploads\/sites\/61\/2025\/07\/4-1024x469.jpg 1024w, https:\/\/etab.ac-reunion.fr\/lyc-francois-de-mahy\/wp-content\/uploads\/sites\/61\/2025\/07\/4-300x138.jpg 300w, https:\/\/etab.ac-reunion.fr\/lyc-francois-de-mahy\/wp-content\/uploads\/sites\/61\/2025\/07\/4-768x352.jpg 768w, https:\/\/etab.ac-reunion.fr\/lyc-francois-de-mahy\/wp-content\/uploads\/sites\/61\/2025\/07\/4.jpg 1444w\" sizes=\"auto, (max-width: 1024px) 100vw, 1024px\" \/><\/a><\/figure>\n\n\n\n<figure class=\"wp-block-gallery has-nested-images columns-default is-cropped wp-block-gallery-2 is-layout-flex wp-block-gallery-is-layout-flex\">\n<figure class=\"wp-block-image size-large\"><a href=\"https:\/\/etab.ac-reunion.fr\/lyc-francois-de-mahy\/wp-content\/uploads\/sites\/61\/2025\/07\/2.jpg\"><img loading=\"lazy\" decoding=\"async\" width=\"378\" height=\"784\" data-id=\"30209\" src=\"https:\/\/etab.ac-reunion.fr\/lyc-francois-de-mahy\/wp-content\/uploads\/sites\/61\/2025\/07\/2.jpg\" alt=\"\" class=\"wp-image-30209\" srcset=\"https:\/\/etab.ac-reunion.fr\/lyc-francois-de-mahy\/wp-content\/uploads\/sites\/61\/2025\/07\/2.jpg 378w, https:\/\/etab.ac-reunion.fr\/lyc-francois-de-mahy\/wp-content\/uploads\/sites\/61\/2025\/07\/2-145x300.jpg 145w\" sizes=\"auto, (max-width: 378px) 100vw, 378px\" \/><\/a><\/figure>\n\n\n\n<figure class=\"wp-block-image size-large\"><a href=\"https:\/\/etab.ac-reunion.fr\/lyc-francois-de-mahy\/wp-content\/uploads\/sites\/61\/2025\/07\/3.jpg\"><img loading=\"lazy\" decoding=\"async\" width=\"435\" height=\"933\" data-id=\"30210\" src=\"https:\/\/etab.ac-reunion.fr\/lyc-francois-de-mahy\/wp-content\/uploads\/sites\/61\/2025\/07\/3.jpg\" alt=\"\" class=\"wp-image-30210\" srcset=\"https:\/\/etab.ac-reunion.fr\/lyc-francois-de-mahy\/wp-content\/uploads\/sites\/61\/2025\/07\/3.jpg 435w, https:\/\/etab.ac-reunion.fr\/lyc-francois-de-mahy\/wp-content\/uploads\/sites\/61\/2025\/07\/3-140x300.jpg 140w\" sizes=\"auto, (max-width: 435px) 100vw, 435px\" \/><\/a><\/figure>\n\n\n\n<figure class=\"wp-block-image size-large\"><a href=\"https:\/\/etab.ac-reunion.fr\/lyc-francois-de-mahy\/wp-content\/uploads\/sites\/61\/2025\/07\/14.jpg\"><img loading=\"lazy\" decoding=\"async\" width=\"434\" height=\"874\" data-id=\"30211\" src=\"https:\/\/etab.ac-reunion.fr\/lyc-francois-de-mahy\/wp-content\/uploads\/sites\/61\/2025\/07\/14.jpg\" alt=\"\" class=\"wp-image-30211\" srcset=\"https:\/\/etab.ac-reunion.fr\/lyc-francois-de-mahy\/wp-content\/uploads\/sites\/61\/2025\/07\/14.jpg 434w, https:\/\/etab.ac-reunion.fr\/lyc-francois-de-mahy\/wp-content\/uploads\/sites\/61\/2025\/07\/14-149x300.jpg 149w\" sizes=\"auto, (max-width: 434px) 100vw, 434px\" \/><\/a><\/figure>\n<\/figure>\n\n\n\n<p>Cette matin\u00e9e riche en \u00e9changes, a permis aux enseignants de mieux cerner les attendus des \u00e9l\u00e8ves en stage et au sortir de leur formation dans le milieu professionnel.<\/p>\n\n\n\n<figure class=\"wp-block-gallery has-nested-images columns-default is-cropped wp-block-gallery-3 is-layout-flex wp-block-gallery-is-layout-flex\">\n<figure class=\"wp-block-image size-large\"><a href=\"https:\/\/etab.ac-reunion.fr\/lyc-francois-de-mahy\/wp-content\/uploads\/sites\/61\/2025\/07\/12.jpg\"><img loading=\"lazy\" decoding=\"async\" width=\"376\" height=\"697\" data-id=\"30223\" src=\"https:\/\/etab.ac-reunion.fr\/lyc-francois-de-mahy\/wp-content\/uploads\/sites\/61\/2025\/07\/12.jpg\" alt=\"\" class=\"wp-image-30223\" srcset=\"https:\/\/etab.ac-reunion.fr\/lyc-francois-de-mahy\/wp-content\/uploads\/sites\/61\/2025\/07\/12.jpg 376w, https:\/\/etab.ac-reunion.fr\/lyc-francois-de-mahy\/wp-content\/uploads\/sites\/61\/2025\/07\/12-162x300.jpg 162w\" sizes=\"auto, (max-width: 376px) 100vw, 376px\" \/><\/a><\/figure>\n\n\n\n<figure class=\"wp-block-image size-large\"><a href=\"https:\/\/etab.ac-reunion.fr\/lyc-francois-de-mahy\/wp-content\/uploads\/sites\/61\/2025\/07\/13.jpg\"><img loading=\"lazy\" decoding=\"async\" width=\"376\" height=\"748\" data-id=\"30224\" src=\"https:\/\/etab.ac-reunion.fr\/lyc-francois-de-mahy\/wp-content\/uploads\/sites\/61\/2025\/07\/13.jpg\" alt=\"\" class=\"wp-image-30224\" srcset=\"https:\/\/etab.ac-reunion.fr\/lyc-francois-de-mahy\/wp-content\/uploads\/sites\/61\/2025\/07\/13.jpg 376w, https:\/\/etab.ac-reunion.fr\/lyc-francois-de-mahy\/wp-content\/uploads\/sites\/61\/2025\/07\/13-151x300.jpg 151w\" sizes=\"auto, (max-width: 376px) 100vw, 376px\" \/><\/a><\/figure>\n\n\n\n<figure class=\"wp-block-image size-large\"><a href=\"https:\/\/etab.ac-reunion.fr\/lyc-francois-de-mahy\/wp-content\/uploads\/sites\/61\/2025\/07\/15-1.jpg\"><img loading=\"lazy\" decoding=\"async\" width=\"434\" height=\"845\" data-id=\"30225\" src=\"https:\/\/etab.ac-reunion.fr\/lyc-francois-de-mahy\/wp-content\/uploads\/sites\/61\/2025\/07\/15-1.jpg\" alt=\"\" class=\"wp-image-30225\" srcset=\"https:\/\/etab.ac-reunion.fr\/lyc-francois-de-mahy\/wp-content\/uploads\/sites\/61\/2025\/07\/15-1.jpg 434w, https:\/\/etab.ac-reunion.fr\/lyc-francois-de-mahy\/wp-content\/uploads\/sites\/61\/2025\/07\/15-1-154x300.jpg 154w\" sizes=\"auto, (max-width: 434px) 100vw, 434px\" \/><\/a><\/figure>\n<\/figure>\n\n\n\n<p>Le secteur de la vitrerie automobile a consid\u00e9rablement \u00e9volu\u00e9 vers des produits et des outils tr\u00e8s techniques qui ont beaucoup int\u00e9ress\u00e9 les enseignants. D\u2019autant qu\u2019il est difficile d\u2019envisager de faire faire des changements de pare-brise en ateliers de lyc\u00e9e du fait des co\u00fbts importants en fournitures, outillage et \u00e9quipements n\u00e9cessaires \u00e0 des \u00e9l\u00e8ves qui, immanquablement, feraient de la casse.<\/p>\n\n\n\n<p>Les mini-stages d\u2019\u00e9l\u00e8ves pr\u00e9vus avec les services RH du groupe, permettront donc aux \u00e9l\u00e8ves, d\u00e8s la rentr\u00e9e prochaine, d\u2019assister, voire de participer \u00e0 des r\u00e9parations r\u00e9elles, ce qui sera d\u2019autant plus formateur.<\/p>\n\n\n\n<p><strong>Encore merci \u00e0 l\u2019\u00e9quipe de Carglass Saint-Pierre, \u00e0 M. Fontaine et \u00e0 Mme Regnault qui ont permis cette pr\u00e9cieuse collaboration.<\/strong><\/p>\n\n\n\n<p class=\"has-text-align-center\"><strong><em>Olivier Martelly<br><\/em><\/strong><em>Responsable du Bureau des Entreprises du lyc\u00e9e Fran\u00e7ois de Mahy, Saint-Pierre<\/em><strong><em><br>bde-lp-francois-de-mahy@ac-reunion.fr<br>0262 35 50 55 \/ 06 92 79 66 93<\/em><\/strong><\/p>\n\n\n\n<p><\/p>\n","protected":false},"excerpt":{"rendered":"<p>Le centre de Carglass de Saint-Pierre, son \u00e9quipe de techniciens et le formateur-expert de la marque ont\u00a0 bien voulu accueillir pendant toute une matin\u00e9e, une dizaine d\u2019enseignants de m\u00e9canique et de carrosserie pour des d\u00e9monstrations de changement de pare-brise, de r\u00e9paration d\u2019impact et de r\u00e9glage des cam\u00e9ras (DAS) Le m\u00e9tier de carrosserie \u00e9volue et la [&hellip;]<\/p>\n","protected":false},"author":19067,"featured_media":30220,"comment_status":"closed","ping_status":"closed","sticky":false,"template":"","format":"standard","meta":{"footnotes":""},"categories":[20],"tags":[],"class_list":["post-30207","post","type-post","status-publish","format-standard","has-post-thumbnail","hentry","category-action-pedagogique"],"_links":{"self":[{"href":"https:\/\/etab.ac-reunion.fr\/lyc-francois-de-mahy\/wp-json\/wp\/v2\/posts\/30207","targetHints":{"allow":["GET"]}}],"collection":[{"href":"https:\/\/etab.ac-reunion.fr\/lyc-francois-de-mahy\/wp-json\/wp\/v2\/posts"}],"about":[{"href":"https:\/\/etab.ac-reunion.fr\/lyc-francois-de-mahy\/wp-json\/wp\/v2\/types\/post"}],"author":[{"embeddable":true,"href":"https:\/\/etab.ac-reunion.fr\/lyc-francois-de-mahy\/wp-json\/wp\/v2\/users\/19067"}],"replies":[{"embeddable":true,"href":"https:\/\/etab.ac-reunion.fr\/lyc-francois-de-mahy\/wp-json\/wp\/v2\/comments?post=30207"}],"version-history":[{"count":4,"href":"https:\/\/etab.ac-reunion.fr\/lyc-francois-de-mahy\/wp-json\/wp\/v2\/posts\/30207\/revisions"}],"predecessor-version":[{"id":30228,"href":"https:\/\/etab.ac-reunion.fr\/lyc-francois-de-mahy\/wp-json\/wp\/v2\/posts\/30207\/revisions\/30228"}],"wp:featuredmedia":[{"embeddable":true,"href":"https:\/\/etab.ac-reunion.fr\/lyc-francois-de-mahy\/wp-json\/wp\/v2\/media\/30220"}],"wp:attachment":[{"href":"https:\/\/etab.ac-reunion.fr\/lyc-francois-de-mahy\/wp-json\/wp\/v2\/media?parent=30207"}],"wp:term":[{"taxonomy":"category","embeddable":true,"href":"https:\/\/etab.ac-reunion.fr\/lyc-francois-de-mahy\/wp-json\/wp\/v2\/categories?post=30207"},{"taxonomy":"post_tag","embeddable":true,"href":"https:\/\/etab.ac-reunion.fr\/lyc-francois-de-mahy\/wp-json\/wp\/v2\/tags?post=30207"}],"curies":[{"name":"wp","href":"https:\/\/api.w.org\/{rel}","templated":true}]}}