{"id":30541,"date":"2025-09-25T16:31:36","date_gmt":"2025-09-25T12:31:36","guid":{"rendered":"https:\/\/etab.ac-reunion.fr\/lyc-francois-de-mahy\/?p=30541"},"modified":"2025-10-07T11:07:01","modified_gmt":"2025-10-07T07:07:01","slug":"cotrans-et-sud-automobiles-accueillent-la-c1-ool","status":"publish","type":"post","link":"https:\/\/etab.ac-reunion.fr\/lyc-francois-de-mahy\/cotrans-et-sud-automobiles-accueillent-la-c1-ool\/","title":{"rendered":"COTRANS ET AUTOMOBILES R\u00c9UNION ACCUEILLENT LA C1 OOL"},"content":{"rendered":"\n<p><strong>Le 2 Septembre, accompagn\u00e9s de Mohamed D\u2019JAFFAR enseignant et de Olivier MARTELLY du Bureau des entreprises, les op\u00e9rateurs op\u00e9ratrices logistiques (Vendeur magasinier cariste) ont effectu\u00e9 des visites d&rsquo;entreprises<\/strong> <strong>de Saint-Pierre.<\/strong><\/p>\n\n\n\n<div style=\"height:7px\" aria-hidden=\"true\" class=\"wp-block-spacer\"><\/div>\n\n\n\n<figure class=\"wp-block-image size-large\"><a href=\"https:\/\/etab.ac-reunion.fr\/lyc-francois-de-mahy\/wp-content\/uploads\/sites\/61\/2025\/09\/1.jpg\"><img loading=\"lazy\" decoding=\"async\" width=\"1024\" height=\"575\" src=\"https:\/\/etab.ac-reunion.fr\/lyc-francois-de-mahy\/wp-content\/uploads\/sites\/61\/2025\/09\/1-1024x575.jpg\" alt=\"\" class=\"wp-image-30547\" srcset=\"https:\/\/etab.ac-reunion.fr\/lyc-francois-de-mahy\/wp-content\/uploads\/sites\/61\/2025\/09\/1-1024x575.jpg 1024w, https:\/\/etab.ac-reunion.fr\/lyc-francois-de-mahy\/wp-content\/uploads\/sites\/61\/2025\/09\/1-300x168.jpg 300w, https:\/\/etab.ac-reunion.fr\/lyc-francois-de-mahy\/wp-content\/uploads\/sites\/61\/2025\/09\/1-768x431.jpg 768w, https:\/\/etab.ac-reunion.fr\/lyc-francois-de-mahy\/wp-content\/uploads\/sites\/61\/2025\/09\/1.jpg 1250w\" sizes=\"auto, (max-width: 1024px) 100vw, 1024px\" \/><\/a><\/figure>\n\n\n\n<figure class=\"wp-block-image size-large\"><a href=\"https:\/\/etab.ac-reunion.fr\/lyc-francois-de-mahy\/wp-content\/uploads\/sites\/61\/2025\/09\/3.jpg\"><img loading=\"lazy\" decoding=\"async\" width=\"1024\" height=\"576\" src=\"https:\/\/etab.ac-reunion.fr\/lyc-francois-de-mahy\/wp-content\/uploads\/sites\/61\/2025\/09\/3-1024x576.jpg\" alt=\"\" class=\"wp-image-30545\" srcset=\"https:\/\/etab.ac-reunion.fr\/lyc-francois-de-mahy\/wp-content\/uploads\/sites\/61\/2025\/09\/3-1024x576.jpg 1024w, https:\/\/etab.ac-reunion.fr\/lyc-francois-de-mahy\/wp-content\/uploads\/sites\/61\/2025\/09\/3-300x169.jpg 300w, https:\/\/etab.ac-reunion.fr\/lyc-francois-de-mahy\/wp-content\/uploads\/sites\/61\/2025\/09\/3-768x432.jpg 768w, https:\/\/etab.ac-reunion.fr\/lyc-francois-de-mahy\/wp-content\/uploads\/sites\/61\/2025\/09\/3.jpg 1247w\" sizes=\"auto, (max-width: 1024px) 100vw, 1024px\" \/><\/a><\/figure>\n\n\n\n<figure class=\"wp-block-image size-large\"><a href=\"https:\/\/etab.ac-reunion.fr\/lyc-francois-de-mahy\/wp-content\/uploads\/sites\/61\/2025\/09\/2-1.jpg\"><img loading=\"lazy\" decoding=\"async\" width=\"1024\" height=\"577\" src=\"https:\/\/etab.ac-reunion.fr\/lyc-francois-de-mahy\/wp-content\/uploads\/sites\/61\/2025\/09\/2-1-1024x577.jpg\" alt=\"\" class=\"wp-image-30546\" srcset=\"https:\/\/etab.ac-reunion.fr\/lyc-francois-de-mahy\/wp-content\/uploads\/sites\/61\/2025\/09\/2-1-1024x577.jpg 1024w, https:\/\/etab.ac-reunion.fr\/lyc-francois-de-mahy\/wp-content\/uploads\/sites\/61\/2025\/09\/2-1-300x169.jpg 300w, https:\/\/etab.ac-reunion.fr\/lyc-francois-de-mahy\/wp-content\/uploads\/sites\/61\/2025\/09\/2-1-768x433.jpg 768w, https:\/\/etab.ac-reunion.fr\/lyc-francois-de-mahy\/wp-content\/uploads\/sites\/61\/2025\/09\/2-1.jpg 1160w\" sizes=\"auto, (max-width: 1024px) 100vw, 1024px\" \/><\/a><\/figure>\n\n\n\n<div style=\"height:10px\" aria-hidden=\"true\" class=\"wp-block-spacer\"><\/div>\n\n\n\n<p><strong>\u00c0 14h30,<\/strong> <strong>ils sont accueillis dans le Hall des ventes de COTRANS AUTOMOBILES \u00e0 Saint Pierre<\/strong> par Mathieu SOETE responsable des ventes des pi\u00e8ces d\u00e9tach\u00e9es. Il pr\u00e9sente l\u2019ensemble des marques commercialis\u00e9es par le groupe comme Mercedes, Audi, Volkswagen, Skoda\u2026. avant de s\u2019enfoncer vers l\u2019atelier et le magasin de pi\u00e8ces d\u00e9tach\u00e9es.<\/p>\n\n\n\n<p>Le questionnaire des \u00e9l\u00e8ves am\u00e8ne notre h\u00f4te du jour \u00e0 se d\u00e9voiler. De ses \u00e9tudes \u00e0 aujourd\u2019hui, tout est pass\u00e9 au crible formations, m\u00e9tiers propos\u00e9s dans l\u2019entreprise, les attentes, les besoins, la posture et le comportement afin de r\u00e9ussir au sein de la soci\u00e9t\u00e9, d\u00e9marche pour postuler, jusqu\u2019\u00e0 \u00e9puisement total du questionnaire.<\/p>\n\n\n\n<div style=\"height:10px\" aria-hidden=\"true\" class=\"wp-block-spacer\"><\/div>\n\n\n\n<p><strong>\u00c0 15h40, la classe pris la direction de AUTOMOBILES R\u00c9UNION situ\u00e9 \u00e0 quelques centaines de m\u00e8tres du lieu de leur premi\u00e8re visite.<\/strong> Elle est accueillie par Micka\u00ebl CORRE responsable du magasin de pi\u00e8ces d\u00e9tach\u00e9es qui explique dans un premier temps son r\u00f4le au sein de la soci\u00e9t\u00e9 qui accueille les marques Renault, Dacia et Alpine puis d\u00e9tails les diff\u00e9rents postes : vendeur, conseiller commercial, r\u00e9ceptionnaire, technicien, pr\u00e9parateur, chef d\u2019atelier, etc. Au fil de la visite, il est rejoint par Pascal TROUDE chef d\u2019atelier qui fait d\u00e9couvrir les parcours de formation n\u00e9cessaire pour int\u00e9grer le groupe (CAP, Bac Pro, BTS, \u00e9coles sp\u00e9cialis\u00e9es) ainsi que les ateliers m\u00e9canique, peinture t\u00f4lerie carrosserie et la salle blanche (espace sp\u00e9cialis\u00e9e et \u00e9quip\u00e9e pour le diagnostic et la r\u00e9paration des batteries \u00e9lectriques) . La fin de notre visite a \u00e9t\u00e9 consacr\u00e9e au volet r\u00e9glementaire sur le traitement et la valorisation des d\u00e9chets du tri \u00e0 la collecte par des prestataires agr\u00e9\u00e9s en passant par le stockage.<\/p>\n\n\n\n<div style=\"height:2px\" aria-hidden=\"true\" class=\"wp-block-spacer\"><\/div>\n\n\n\n<p>17h00, fin de la visite, les \u00e9l\u00e8ves remercient les diff\u00e9rents responsables et s\u2019expriment ..\u00ab&nbsp;Ah franchement, t\u00e9 kar\u00e9&nbsp;\u00bb. <\/p>\n\n\n\n<p><strong>Ces visites de rentr\u00e9e ont fait l\u2019unanimit\u00e9 chez nos \u00e9l\u00e8ves . Toute l\u2019\u00e9quipe p\u00e9dagogique de la 1OOL remercie les responsables des sites des entreprises pour le temps accord\u00e9 lors des visites et le professionnalisme dont ils ont fait part.<\/strong><\/p>\n\n\n\n<div style=\"height:16px\" aria-hidden=\"true\" class=\"wp-block-spacer\"><\/div>\n\n\n\n<p><strong><em>Mohamed D\u2019JAFFAR, Olivier MARTELLY et les \u00e9l\u00e8ves de la formation Vendeur magasinier cariste \/ OOL<\/em><\/strong><\/p>\n\n\n\n<p><\/p>\n\n\n\n<p><\/p>\n\n\n\n<p class=\"has-text-align-center\">Lien : <a href=\"https:\/\/etab.ac-reunion.fr\/lyc-francois-de-mahy\/la-formation-complementaire-vendeur-magasinier-cariste\/\"> La Formation Compl\u00e9mentaire Vendeur-Magasinier-Cariste \/ CAP OOL<\/a><\/p>\n","protected":false},"excerpt":{"rendered":"<p>Le 2 Septembre, accompagn\u00e9s de Mohamed D\u2019JAFFAR enseignant et de Olivier MARTELLY du Bureau des entreprises, les op\u00e9rateurs op\u00e9ratrices logistiques (Vendeur magasinier cariste) ont effectu\u00e9 des visites d&rsquo;entreprises de Saint-Pierre. \u00c0 14h30, ils sont accueillis dans le Hall des ventes de COTRANS AUTOMOBILES \u00e0 Saint Pierre par Mathieu SOETE responsable des ventes des pi\u00e8ces d\u00e9tach\u00e9es. [&hellip;]<\/p>\n","protected":false},"author":19067,"featured_media":30542,"comment_status":"closed","ping_status":"closed","sticky":false,"template":"","format":"standard","meta":{"footnotes":""},"categories":[20],"tags":[],"class_list":["post-30541","post","type-post","status-publish","format-standard","has-post-thumbnail","hentry","category-action-pedagogique"],"_links":{"self":[{"href":"https:\/\/etab.ac-reunion.fr\/lyc-francois-de-mahy\/wp-json\/wp\/v2\/posts\/30541","targetHints":{"allow":["GET"]}}],"collection":[{"href":"https:\/\/etab.ac-reunion.fr\/lyc-francois-de-mahy\/wp-json\/wp\/v2\/posts"}],"about":[{"href":"https:\/\/etab.ac-reunion.fr\/lyc-francois-de-mahy\/wp-json\/wp\/v2\/types\/post"}],"author":[{"embeddable":true,"href":"https:\/\/etab.ac-reunion.fr\/lyc-francois-de-mahy\/wp-json\/wp\/v2\/users\/19067"}],"replies":[{"embeddable":true,"href":"https:\/\/etab.ac-reunion.fr\/lyc-francois-de-mahy\/wp-json\/wp\/v2\/comments?post=30541"}],"version-history":[{"count":19,"href":"https:\/\/etab.ac-reunion.fr\/lyc-francois-de-mahy\/wp-json\/wp\/v2\/posts\/30541\/revisions"}],"predecessor-version":[{"id":30706,"href":"https:\/\/etab.ac-reunion.fr\/lyc-francois-de-mahy\/wp-json\/wp\/v2\/posts\/30541\/revisions\/30706"}],"wp:featuredmedia":[{"embeddable":true,"href":"https:\/\/etab.ac-reunion.fr\/lyc-francois-de-mahy\/wp-json\/wp\/v2\/media\/30542"}],"wp:attachment":[{"href":"https:\/\/etab.ac-reunion.fr\/lyc-francois-de-mahy\/wp-json\/wp\/v2\/media?parent=30541"}],"wp:term":[{"taxonomy":"category","embeddable":true,"href":"https:\/\/etab.ac-reunion.fr\/lyc-francois-de-mahy\/wp-json\/wp\/v2\/categories?post=30541"},{"taxonomy":"post_tag","embeddable":true,"href":"https:\/\/etab.ac-reunion.fr\/lyc-francois-de-mahy\/wp-json\/wp\/v2\/tags?post=30541"}],"curies":[{"name":"wp","href":"https:\/\/api.w.org\/{rel}","templated":true}]}}