{"id":30719,"date":"2025-10-06T17:04:23","date_gmt":"2025-10-06T13:04:23","guid":{"rendered":"https:\/\/etab.ac-reunion.fr\/lyc-francois-de-mahy\/?p=30719"},"modified":"2025-11-01T10:33:33","modified_gmt":"2025-11-01T06:33:33","slug":"des-conseils-precieux-des-recruteurs-du-gbh-aux-eleves","status":"publish","type":"post","link":"https:\/\/etab.ac-reunion.fr\/lyc-francois-de-mahy\/des-conseils-precieux-des-recruteurs-du-gbh-aux-eleves\/","title":{"rendered":"Des conseils pr\u00e9cieux des recruteurs du GBH aux \u00e9l\u00e8ves"},"content":{"rendered":"\n<div class=\"wp-block-media-text has-media-on-the-right is-stacked-on-mobile has-background\" style=\"background-color:#00d1840f;grid-template-columns:auto 35%\"><div class=\"wp-block-media-text__content\">\n<p><\/p>\n\n\n\n<p><\/p>\n\n\n\n<p><strong>Trois responsables des Ressources Humaines du Groupe Bernard Hayot (entreprise) ont bien voulu consacrer une matin\u00e9e enti\u00e8re au LYC\u00c9E PROFESSIONNEL FRAN\u00c7OIS DE MAHY ce jeudi 2 octobre 2025 pour conseiller les \u00e9l\u00e8ves de CAP et de fili\u00e8res de bac professionnels<\/strong> sur le savoir-\u00eatre attendu en entreprise et les techniques de pr\u00e9sentation du CV, de la lettre de motivation et en entretien.<\/p>\n\n\n\n<p><\/p>\n<\/div><figure class=\"wp-block-media-text__media\"><img decoding=\"async\" src=\"https:\/\/etab.ac-reunion.fr\/lyc-francois-de-mahy\/wp-content\/uploads\/sites\/61\/2025\/10\/logo.jpg\" alt=\"\" class=\"wp-image-30748 size-full\" \/><\/figure><\/div>\n\n\n\n<div style=\"height:20px\" aria-hidden=\"true\" class=\"wp-block-spacer\"><\/div>\n\n\n\n<div class=\"wp-block-media-text is-stacked-on-mobile has-background\" style=\"background-color:#8df5fc36;grid-template-columns:29% auto\"><figure class=\"wp-block-media-text__media\"><img loading=\"lazy\" decoding=\"async\" width=\"370\" height=\"761\" src=\"https:\/\/etab.ac-reunion.fr\/lyc-francois-de-mahy\/wp-content\/uploads\/sites\/61\/2025\/10\/1-2-e1759670688726.jpg\" alt=\"\" class=\"wp-image-30661 size-full\" srcset=\"https:\/\/etab.ac-reunion.fr\/lyc-francois-de-mahy\/wp-content\/uploads\/sites\/61\/2025\/10\/1-2-e1759670688726.jpg 370w, https:\/\/etab.ac-reunion.fr\/lyc-francois-de-mahy\/wp-content\/uploads\/sites\/61\/2025\/10\/1-2-e1759670688726-146x300.jpg 146w\" sizes=\"auto, (max-width: 370px) 100vw, 370px\" \/><\/figure><div class=\"wp-block-media-text__content\">\n<p><\/p>\n\n\n\n<p>Neufs classes ont pu b\u00e9n\u00e9ficier de leurs conseils et de simulations concr\u00e8tes d&rsquo;entretiens. Les voil\u00e0 mieux arm\u00e9s pour leurs recherches de stages et leur future insertion professionnelle. <\/p>\n\n\n\n<p>Un grand merci \u00e0 Mesdames Ana\u00efs REGNAULT, Marie Amanda Quirin et Nathalie Autier pour leur implication dans l&rsquo;information des jeunes du lyc\u00e9e Fran\u00e7ois de Mahy et ce rapprochement du monde professionnel et de l&rsquo;\u00e9cole. <\/p>\n\n\n\n<p>Nous esp\u00e9rons vivement poursuivre cette collaboration avec Carrefour R\u00e9union, Norauto R\u00e9union et Hyundai R\u00e9union.<\/p>\n<\/div><\/div>\n\n\n\n<div style=\"height:15px\" aria-hidden=\"true\" class=\"wp-block-spacer\"><\/div>\n\n\n\n<p><\/p>\n\n\n\n<p class=\"has-text-align-center\"><strong><em>Olivier Martelly, responsable du Bureau des Entreprises : <\/em><\/strong><\/p>\n\n\n\n<p class=\"has-text-align-center\"><strong><em><a href=\"mailto:bde-lp-francois-de-mahy@ac-reunion.fr\">bde-lp-francois-de-mahy@ac-reunion.fr<\/a><\/em><\/strong><\/p>\n","protected":false},"excerpt":{"rendered":"<p>Trois responsables des Ressources Humaines du Groupe Bernard Hayot (entreprise) ont bien voulu consacrer une matin\u00e9e enti\u00e8re au LYC\u00c9E PROFESSIONNEL FRAN\u00c7OIS DE MAHY ce jeudi 2 octobre 2025 pour conseiller les \u00e9l\u00e8ves de CAP et de fili\u00e8res de bac professionnels sur le savoir-\u00eatre attendu en entreprise et les techniques de pr\u00e9sentation du CV, de la [&hellip;]<\/p>\n","protected":false},"author":19067,"featured_media":30738,"comment_status":"closed","ping_status":"closed","sticky":false,"template":"","format":"standard","meta":{"footnotes":""},"categories":[20],"tags":[],"class_list":["post-30719","post","type-post","status-publish","format-standard","has-post-thumbnail","hentry","category-action-pedagogique"],"_links":{"self":[{"href":"https:\/\/etab.ac-reunion.fr\/lyc-francois-de-mahy\/wp-json\/wp\/v2\/posts\/30719","targetHints":{"allow":["GET"]}}],"collection":[{"href":"https:\/\/etab.ac-reunion.fr\/lyc-francois-de-mahy\/wp-json\/wp\/v2\/posts"}],"about":[{"href":"https:\/\/etab.ac-reunion.fr\/lyc-francois-de-mahy\/wp-json\/wp\/v2\/types\/post"}],"author":[{"embeddable":true,"href":"https:\/\/etab.ac-reunion.fr\/lyc-francois-de-mahy\/wp-json\/wp\/v2\/users\/19067"}],"replies":[{"embeddable":true,"href":"https:\/\/etab.ac-reunion.fr\/lyc-francois-de-mahy\/wp-json\/wp\/v2\/comments?post=30719"}],"version-history":[{"count":16,"href":"https:\/\/etab.ac-reunion.fr\/lyc-francois-de-mahy\/wp-json\/wp\/v2\/posts\/30719\/revisions"}],"predecessor-version":[{"id":30761,"href":"https:\/\/etab.ac-reunion.fr\/lyc-francois-de-mahy\/wp-json\/wp\/v2\/posts\/30719\/revisions\/30761"}],"wp:featuredmedia":[{"embeddable":true,"href":"https:\/\/etab.ac-reunion.fr\/lyc-francois-de-mahy\/wp-json\/wp\/v2\/media\/30738"}],"wp:attachment":[{"href":"https:\/\/etab.ac-reunion.fr\/lyc-francois-de-mahy\/wp-json\/wp\/v2\/media?parent=30719"}],"wp:term":[{"taxonomy":"category","embeddable":true,"href":"https:\/\/etab.ac-reunion.fr\/lyc-francois-de-mahy\/wp-json\/wp\/v2\/categories?post=30719"},{"taxonomy":"post_tag","embeddable":true,"href":"https:\/\/etab.ac-reunion.fr\/lyc-francois-de-mahy\/wp-json\/wp\/v2\/tags?post=30719"}],"curies":[{"name":"wp","href":"https:\/\/api.w.org\/{rel}","templated":true}]}}