{"id":30722,"date":"2025-10-06T09:02:00","date_gmt":"2025-10-06T05:02:00","guid":{"rendered":"https:\/\/etab.ac-reunion.fr\/lyc-francois-de-mahy\/?p=30722"},"modified":"2025-10-07T17:16:51","modified_gmt":"2025-10-07T13:16:51","slug":"la-section-marchandisage-visuel-au-magasin-centrakor-de-st-pierre","status":"publish","type":"post","link":"https:\/\/etab.ac-reunion.fr\/lyc-francois-de-mahy\/la-section-marchandisage-visuel-au-magasin-centrakor-de-st-pierre\/","title":{"rendered":"La section Marchandisage visuel au magasin CENTRAKOR de St-Pierre"},"content":{"rendered":"\n<p><strong>Les \u00e9l\u00e8ves du LYC\u00c9E PROFESSIONNEL FRAN\u00c7OIS DE MAHY de la fili\u00e8re bac professionnel Artisanat et M\u00e9tiers d&rsquo;Art, sp\u00e9cialit\u00e9 Marchandisage visuel,<\/strong> se pr\u00e9parent aux m\u00e9tiers li\u00e9s \u00e0 la valorisation des produits en magasin par la cr\u00e9ation d&rsquo;atmosph\u00e8res et de pr\u00e9sentations attractives et r\u00e9fl\u00e9chies.<\/p>\n\n\n\n<div style=\"height:10px\" aria-hidden=\"true\" class=\"wp-block-spacer\"><\/div>\n\n\n\n<p class=\"has-background\" style=\"background-color:#fcb9002e\"><strong>Ils ont \u00e9t\u00e9 accueillis avec leur professeure, Mme Celine Beucher au magasin Centrakor de Saint-Pierre le 19 septembre.<\/strong><\/p>\n\n\n\n<figure class=\"wp-block-image size-large\"><a href=\"https:\/\/etab.ac-reunion.fr\/lyc-francois-de-mahy\/wp-content\/uploads\/sites\/61\/2025\/10\/4-3-e1759670773754.jpg\"><img loading=\"lazy\" decoding=\"async\" width=\"1024\" height=\"503\" src=\"https:\/\/etab.ac-reunion.fr\/lyc-francois-de-mahy\/wp-content\/uploads\/sites\/61\/2025\/10\/4-3-e1759670773754-1024x503.jpg\" alt=\"\" class=\"wp-image-30662\" srcset=\"https:\/\/etab.ac-reunion.fr\/lyc-francois-de-mahy\/wp-content\/uploads\/sites\/61\/2025\/10\/4-3-e1759670773754-1024x503.jpg 1024w, https:\/\/etab.ac-reunion.fr\/lyc-francois-de-mahy\/wp-content\/uploads\/sites\/61\/2025\/10\/4-3-e1759670773754-300x147.jpg 300w, https:\/\/etab.ac-reunion.fr\/lyc-francois-de-mahy\/wp-content\/uploads\/sites\/61\/2025\/10\/4-3-e1759670773754-768x377.jpg 768w, https:\/\/etab.ac-reunion.fr\/lyc-francois-de-mahy\/wp-content\/uploads\/sites\/61\/2025\/10\/4-3-e1759670773754.jpg 1327w\" sizes=\"auto, (max-width: 1024px) 100vw, 1024px\" \/><\/a><\/figure>\n\n\n\n<div style=\"height:5px\" aria-hidden=\"true\" class=\"wp-block-spacer\"><\/div>\n\n\n\n<p>La directrice du magasin a consacr\u00e9 plus de deux heures aux \u00e9l\u00e8ves pour leur parler des techniques de marchandisage appliqu\u00e9es dans son magasin Centrakor et leur montrer des situations r\u00e9elles.<\/p>\n\n\n\n<p>Une rencontre riche et compl\u00e8te qui a permis aux \u00e9l\u00e8ves d&rsquo;apercevoir plus concr\u00e8tement le contenu de leur future activit\u00e9 professionnelle.<\/p>\n\n\n\n<div style=\"height:13px\" aria-hidden=\"true\" class=\"wp-block-spacer\"><\/div>\n\n\n\n<p class=\"has-text-align-center\"><strong><em>Olivier Martelly, responsable du Bureau des Entreprises : <\/em><\/strong><\/p>\n\n\n\n<p class=\"has-text-align-center\"><strong><em><a href=\"mailto:bde-lp-francois-de-mahy@ac-reunion.fr\">bde-lp-francois-de-mahy@ac-reunion.fr<\/a><\/em><\/strong><\/p>\n","protected":false},"excerpt":{"rendered":"<p>Les \u00e9l\u00e8ves du LYC\u00c9E PROFESSIONNEL FRAN\u00c7OIS DE MAHY de la fili\u00e8re bac professionnel Artisanat et M\u00e9tiers d&rsquo;Art, sp\u00e9cialit\u00e9 Marchandisage visuel, se pr\u00e9parent aux m\u00e9tiers li\u00e9s \u00e0 la valorisation des produits en magasin par la cr\u00e9ation d&rsquo;atmosph\u00e8res et de pr\u00e9sentations attractives et r\u00e9fl\u00e9chies. Ils ont \u00e9t\u00e9 accueillis avec leur professeure, Mme Celine Beucher au magasin Centrakor [&hellip;]<\/p>\n","protected":false},"author":19067,"featured_media":30726,"comment_status":"closed","ping_status":"closed","sticky":false,"template":"","format":"standard","meta":{"footnotes":""},"categories":[20],"tags":[],"class_list":["post-30722","post","type-post","status-publish","format-standard","has-post-thumbnail","hentry","category-action-pedagogique"],"_links":{"self":[{"href":"https:\/\/etab.ac-reunion.fr\/lyc-francois-de-mahy\/wp-json\/wp\/v2\/posts\/30722","targetHints":{"allow":["GET"]}}],"collection":[{"href":"https:\/\/etab.ac-reunion.fr\/lyc-francois-de-mahy\/wp-json\/wp\/v2\/posts"}],"about":[{"href":"https:\/\/etab.ac-reunion.fr\/lyc-francois-de-mahy\/wp-json\/wp\/v2\/types\/post"}],"author":[{"embeddable":true,"href":"https:\/\/etab.ac-reunion.fr\/lyc-francois-de-mahy\/wp-json\/wp\/v2\/users\/19067"}],"replies":[{"embeddable":true,"href":"https:\/\/etab.ac-reunion.fr\/lyc-francois-de-mahy\/wp-json\/wp\/v2\/comments?post=30722"}],"version-history":[{"count":6,"href":"https:\/\/etab.ac-reunion.fr\/lyc-francois-de-mahy\/wp-json\/wp\/v2\/posts\/30722\/revisions"}],"predecessor-version":[{"id":30737,"href":"https:\/\/etab.ac-reunion.fr\/lyc-francois-de-mahy\/wp-json\/wp\/v2\/posts\/30722\/revisions\/30737"}],"wp:featuredmedia":[{"embeddable":true,"href":"https:\/\/etab.ac-reunion.fr\/lyc-francois-de-mahy\/wp-json\/wp\/v2\/media\/30726"}],"wp:attachment":[{"href":"https:\/\/etab.ac-reunion.fr\/lyc-francois-de-mahy\/wp-json\/wp\/v2\/media?parent=30722"}],"wp:term":[{"taxonomy":"category","embeddable":true,"href":"https:\/\/etab.ac-reunion.fr\/lyc-francois-de-mahy\/wp-json\/wp\/v2\/categories?post=30722"},{"taxonomy":"post_tag","embeddable":true,"href":"https:\/\/etab.ac-reunion.fr\/lyc-francois-de-mahy\/wp-json\/wp\/v2\/tags?post=30722"}],"curies":[{"name":"wp","href":"https:\/\/api.w.org\/{rel}","templated":true}]}}