{"id":30843,"date":"2025-11-11T17:11:11","date_gmt":"2025-11-11T13:11:11","guid":{"rendered":"https:\/\/etab.ac-reunion.fr\/lyc-francois-de-mahy\/?p=30843"},"modified":"2025-11-18T15:39:11","modified_gmt":"2025-11-18T11:39:11","slug":"retour-sur-les-rencontres-sud-2025-des-metiers-du-commerce","status":"publish","type":"post","link":"https:\/\/etab.ac-reunion.fr\/lyc-francois-de-mahy\/retour-sur-les-rencontres-sud-2025-des-metiers-du-commerce\/","title":{"rendered":"Retour sur les rencontres Sud 2025 des M\u00e9tiers du Commerce au LP Fran\u00e7ois de Mahy"},"content":{"rendered":"\n<p><strong>Retour sur une journ\u00e9e exceptionnelle avec l\u2019OPCommerce et le Bureau des Entreprises (BDE) du Lyc\u00e9e Professionnel Fran\u00e7ois de Mahy ! \ud83c\udf89<\/strong><\/p>\n\n\n\n<p><strong>Vendredi 10 octobre, plus de 500 lyc\u00e9ens du bassin sud ont particip\u00e9 \u00e0 une journ\u00e9e immersive dans le cadre des Rencontres des M\u00e9tiers du Commerce, port\u00e9e par la marque sectorielle \u00ab Le Commerce \u00e7a te bouge ! \u00bb.<\/strong><\/p>\n\n\n\n<div style=\"height:11px\" aria-hidden=\"true\" class=\"wp-block-spacer\"><\/div>\n\n\n<div class=\"wp-block-image\">\n<figure class=\"aligncenter size-full\"><a href=\"https:\/\/etab.ac-reunion.fr\/lyc-francois-de-mahy\/wp-content\/uploads\/sites\/61\/2025\/11\/8.jpg\"><img loading=\"lazy\" decoding=\"async\" width=\"455\" height=\"686\" src=\"https:\/\/etab.ac-reunion.fr\/lyc-francois-de-mahy\/wp-content\/uploads\/sites\/61\/2025\/11\/8.jpg\" alt=\"\" class=\"wp-image-30848\" srcset=\"https:\/\/etab.ac-reunion.fr\/lyc-francois-de-mahy\/wp-content\/uploads\/sites\/61\/2025\/11\/8.jpg 455w, https:\/\/etab.ac-reunion.fr\/lyc-francois-de-mahy\/wp-content\/uploads\/sites\/61\/2025\/11\/8-199x300.jpg 199w\" sizes=\"auto, (max-width: 455px) 100vw, 455px\" \/><\/a><\/figure>\n<\/div>\n\n\n<div style=\"height:10px\" aria-hidden=\"true\" class=\"wp-block-spacer\"><\/div>\n\n\n\n<p>\ud83d\udccd <strong>Objectif : <\/strong>faire d\u00e9couvrir la richesse des m\u00e9tiers du commerce !<\/p>\n\n\n\n<p>\ud83e\udde0 <strong>Au programme :<\/strong><\/p>\n\n\n\n<p>Un P\u00f4le d\u00e9di\u00e9 \u00e0 l&rsquo;optique tenu par le Syndicat des Opticiens R\u00e9unionnais et pas moins de 9 visites de magasins d&rsquo;optiques par les \u00e9l\u00e8ves de la fili\u00e8re optique du lyc\u00e9e de Vincendo et de bac STL \u2013 Sciences et Technologies de Laboratoire du lyc\u00e9e Antoine Roussin.<\/p>\n\n\n\n<div style=\"height:10px\" aria-hidden=\"true\" class=\"wp-block-spacer\"><\/div>\n\n\n<div class=\"wp-block-image\">\n<figure class=\"aligncenter size-full\"><a href=\"https:\/\/etab.ac-reunion.fr\/lyc-francois-de-mahy\/wp-content\/uploads\/sites\/61\/2025\/11\/5.2jpg.jpg\"><img loading=\"lazy\" decoding=\"async\" width=\"781\" height=\"509\" src=\"https:\/\/etab.ac-reunion.fr\/lyc-francois-de-mahy\/wp-content\/uploads\/sites\/61\/2025\/11\/5.2jpg.jpg\" alt=\"\" class=\"wp-image-30863\" srcset=\"https:\/\/etab.ac-reunion.fr\/lyc-francois-de-mahy\/wp-content\/uploads\/sites\/61\/2025\/11\/5.2jpg.jpg 781w, https:\/\/etab.ac-reunion.fr\/lyc-francois-de-mahy\/wp-content\/uploads\/sites\/61\/2025\/11\/5.2jpg-300x196.jpg 300w, https:\/\/etab.ac-reunion.fr\/lyc-francois-de-mahy\/wp-content\/uploads\/sites\/61\/2025\/11\/5.2jpg-768x501.jpg 768w, https:\/\/etab.ac-reunion.fr\/lyc-francois-de-mahy\/wp-content\/uploads\/sites\/61\/2025\/11\/5.2jpg-207x136.jpg 207w, https:\/\/etab.ac-reunion.fr\/lyc-francois-de-mahy\/wp-content\/uploads\/sites\/61\/2025\/11\/5.2jpg-260x170.jpg 260w\" sizes=\"auto, (max-width: 781px) 100vw, 781px\" \/><\/a><\/figure>\n<\/div>\n\n\n<div style=\"height:10px\" aria-hidden=\"true\" class=\"wp-block-spacer\"><\/div>\n\n\n<div class=\"wp-block-image\">\n<figure class=\"aligncenter size-full is-resized\"><a href=\"https:\/\/etab.ac-reunion.fr\/lyc-francois-de-mahy\/wp-content\/uploads\/sites\/61\/2025\/11\/6.2jpg-1.jpg\"><img loading=\"lazy\" decoding=\"async\" width=\"783\" height=\"514\" src=\"https:\/\/etab.ac-reunion.fr\/lyc-francois-de-mahy\/wp-content\/uploads\/sites\/61\/2025\/11\/6.2jpg-1.jpg\" alt=\"\" class=\"wp-image-30864\" style=\"width:510px;height:auto\" srcset=\"https:\/\/etab.ac-reunion.fr\/lyc-francois-de-mahy\/wp-content\/uploads\/sites\/61\/2025\/11\/6.2jpg-1.jpg 783w, https:\/\/etab.ac-reunion.fr\/lyc-francois-de-mahy\/wp-content\/uploads\/sites\/61\/2025\/11\/6.2jpg-1-300x197.jpg 300w, https:\/\/etab.ac-reunion.fr\/lyc-francois-de-mahy\/wp-content\/uploads\/sites\/61\/2025\/11\/6.2jpg-1-768x504.jpg 768w, https:\/\/etab.ac-reunion.fr\/lyc-francois-de-mahy\/wp-content\/uploads\/sites\/61\/2025\/11\/6.2jpg-1-207x136.jpg 207w, https:\/\/etab.ac-reunion.fr\/lyc-francois-de-mahy\/wp-content\/uploads\/sites\/61\/2025\/11\/6.2jpg-1-260x170.jpg 260w, https:\/\/etab.ac-reunion.fr\/lyc-francois-de-mahy\/wp-content\/uploads\/sites\/61\/2025\/11\/6.2jpg-1-430x283.jpg 430w\" sizes=\"auto, (max-width: 783px) 100vw, 783px\" \/><\/a><\/figure>\n<\/div>\n\n\n<div style=\"height:10px\" aria-hidden=\"true\" class=\"wp-block-spacer\"><\/div>\n\n\n\n<p><strong>Des ateliers :<\/strong><\/p>\n\n\n\n<ul class=\"wp-block-list\">\n<li>R\u00e9alit\u00e9 virtuelle par IMLEARNING, anim\u00e9 par Yannick Fontaine \u2600<\/li>\n\n\n\n<li>Coaching en intelligence \u00e9motionnelle par Franck Olivier Diandoki<\/li>\n\n\n\n<li>Simulation d\u2019entretiens par Ornella B et William Mezino<\/li>\n\n\n\n<li>Parcours comp\u00e9tences et m\u00e9tiers par Groupe Caill\u00e9 avec C\u00e9line Bosredon, Agn\u00e8s Techer, Romain Dijoux et Camille Cuisinier<\/li>\n\n\n\n<li>Atelier CV et lettre de motivation par Sandrine Guinobert, Fat\u00e9ma SALMON SAFLA et Ma\u00ebva Cottenceau<\/li>\n\n\n\n<li>Pr\u00e9sentation d&rsquo;Orientanou.re par St\u00e9phanie Badonnel<\/li>\n<\/ul>\n\n\n\n<p><strong>Des conf\u00e9rences<\/strong> <strong>m\u00e9tier<\/strong> par Andry Ralidera de CYCLOZONE R\u00e9union et Fr\u00e9d\u00e9ric Brunet et Kessan Carpentier de Cash Express<\/p>\n\n\n\n<div style=\"height:10px\" aria-hidden=\"true\" class=\"wp-block-spacer\"><\/div>\n\n\n\n<figure class=\"wp-block-gallery has-nested-images columns-default is-cropped wp-block-gallery-1 is-layout-flex wp-block-gallery-is-layout-flex\">\n<figure class=\"wp-block-image size-large\"><a href=\"https:\/\/etab.ac-reunion.fr\/lyc-francois-de-mahy\/wp-content\/uploads\/sites\/61\/2025\/11\/3-1.jpg\"><img loading=\"lazy\" decoding=\"async\" width=\"776\" height=\"445\" data-id=\"30850\" src=\"https:\/\/etab.ac-reunion.fr\/lyc-francois-de-mahy\/wp-content\/uploads\/sites\/61\/2025\/11\/3-1.jpg\" alt=\"\" class=\"wp-image-30850\" srcset=\"https:\/\/etab.ac-reunion.fr\/lyc-francois-de-mahy\/wp-content\/uploads\/sites\/61\/2025\/11\/3-1.jpg 776w, https:\/\/etab.ac-reunion.fr\/lyc-francois-de-mahy\/wp-content\/uploads\/sites\/61\/2025\/11\/3-1-300x172.jpg 300w, https:\/\/etab.ac-reunion.fr\/lyc-francois-de-mahy\/wp-content\/uploads\/sites\/61\/2025\/11\/3-1-768x440.jpg 768w\" sizes=\"auto, (max-width: 776px) 100vw, 776px\" \/><\/a><\/figure>\n\n\n\n<figure class=\"wp-block-image size-large\"><a href=\"https:\/\/etab.ac-reunion.fr\/lyc-francois-de-mahy\/wp-content\/uploads\/sites\/61\/2025\/11\/10.jpg\"><img loading=\"lazy\" decoding=\"async\" width=\"729\" height=\"393\" data-id=\"30851\" src=\"https:\/\/etab.ac-reunion.fr\/lyc-francois-de-mahy\/wp-content\/uploads\/sites\/61\/2025\/11\/10.jpg\" alt=\"\" class=\"wp-image-30851\" srcset=\"https:\/\/etab.ac-reunion.fr\/lyc-francois-de-mahy\/wp-content\/uploads\/sites\/61\/2025\/11\/10.jpg 729w, https:\/\/etab.ac-reunion.fr\/lyc-francois-de-mahy\/wp-content\/uploads\/sites\/61\/2025\/11\/10-300x162.jpg 300w\" sizes=\"auto, (max-width: 729px) 100vw, 729px\" \/><\/a><\/figure>\n<\/figure>\n\n\n\n<p><strong>Des jeux<\/strong>&nbsp;: &nbsp;escape game, atelier insta VS realit\u00e9, quiz IA, Tetris g\u00e9ant par les \u00e9quipes de L&rsquo;Opcommerce, op\u00e9rateur de comp\u00e9tences du commerce : Sandra SAKKI, Estelle HOAREAU et Charlotte Subrenat<\/p>\n\n\n\n<p>Un grand merci aux 15 \u00e9l\u00e8ves de seconde GATL du lyc\u00e9e Fran\u00e7ois de Mahy et leurs professeurs MMmes Salerno et Rougemont, de leur soutien sur cette journ\u00e9e !<\/p>\n\n\n\n<div style=\"height:10px\" aria-hidden=\"true\" class=\"wp-block-spacer\"><\/div>\n\n\n<div class=\"wp-block-image\">\n<figure class=\"aligncenter size-large is-resized\"><a href=\"https:\/\/etab.ac-reunion.fr\/lyc-francois-de-mahy\/wp-content\/uploads\/sites\/61\/2025\/11\/1.2jpg.jpg\"><img loading=\"lazy\" decoding=\"async\" width=\"1024\" height=\"539\" src=\"https:\/\/etab.ac-reunion.fr\/lyc-francois-de-mahy\/wp-content\/uploads\/sites\/61\/2025\/11\/1.2jpg-1024x539.jpg\" alt=\"\" class=\"wp-image-30865\" style=\"width:773px;height:auto\" srcset=\"https:\/\/etab.ac-reunion.fr\/lyc-francois-de-mahy\/wp-content\/uploads\/sites\/61\/2025\/11\/1.2jpg-1024x539.jpg 1024w, https:\/\/etab.ac-reunion.fr\/lyc-francois-de-mahy\/wp-content\/uploads\/sites\/61\/2025\/11\/1.2jpg-300x158.jpg 300w, https:\/\/etab.ac-reunion.fr\/lyc-francois-de-mahy\/wp-content\/uploads\/sites\/61\/2025\/11\/1.2jpg-768x404.jpg 768w, https:\/\/etab.ac-reunion.fr\/lyc-francois-de-mahy\/wp-content\/uploads\/sites\/61\/2025\/11\/1.2jpg.jpg 1062w\" sizes=\"auto, (max-width: 1024px) 100vw, 1024px\" \/><\/a><\/figure>\n<\/div>\n\n\n<div style=\"height:10px\" aria-hidden=\"true\" class=\"wp-block-spacer\"><\/div>\n\n\n<div class=\"wp-block-image\">\n<figure class=\"aligncenter size-full is-resized\"><a href=\"https:\/\/etab.ac-reunion.fr\/lyc-francois-de-mahy\/wp-content\/uploads\/sites\/61\/2025\/11\/9.2jpg.jpg\"><img loading=\"lazy\" decoding=\"async\" width=\"950\" height=\"625\" src=\"https:\/\/etab.ac-reunion.fr\/lyc-francois-de-mahy\/wp-content\/uploads\/sites\/61\/2025\/11\/9.2jpg.jpg\" alt=\"\" class=\"wp-image-30868\" style=\"width:773px;height:auto\" srcset=\"https:\/\/etab.ac-reunion.fr\/lyc-francois-de-mahy\/wp-content\/uploads\/sites\/61\/2025\/11\/9.2jpg.jpg 950w, https:\/\/etab.ac-reunion.fr\/lyc-francois-de-mahy\/wp-content\/uploads\/sites\/61\/2025\/11\/9.2jpg-300x197.jpg 300w, https:\/\/etab.ac-reunion.fr\/lyc-francois-de-mahy\/wp-content\/uploads\/sites\/61\/2025\/11\/9.2jpg-768x505.jpg 768w, https:\/\/etab.ac-reunion.fr\/lyc-francois-de-mahy\/wp-content\/uploads\/sites\/61\/2025\/11\/9.2jpg-207x136.jpg 207w, https:\/\/etab.ac-reunion.fr\/lyc-francois-de-mahy\/wp-content\/uploads\/sites\/61\/2025\/11\/9.2jpg-260x170.jpg 260w, https:\/\/etab.ac-reunion.fr\/lyc-francois-de-mahy\/wp-content\/uploads\/sites\/61\/2025\/11\/9.2jpg-430x283.jpg 430w\" sizes=\"auto, (max-width: 950px) 100vw, 950px\" \/><\/a><\/figure>\n<\/div>\n\n\n<div style=\"height:10px\" aria-hidden=\"true\" class=\"wp-block-spacer\"><\/div>\n\n\n<div class=\"wp-block-image\">\n<figure class=\"aligncenter size-full is-resized\"><a href=\"https:\/\/etab.ac-reunion.fr\/lyc-francois-de-mahy\/wp-content\/uploads\/sites\/61\/2025\/11\/4.2jpg.jpg\"><img loading=\"lazy\" decoding=\"async\" width=\"739\" height=\"451\" src=\"https:\/\/etab.ac-reunion.fr\/lyc-francois-de-mahy\/wp-content\/uploads\/sites\/61\/2025\/11\/4.2jpg.jpg\" alt=\"\" class=\"wp-image-30870\" style=\"width:774px;height:auto\" srcset=\"https:\/\/etab.ac-reunion.fr\/lyc-francois-de-mahy\/wp-content\/uploads\/sites\/61\/2025\/11\/4.2jpg.jpg 739w, https:\/\/etab.ac-reunion.fr\/lyc-francois-de-mahy\/wp-content\/uploads\/sites\/61\/2025\/11\/4.2jpg-300x183.jpg 300w\" sizes=\"auto, (max-width: 739px) 100vw, 739px\" \/><\/a><\/figure>\n<\/div>\n\n\n<div style=\"height:16px\" aria-hidden=\"true\" class=\"wp-block-spacer\"><\/div>\n\n\n\n<p>\ud83d\ude4f Merci \u00e9galement aux intervenants, enseignants, accompagnants et b\u00e9n\u00e9voles qui ont contribu\u00e9 \u00e0 faire de cette journ\u00e9e un moment fort pour l\u2019orientation et l\u2019avenir professionnel de nos jeunes.<\/p>\n\n\n\n<p>Et enfin, pour finir, merci aux agents et AED du Lyc\u00e9e Fran\u00e7ois de Mahy pour l&rsquo;accueil, la logistique et leur disponibilit\u00e9.<\/p>\n\n\n\n<p class=\"has-text-align-center\"><strong><em>Olivier Martelly, responsable du Bureau des Entreprises :<\/em><\/strong> <strong><em><a href=\"mailto:bde-lp-francois-de-mahy@ac-reunion.fr\">bde-lp-francois-de-mahy@ac-reunion.fr<\/a><\/em><\/strong><\/p>\n\n\n\n<p class=\"has-text-align-center\"><strong><em>Photos : Chlo\u00e9 Ibatici<\/em><\/strong><\/p>\n","protected":false},"excerpt":{"rendered":"<p>Retour sur une journ\u00e9e exceptionnelle avec l\u2019OPCommerce et le Bureau des Entreprises (BDE) du Lyc\u00e9e Professionnel Fran\u00e7ois de Mahy ! \ud83c\udf89 Vendredi 10 octobre, plus de 500 lyc\u00e9ens du bassin sud ont particip\u00e9 \u00e0 une journ\u00e9e immersive dans le cadre des Rencontres des M\u00e9tiers du Commerce, port\u00e9e par la marque sectorielle \u00ab Le Commerce \u00e7a [&hellip;]<\/p>\n","protected":false},"author":19067,"featured_media":30845,"comment_status":"closed","ping_status":"closed","sticky":false,"template":"","format":"standard","meta":{"footnotes":""},"categories":[20],"tags":[],"class_list":["post-30843","post","type-post","status-publish","format-standard","has-post-thumbnail","hentry","category-action-pedagogique"],"_links":{"self":[{"href":"https:\/\/etab.ac-reunion.fr\/lyc-francois-de-mahy\/wp-json\/wp\/v2\/posts\/30843","targetHints":{"allow":["GET"]}}],"collection":[{"href":"https:\/\/etab.ac-reunion.fr\/lyc-francois-de-mahy\/wp-json\/wp\/v2\/posts"}],"about":[{"href":"https:\/\/etab.ac-reunion.fr\/lyc-francois-de-mahy\/wp-json\/wp\/v2\/types\/post"}],"author":[{"embeddable":true,"href":"https:\/\/etab.ac-reunion.fr\/lyc-francois-de-mahy\/wp-json\/wp\/v2\/users\/19067"}],"replies":[{"embeddable":true,"href":"https:\/\/etab.ac-reunion.fr\/lyc-francois-de-mahy\/wp-json\/wp\/v2\/comments?post=30843"}],"version-history":[{"count":11,"href":"https:\/\/etab.ac-reunion.fr\/lyc-francois-de-mahy\/wp-json\/wp\/v2\/posts\/30843\/revisions"}],"predecessor-version":[{"id":30875,"href":"https:\/\/etab.ac-reunion.fr\/lyc-francois-de-mahy\/wp-json\/wp\/v2\/posts\/30843\/revisions\/30875"}],"wp:featuredmedia":[{"embeddable":true,"href":"https:\/\/etab.ac-reunion.fr\/lyc-francois-de-mahy\/wp-json\/wp\/v2\/media\/30845"}],"wp:attachment":[{"href":"https:\/\/etab.ac-reunion.fr\/lyc-francois-de-mahy\/wp-json\/wp\/v2\/media?parent=30843"}],"wp:term":[{"taxonomy":"category","embeddable":true,"href":"https:\/\/etab.ac-reunion.fr\/lyc-francois-de-mahy\/wp-json\/wp\/v2\/categories?post=30843"},{"taxonomy":"post_tag","embeddable":true,"href":"https:\/\/etab.ac-reunion.fr\/lyc-francois-de-mahy\/wp-json\/wp\/v2\/tags?post=30843"}],"curies":[{"name":"wp","href":"https:\/\/api.w.org\/{rel}","templated":true}]}}