{"id":10608,"date":"2023-07-15T03:24:05","date_gmt":"2023-07-14T23:24:05","guid":{"rendered":"https:\/\/etab.ac-reunion.fr\/lyc-stella\/la-voie-technologie-sti2d-une-excellente-alternative-a-la-voie-generale-2\/"},"modified":"2023-07-15T03:26:12","modified_gmt":"2023-07-14T23:26:12","slug":"la-voie-technologie-sti2d-une-excellente-alternative-a-la-voie-generale-2","status":"publish","type":"post","link":"https:\/\/etab.ac-reunion.fr\/lyc-gerard-etheve\/la-voie-technologie-sti2d-une-excellente-alternative-a-la-voie-generale-2\/","title":{"rendered":"La voie technologie STI2D &#8211; une excellente alternative \u00e0 la voie g\u00e9n\u00e9rale"},"content":{"rendered":"<h2><strong>Le bac technologique STI2D (Sciences et Technologies de l\u2019Industrie et du D\u00e9veloppement Durable) <\/strong><\/h2>\n<p><strong>s\u2019adresse \u00e0 ceux qui s\u2019int\u00e9ressent \u00e0 l\u2019ing\u00e9nierie industrielle, \u00e0 l\u2019innovation technologique et \u00e0 la pr\u00e9servation de l\u2019environnement.<\/strong><\/p>\n<div style=\"width: 856px;\" class=\"wp-video\"><video class=\"wp-video-shortcode\" id=\"video-10608-1\" width=\"856\" height=\"480\" preload=\"metadata\" controls=\"controls\"><source type=\"video\/mp4\" src=\"https:\/\/etab.ac-reunion.fr\/lyc-stella\/wp-content\/uploads\/sites\/90\/2022\/02\/STI2D-Film-Promotion-SD-V2.mp4?_=1\" \/><a href=\"https:\/\/etab.ac-reunion.fr\/lyc-stella\/wp-content\/uploads\/sites\/90\/2022\/02\/STI2D-Film-Promotion-SD-V2.mp4\">https:\/\/etab.ac-reunion.fr\/lyc-stella\/wp-content\/uploads\/sites\/90\/2022\/02\/STI2D-Film-Promotion-SD-V2.mp4<\/a><\/video><\/div>\n<h2><strong>Quel profil pour int\u00e9grer un bac STI2D ?<\/strong><\/h2>\n<p>Tout d\u2019abord, cette fili\u00e8re est ouverte \u00e0 tous : <strong>les filles, vous aussi, vous \u00eates les bienvenues !<\/strong><\/p>\n<p>Il est pr\u00e9f\u00e9rable d\u2019avoir un profil scientifique. Et oui, surtout, il ne faut pas penser que les sciences seront plus simples parce que c\u2019est un enseignement technologique.<\/p>\n<p>Il faut aussi s&rsquo;int\u00e9resser aux nouvelles technologies, <strong>sans oublier le d\u00e9veloppement durable<\/strong>, sujet qui est au c\u0153ur de la formation !<\/p>\n<p>Il faut choisir la formation STI2D \u00e0 la suite de la Seconde. Elle commence donc en Premi\u00e8re et se poursuit en Terminale.<\/p>\n","protected":false},"excerpt":{"rendered":"<p>Le bac technologique STI2D (Sciences et Technologies de l\u2019Industrie et&#8230; <a class=\"continue-reading-link\" href=\"https:\/\/etab.ac-reunion.fr\/lyc-gerard-etheve\/la-voie-technologie-sti2d-une-excellente-alternative-a-la-voie-generale-2\/\">Continuer de lire<\/a><\/p>\n","protected":false},"author":32747,"featured_media":10609,"comment_status":"closed","ping_status":"closed","sticky":false,"template":"","format":"standard","meta":{"footnotes":"","_links_to":"","_links_to_target":""},"categories":[20,44],"tags":[],"class_list":["post-10608","post","type-post","status-publish","format-standard","has-post-thumbnail","hentry","category-actualites","category-techno"],"_links":{"self":[{"href":"https:\/\/etab.ac-reunion.fr\/lyc-gerard-etheve\/wp-json\/wp\/v2\/posts\/10608","targetHints":{"allow":["GET"]}}],"collection":[{"href":"https:\/\/etab.ac-reunion.fr\/lyc-gerard-etheve\/wp-json\/wp\/v2\/posts"}],"about":[{"href":"https:\/\/etab.ac-reunion.fr\/lyc-gerard-etheve\/wp-json\/wp\/v2\/types\/post"}],"author":[{"embeddable":true,"href":"https:\/\/etab.ac-reunion.fr\/lyc-gerard-etheve\/wp-json\/wp\/v2\/users\/32747"}],"replies":[{"embeddable":true,"href":"https:\/\/etab.ac-reunion.fr\/lyc-gerard-etheve\/wp-json\/wp\/v2\/comments?post=10608"}],"version-history":[{"count":1,"href":"https:\/\/etab.ac-reunion.fr\/lyc-gerard-etheve\/wp-json\/wp\/v2\/posts\/10608\/revisions"}],"predecessor-version":[{"id":10611,"href":"https:\/\/etab.ac-reunion.fr\/lyc-gerard-etheve\/wp-json\/wp\/v2\/posts\/10608\/revisions\/10611"}],"wp:featuredmedia":[{"embeddable":true,"href":"https:\/\/etab.ac-reunion.fr\/lyc-gerard-etheve\/wp-json\/wp\/v2\/media\/10609"}],"wp:attachment":[{"href":"https:\/\/etab.ac-reunion.fr\/lyc-gerard-etheve\/wp-json\/wp\/v2\/media?parent=10608"}],"wp:term":[{"taxonomy":"category","embeddable":true,"href":"https:\/\/etab.ac-reunion.fr\/lyc-gerard-etheve\/wp-json\/wp\/v2\/categories?post=10608"},{"taxonomy":"post_tag","embeddable":true,"href":"https:\/\/etab.ac-reunion.fr\/lyc-gerard-etheve\/wp-json\/wp\/v2\/tags?post=10608"}],"curies":[{"name":"wp","href":"https:\/\/api.w.org\/{rel}","templated":true}]}}