{"id":11544,"date":"2023-12-11T12:58:59","date_gmt":"2023-12-11T08:58:59","guid":{"rendered":"https:\/\/etab.ac-reunion.fr\/lyc-stella\/?p=11544"},"modified":"2023-12-11T13:26:18","modified_gmt":"2023-12-11T09:26:18","slug":"merci-aux-pompiers","status":"publish","type":"post","link":"https:\/\/etab.ac-reunion.fr\/lyc-gerard-etheve\/merci-aux-pompiers\/","title":{"rendered":"Merci aux pompiers\u00a0!!"},"content":{"rendered":"\n<div class=\"wp-block-columns are-vertically-aligned-center is-layout-flex wp-container-core-columns-is-layout-9d6595d7 wp-block-columns-is-layout-flex\">\n<div class=\"wp-block-column is-vertically-aligned-center is-layout-flow wp-block-column-is-layout-flow\">\n<figure data-wp-context=\"{&quot;imageId&quot;:&quot;69f761417dbe9&quot;}\" data-wp-interactive=\"core\/image\" data-wp-key=\"69f761417dbe9\" class=\"wp-block-image size-large wp-lightbox-container\"><img loading=\"lazy\" decoding=\"async\" width=\"1024\" height=\"576\" data-wp-class--hide=\"state.isContentHidden\" data-wp-class--show=\"state.isContentVisible\" data-wp-init=\"callbacks.setButtonStyles\" data-wp-on--click=\"actions.showLightbox\" data-wp-on--load=\"callbacks.setButtonStyles\" data-wp-on-window--resize=\"callbacks.setButtonStyles\" src=\"https:\/\/etab.ac-reunion.fr\/lyc-stella\/wp-content\/uploads\/sites\/90\/2023\/12\/Pompiers2-1024x576.jpg\" alt=\"\" class=\"wp-image-11548\" srcset=\"https:\/\/etab.ac-reunion.fr\/lyc-gerard-etheve\/wp-content\/uploads\/sites\/90\/2023\/12\/Pompiers2-1024x576.jpg 1024w, https:\/\/etab.ac-reunion.fr\/lyc-gerard-etheve\/wp-content\/uploads\/sites\/90\/2023\/12\/Pompiers2-300x169.jpg 300w, https:\/\/etab.ac-reunion.fr\/lyc-gerard-etheve\/wp-content\/uploads\/sites\/90\/2023\/12\/Pompiers2-768x432.jpg 768w, https:\/\/etab.ac-reunion.fr\/lyc-gerard-etheve\/wp-content\/uploads\/sites\/90\/2023\/12\/Pompiers2-622x350.jpg 622w, https:\/\/etab.ac-reunion.fr\/lyc-gerard-etheve\/wp-content\/uploads\/sites\/90\/2023\/12\/Pompiers2-150x84.jpg 150w, https:\/\/etab.ac-reunion.fr\/lyc-gerard-etheve\/wp-content\/uploads\/sites\/90\/2023\/12\/Pompiers2.jpg 1280w\" sizes=\"auto, (max-width: 1024px) 100vw, 1024px\" \/><button\n\t\t\tclass=\"lightbox-trigger\"\n\t\t\ttype=\"button\"\n\t\t\taria-haspopup=\"dialog\"\n\t\t\taria-label=\"Agrandir\"\n\t\t\tdata-wp-init=\"callbacks.initTriggerButton\"\n\t\t\tdata-wp-on--click=\"actions.showLightbox\"\n\t\t\tdata-wp-style--right=\"state.imageButtonRight\"\n\t\t\tdata-wp-style--top=\"state.imageButtonTop\"\n\t\t>\n\t\t\t<svg xmlns=\"http:\/\/www.w3.org\/2000\/svg\" width=\"12\" height=\"12\" fill=\"none\" viewBox=\"0 0 12 12\">\n\t\t\t\t<path fill=\"#fff\" d=\"M2 0a2 2 0 0 0-2 2v2h1.5V2a.5.5 0 0 1 .5-.5h2V0H2Zm2 10.5H2a.5.5 0 0 1-.5-.5V8H0v2a2 2 0 0 0 2 2h2v-1.5ZM8 12v-1.5h2a.5.5 0 0 0 .5-.5V8H12v2a2 2 0 0 1-2 2H8Zm2-12a2 2 0 0 1 2 2v2h-1.5V2a.5.5 0 0 0-.5-.5H8V0h2Z\" \/>\n\t\t\t<\/svg>\n\t\t<\/button><\/figure>\n<\/div>\n\n\n\n<div class=\"wp-block-column is-vertically-aligned-center is-layout-flow wp-block-column-is-layout-flow\">\n<blockquote class=\"wp-block-quote is-layout-flow wp-block-quote-is-layout-flow\">\n<p class=\"has-text-align-center\">Nos plus sinc\u00e8res remerciements au Centre de Secours de Saint-Leu pour leur collaboration lors de l\u2019accueil des \u00e9l\u00e8ves de notre \u00e9tablissement partenaire d\u2019Estr\u00e9madure en Espagne, l\u2019I.E.S Javier Garc\u00eda T\u00e9llez.<\/p>\n\n\n\n<div style=\"height:15px\" aria-hidden=\"true\" class=\"wp-block-spacer\"><\/div>\n\n\n\n<p class=\"has-text-align-center\">Les \u00e9l\u00e8ves en mobilit\u00e9 Erasmus + ont eu l\u2019opportunit\u00e9 de d\u00e9couvrir le centre, de comprendre son fonctionnement et d\u2019\u00e9changer autour des diff\u00e9rentes pratiques de nos deux pays.<\/p>\n\n\n\n<div style=\"height:15px\" aria-hidden=\"true\" class=\"wp-block-spacer\"><\/div>\n\n\n\n<p class=\"has-text-align-center\">L\u2019accueil r\u00e9serv\u00e9 a \u00e9t\u00e9 professionnellement et humainement d\u2019une tr\u00e8s grande richesse et nous leur en sommes tr\u00e8s reconnaissants.<\/p>\n\n\n\n<div style=\"height:15px\" aria-hidden=\"true\" class=\"wp-block-spacer\"><\/div>\n\n\n\n<p class=\"has-text-align-center\">Merci au&nbsp;Lieutenant Patrick LEFEVRE pour sa confiance, \u00e0 l\u2019Adjudant-Chef Christian MERCIER, \u00e0 Daniel et \u00e0 tous les pompiers pour leur participation.&nbsp;Merci&nbsp;\u00e9galement&nbsp;\u00e0 Laetitia pour son accueil.&nbsp;<\/p>\n<\/blockquote>\n<\/div>\n<\/div>\n\n\n\n<figure class=\"wp-block-gallery has-nested-images columns-default is-cropped wp-block-gallery-2 is-layout-flex wp-block-gallery-is-layout-flex\">\n<figure data-wp-context=\"{&quot;imageId&quot;:&quot;69f761417e7d0&quot;}\" data-wp-interactive=\"core\/image\" data-wp-key=\"69f761417e7d0\" class=\"wp-block-image size-large wp-lightbox-container\"><img loading=\"lazy\" decoding=\"async\" width=\"576\" height=\"1024\" data-wp-class--hide=\"state.isContentHidden\" data-wp-class--show=\"state.isContentVisible\" data-wp-init=\"callbacks.setButtonStyles\" data-wp-on--click=\"actions.showLightbox\" data-wp-on--load=\"callbacks.setButtonStyles\" data-wp-on-window--resize=\"callbacks.setButtonStyles\" data-id=\"11546\" src=\"https:\/\/etab.ac-reunion.fr\/lyc-stella\/wp-content\/uploads\/sites\/90\/2023\/12\/Pompiers-1-576x1024.jpg\" alt=\"\" class=\"wp-image-11546\" srcset=\"https:\/\/etab.ac-reunion.fr\/lyc-gerard-etheve\/wp-content\/uploads\/sites\/90\/2023\/12\/Pompiers-1-576x1024.jpg 576w, https:\/\/etab.ac-reunion.fr\/lyc-gerard-etheve\/wp-content\/uploads\/sites\/90\/2023\/12\/Pompiers-1-169x300.jpg 169w, https:\/\/etab.ac-reunion.fr\/lyc-gerard-etheve\/wp-content\/uploads\/sites\/90\/2023\/12\/Pompiers-1-197x350.jpg 197w, https:\/\/etab.ac-reunion.fr\/lyc-gerard-etheve\/wp-content\/uploads\/sites\/90\/2023\/12\/Pompiers-1-84x150.jpg 84w, https:\/\/etab.ac-reunion.fr\/lyc-gerard-etheve\/wp-content\/uploads\/sites\/90\/2023\/12\/Pompiers-1.jpg 720w\" sizes=\"auto, (max-width: 576px) 100vw, 576px\" \/><button\n\t\t\tclass=\"lightbox-trigger\"\n\t\t\ttype=\"button\"\n\t\t\taria-haspopup=\"dialog\"\n\t\t\taria-label=\"Agrandir\"\n\t\t\tdata-wp-init=\"callbacks.initTriggerButton\"\n\t\t\tdata-wp-on--click=\"actions.showLightbox\"\n\t\t\tdata-wp-style--right=\"state.imageButtonRight\"\n\t\t\tdata-wp-style--top=\"state.imageButtonTop\"\n\t\t>\n\t\t\t<svg xmlns=\"http:\/\/www.w3.org\/2000\/svg\" width=\"12\" height=\"12\" fill=\"none\" viewBox=\"0 0 12 12\">\n\t\t\t\t<path fill=\"#fff\" d=\"M2 0a2 2 0 0 0-2 2v2h1.5V2a.5.5 0 0 1 .5-.5h2V0H2Zm2 10.5H2a.5.5 0 0 1-.5-.5V8H0v2a2 2 0 0 0 2 2h2v-1.5ZM8 12v-1.5h2a.5.5 0 0 0 .5-.5V8H12v2a2 2 0 0 1-2 2H8Zm2-12a2 2 0 0 1 2 2v2h-1.5V2a.5.5 0 0 0-.5-.5H8V0h2Z\" \/>\n\t\t\t<\/svg>\n\t\t<\/button><\/figure>\n\n\n\n<figure data-wp-context=\"{&quot;imageId&quot;:&quot;69f761417ee1a&quot;}\" data-wp-interactive=\"core\/image\" data-wp-key=\"69f761417ee1a\" class=\"wp-block-image size-large wp-lightbox-container\"><img loading=\"lazy\" decoding=\"async\" width=\"480\" height=\"853\" data-wp-class--hide=\"state.isContentHidden\" data-wp-class--show=\"state.isContentVisible\" data-wp-init=\"callbacks.setButtonStyles\" data-wp-on--click=\"actions.showLightbox\" data-wp-on--load=\"callbacks.setButtonStyles\" data-wp-on-window--resize=\"callbacks.setButtonStyles\" data-id=\"11554\" src=\"https:\/\/etab.ac-reunion.fr\/lyc-stella\/wp-content\/uploads\/sites\/90\/2023\/12\/Pompiers-3-edited.jpg\" alt=\"\" class=\"wp-image-11554\" srcset=\"https:\/\/etab.ac-reunion.fr\/lyc-gerard-etheve\/wp-content\/uploads\/sites\/90\/2023\/12\/Pompiers-3-edited.jpg 480w, https:\/\/etab.ac-reunion.fr\/lyc-gerard-etheve\/wp-content\/uploads\/sites\/90\/2023\/12\/Pompiers-3-edited-169x300.jpg 169w, https:\/\/etab.ac-reunion.fr\/lyc-gerard-etheve\/wp-content\/uploads\/sites\/90\/2023\/12\/Pompiers-3-edited-197x350.jpg 197w, https:\/\/etab.ac-reunion.fr\/lyc-gerard-etheve\/wp-content\/uploads\/sites\/90\/2023\/12\/Pompiers-3-edited-84x150.jpg 84w\" sizes=\"auto, (max-width: 480px) 100vw, 480px\" \/><button\n\t\t\tclass=\"lightbox-trigger\"\n\t\t\ttype=\"button\"\n\t\t\taria-haspopup=\"dialog\"\n\t\t\taria-label=\"Agrandir\"\n\t\t\tdata-wp-init=\"callbacks.initTriggerButton\"\n\t\t\tdata-wp-on--click=\"actions.showLightbox\"\n\t\t\tdata-wp-style--right=\"state.imageButtonRight\"\n\t\t\tdata-wp-style--top=\"state.imageButtonTop\"\n\t\t>\n\t\t\t<svg xmlns=\"http:\/\/www.w3.org\/2000\/svg\" width=\"12\" height=\"12\" fill=\"none\" viewBox=\"0 0 12 12\">\n\t\t\t\t<path fill=\"#fff\" d=\"M2 0a2 2 0 0 0-2 2v2h1.5V2a.5.5 0 0 1 .5-.5h2V0H2Zm2 10.5H2a.5.5 0 0 1-.5-.5V8H0v2a2 2 0 0 0 2 2h2v-1.5ZM8 12v-1.5h2a.5.5 0 0 0 .5-.5V8H12v2a2 2 0 0 1-2 2H8Zm2-12a2 2 0 0 1 2 2v2h-1.5V2a.5.5 0 0 0-.5-.5H8V0h2Z\" \/>\n\t\t\t<\/svg>\n\t\t<\/button><\/figure>\n<\/figure>\n","protected":false},"excerpt":{"rendered":"<p>Nos plus sinc\u00e8res remerciements au Centre de Secours de Saint-Leu&#8230; <a class=\"continue-reading-link\" href=\"https:\/\/etab.ac-reunion.fr\/lyc-gerard-etheve\/merci-aux-pompiers\/\">Continuer de lire<\/a><\/p>\n","protected":false},"author":32747,"featured_media":11556,"comment_status":"closed","ping_status":"closed","sticky":false,"template":"","format":"standard","meta":{"footnotes":"","_links_to":"","_links_to_target":""},"categories":[20,7],"tags":[],"class_list":["post-11544","post","type-post","status-publish","format-standard","has-post-thumbnail","hentry","category-actualites","category-evenements"],"_links":{"self":[{"href":"https:\/\/etab.ac-reunion.fr\/lyc-gerard-etheve\/wp-json\/wp\/v2\/posts\/11544","targetHints":{"allow":["GET"]}}],"collection":[{"href":"https:\/\/etab.ac-reunion.fr\/lyc-gerard-etheve\/wp-json\/wp\/v2\/posts"}],"about":[{"href":"https:\/\/etab.ac-reunion.fr\/lyc-gerard-etheve\/wp-json\/wp\/v2\/types\/post"}],"author":[{"embeddable":true,"href":"https:\/\/etab.ac-reunion.fr\/lyc-gerard-etheve\/wp-json\/wp\/v2\/users\/32747"}],"replies":[{"embeddable":true,"href":"https:\/\/etab.ac-reunion.fr\/lyc-gerard-etheve\/wp-json\/wp\/v2\/comments?post=11544"}],"version-history":[{"count":8,"href":"https:\/\/etab.ac-reunion.fr\/lyc-gerard-etheve\/wp-json\/wp\/v2\/posts\/11544\/revisions"}],"predecessor-version":[{"id":11573,"href":"https:\/\/etab.ac-reunion.fr\/lyc-gerard-etheve\/wp-json\/wp\/v2\/posts\/11544\/revisions\/11573"}],"wp:featuredmedia":[{"embeddable":true,"href":"https:\/\/etab.ac-reunion.fr\/lyc-gerard-etheve\/wp-json\/wp\/v2\/media\/11556"}],"wp:attachment":[{"href":"https:\/\/etab.ac-reunion.fr\/lyc-gerard-etheve\/wp-json\/wp\/v2\/media?parent=11544"}],"wp:term":[{"taxonomy":"category","embeddable":true,"href":"https:\/\/etab.ac-reunion.fr\/lyc-gerard-etheve\/wp-json\/wp\/v2\/categories?post=11544"},{"taxonomy":"post_tag","embeddable":true,"href":"https:\/\/etab.ac-reunion.fr\/lyc-gerard-etheve\/wp-json\/wp\/v2\/tags?post=11544"}],"curies":[{"name":"wp","href":"https:\/\/api.w.org\/{rel}","templated":true}]}}