{"id":12481,"date":"2024-10-28T12:42:12","date_gmt":"2024-10-28T08:42:12","guid":{"rendered":"https:\/\/etab.ac-reunion.fr\/lyc-stella\/?p=12481"},"modified":"2024-10-28T12:44:13","modified_gmt":"2024-10-28T08:44:13","slug":"resultats-du-cross-de-district-2024","status":"publish","type":"post","link":"https:\/\/etab.ac-reunion.fr\/lyc-gerard-etheve\/resultats-du-cross-de-district-2024\/","title":{"rendered":"RESULTATS DU CROSS DE DISTRICT 2024"},"content":{"rendered":"<div class=\"wp-block-image\">\n<figure class=\"alignright size-full\"><img loading=\"lazy\" decoding=\"async\" width=\"266\" height=\"339\" src=\"https:\/\/etab.ac-reunion.fr\/lyc-stella\/wp-content\/uploads\/sites\/90\/2024\/10\/Picture.png\" alt=\"\" class=\"wp-image-12482\" srcset=\"https:\/\/etab.ac-reunion.fr\/lyc-gerard-etheve\/wp-content\/uploads\/sites\/90\/2024\/10\/Picture.png 266w, https:\/\/etab.ac-reunion.fr\/lyc-gerard-etheve\/wp-content\/uploads\/sites\/90\/2024\/10\/Picture-235x300.png 235w, https:\/\/etab.ac-reunion.fr\/lyc-gerard-etheve\/wp-content\/uploads\/sites\/90\/2024\/10\/Picture-118x150.png 118w\" sizes=\"auto, (max-width: 266px) 100vw, 266px\" \/><\/figure>\n<\/div>\n\n\n<blockquote class=\"wp-block-quote is-layout-flow wp-block-quote-is-layout-flow\">\n<p class=\"has-text-align-left\">Les \u00e9l\u00e8ves du lyc\u00e9e Stella ont brillamment repr\u00e9sent\u00e9 leur \u00e9tablissement lors du cross de district , mercredi 9 Octobre, au stade de Langevin.<br>Cadets gar\u00e7ons\u00a0: 76 coureurs class\u00e9s<br>1er Champion de district\u00a0<br>HEER CAUCANAS Nil<br>2\u00e8me Vice champion<br>GUILLERM BRONSARD Awen<br>22\u00e8me\u00a0: BOUZANNE Milo<br>27\u00e8me\u00a0: BONTEMPS Lenny<br>55\u00e8me\u00a0: BEGUE Xavier<br>56\u00e8me\u00a0: SAUVAL Hugo<br>   61\u00e8me\u00a0: PICARD Hector<br>76\u00e8me DESILES Ilan<\/p>\n\n\n\n<p class=\"has-text-align-left\">Juniors gar\u00e7ons&nbsp;: 65 coureurs class\u00e9s<br>13\u00e8me&nbsp;: AUGUSTIN Nathan<br>24\u00e8me&nbsp;: HOARAU Mathys<br>25\u00e8me&nbsp;: GOMARD Louis<\/p>\n\n\n\n<p class=\"has-text-align-left\">Cadettes filles&nbsp;: 61 coureuses class\u00e9es<br>11\u00e8me&nbsp;: VIVIER Louna<br>23\u00e8me&nbsp;: BELL L\u00e9na<br>27\u00e8me&nbsp;: MONGIN Julia<br>40\u00e8me: FAGUET Lola<br>47\u00e8me : DESPAGNE L\u00e9a<\/p>\n\n\n\n<p class=\"has-text-align-left\">Juniores filles&nbsp;: 35 coureuses class\u00e9es<br>5\u00e8me&nbsp;: BEZOT M\u00e9rile<br>9\u00e8me&nbsp;: PETIT Tilia<\/p>\n\n\n\n<p class=\"has-text-align-left\">FELICITATIONS A TOUS CES ELEVES&nbsp;!!!!!<\/p>\n<\/blockquote>\n\n\n\n<p><\/p>\n","protected":false},"excerpt":{"rendered":"<p>Les \u00e9l\u00e8ves du lyc\u00e9e Stella ont brillamment repr\u00e9sent\u00e9 leur \u00e9tablissement lors du cross de district , mercredi 9 Octobre, au stade de Langevin. <a class=\"continue-reading-link\" href=\"https:\/\/etab.ac-reunion.fr\/lyc-gerard-etheve\/resultats-du-cross-de-district-2024\/\">Continuer de lire<\/a><\/p>\n","protected":false},"author":14176,"featured_media":12483,"comment_status":"closed","ping_status":"closed","sticky":false,"template":"","format":"standard","meta":{"footnotes":"","_links_to":"","_links_to_target":""},"categories":[20],"tags":[],"class_list":["post-12481","post","type-post","status-publish","format-standard","has-post-thumbnail","hentry","category-actualites"],"_links":{"self":[{"href":"https:\/\/etab.ac-reunion.fr\/lyc-gerard-etheve\/wp-json\/wp\/v2\/posts\/12481","targetHints":{"allow":["GET"]}}],"collection":[{"href":"https:\/\/etab.ac-reunion.fr\/lyc-gerard-etheve\/wp-json\/wp\/v2\/posts"}],"about":[{"href":"https:\/\/etab.ac-reunion.fr\/lyc-gerard-etheve\/wp-json\/wp\/v2\/types\/post"}],"author":[{"embeddable":true,"href":"https:\/\/etab.ac-reunion.fr\/lyc-gerard-etheve\/wp-json\/wp\/v2\/users\/14176"}],"replies":[{"embeddable":true,"href":"https:\/\/etab.ac-reunion.fr\/lyc-gerard-etheve\/wp-json\/wp\/v2\/comments?post=12481"}],"version-history":[{"count":5,"href":"https:\/\/etab.ac-reunion.fr\/lyc-gerard-etheve\/wp-json\/wp\/v2\/posts\/12481\/revisions"}],"predecessor-version":[{"id":12488,"href":"https:\/\/etab.ac-reunion.fr\/lyc-gerard-etheve\/wp-json\/wp\/v2\/posts\/12481\/revisions\/12488"}],"wp:featuredmedia":[{"embeddable":true,"href":"https:\/\/etab.ac-reunion.fr\/lyc-gerard-etheve\/wp-json\/wp\/v2\/media\/12483"}],"wp:attachment":[{"href":"https:\/\/etab.ac-reunion.fr\/lyc-gerard-etheve\/wp-json\/wp\/v2\/media?parent=12481"}],"wp:term":[{"taxonomy":"category","embeddable":true,"href":"https:\/\/etab.ac-reunion.fr\/lyc-gerard-etheve\/wp-json\/wp\/v2\/categories?post=12481"},{"taxonomy":"post_tag","embeddable":true,"href":"https:\/\/etab.ac-reunion.fr\/lyc-gerard-etheve\/wp-json\/wp\/v2\/tags?post=12481"}],"curies":[{"name":"wp","href":"https:\/\/api.w.org\/{rel}","templated":true}]}}