{"id":12490,"date":"2024-11-18T13:59:45","date_gmt":"2024-11-18T09:59:45","guid":{"rendered":"https:\/\/etab.ac-reunion.fr\/lyc-stella\/?p=12490"},"modified":"2024-11-18T14:04:40","modified_gmt":"2024-11-18T10:04:40","slug":"lyceens-au-cinema","status":"publish","type":"post","link":"https:\/\/etab.ac-reunion.fr\/lyc-gerard-etheve\/lyceens-au-cinema\/","title":{"rendered":"Lyc\u00e9ens au cin\u00e9ma"},"content":{"rendered":"\n<blockquote class=\"wp-block-quote is-layout-flow wp-block-quote-is-layout-flow\">\n<p class=\"has-text-align-center\">Cette ann\u00e9e encore le lyc\u00e9e Stella participe \u00e0 l&rsquo;action \u00ab\u00a0ma classe au cin\u00e9ma\u00a0\u00bb<br>3 projections sont pr\u00e9vues pour l&rsquo;ann\u00e9e scolaire<br>premi\u00e8re projection le jeudi 28 novembre au cin\u00e9 Cambaie \u00e0 St Paul<br>\u00ab\u00a0Le p\u00e9ril jeune\u00a0\u00bb de C Klapisch<br>( classes concern\u00e9es: 2de6\/7\/8\/9 ; 2Bmva ; 1Baero ; 1Sti2d ; 1Hlp2 ; T1 ; T5 )<\/p>\n<\/blockquote>\n\n\n<div class=\"wp-block-image\">\n<figure class=\"aligncenter size-full is-resized\"><img loading=\"lazy\" decoding=\"async\" width=\"640\" height=\"427\" src=\"https:\/\/etab.ac-reunion.fr\/lyc-stella\/wp-content\/uploads\/sites\/90\/2024\/11\/video-production-4223885_640.jpg\" alt=\"\" class=\"wp-image-12491\" style=\"width:934px;height:auto\" srcset=\"https:\/\/etab.ac-reunion.fr\/lyc-gerard-etheve\/wp-content\/uploads\/sites\/90\/2024\/11\/video-production-4223885_640.jpg 640w, https:\/\/etab.ac-reunion.fr\/lyc-gerard-etheve\/wp-content\/uploads\/sites\/90\/2024\/11\/video-production-4223885_640-300x200.jpg 300w, https:\/\/etab.ac-reunion.fr\/lyc-gerard-etheve\/wp-content\/uploads\/sites\/90\/2024\/11\/video-production-4223885_640-525x350.jpg 525w, https:\/\/etab.ac-reunion.fr\/lyc-gerard-etheve\/wp-content\/uploads\/sites\/90\/2024\/11\/video-production-4223885_640-150x100.jpg 150w\" sizes=\"auto, (max-width: 640px) 100vw, 640px\" \/><\/figure>\n<\/div>","protected":false},"excerpt":{"rendered":"<p>\u00ab\u00a0Le p\u00e9ril jeune\u00a0\u00bb de C Klapisch <a class=\"continue-reading-link\" href=\"https:\/\/etab.ac-reunion.fr\/lyc-gerard-etheve\/lyceens-au-cinema\/\">Continuer de lire<\/a><\/p>\n","protected":false},"author":14176,"featured_media":12495,"comment_status":"closed","ping_status":"closed","sticky":false,"template":"","format":"standard","meta":{"footnotes":"","_links_to":"","_links_to_target":""},"categories":[20,75],"tags":[],"class_list":["post-12490","post","type-post","status-publish","format-standard","has-post-thumbnail","hentry","category-actualites","category-perimable"],"_links":{"self":[{"href":"https:\/\/etab.ac-reunion.fr\/lyc-gerard-etheve\/wp-json\/wp\/v2\/posts\/12490","targetHints":{"allow":["GET"]}}],"collection":[{"href":"https:\/\/etab.ac-reunion.fr\/lyc-gerard-etheve\/wp-json\/wp\/v2\/posts"}],"about":[{"href":"https:\/\/etab.ac-reunion.fr\/lyc-gerard-etheve\/wp-json\/wp\/v2\/types\/post"}],"author":[{"embeddable":true,"href":"https:\/\/etab.ac-reunion.fr\/lyc-gerard-etheve\/wp-json\/wp\/v2\/users\/14176"}],"replies":[{"embeddable":true,"href":"https:\/\/etab.ac-reunion.fr\/lyc-gerard-etheve\/wp-json\/wp\/v2\/comments?post=12490"}],"version-history":[{"count":9,"href":"https:\/\/etab.ac-reunion.fr\/lyc-gerard-etheve\/wp-json\/wp\/v2\/posts\/12490\/revisions"}],"predecessor-version":[{"id":12503,"href":"https:\/\/etab.ac-reunion.fr\/lyc-gerard-etheve\/wp-json\/wp\/v2\/posts\/12490\/revisions\/12503"}],"wp:featuredmedia":[{"embeddable":true,"href":"https:\/\/etab.ac-reunion.fr\/lyc-gerard-etheve\/wp-json\/wp\/v2\/media\/12495"}],"wp:attachment":[{"href":"https:\/\/etab.ac-reunion.fr\/lyc-gerard-etheve\/wp-json\/wp\/v2\/media?parent=12490"}],"wp:term":[{"taxonomy":"category","embeddable":true,"href":"https:\/\/etab.ac-reunion.fr\/lyc-gerard-etheve\/wp-json\/wp\/v2\/categories?post=12490"},{"taxonomy":"post_tag","embeddable":true,"href":"https:\/\/etab.ac-reunion.fr\/lyc-gerard-etheve\/wp-json\/wp\/v2\/tags?post=12490"}],"curies":[{"name":"wp","href":"https:\/\/api.w.org\/{rel}","templated":true}]}}