{"id":2229,"date":"2016-11-18T10:54:17","date_gmt":"2016-11-18T06:54:17","guid":{"rendered":"http:\/\/lycee-stella.ac-reunion.fr\/?p=2229"},"modified":"2023-07-13T20:54:20","modified_gmt":"2023-07-13T16:54:20","slug":"gagnants-concours-poesie-le-soleil-a-rendez-vous-avec-la-lune","status":"publish","type":"post","link":"https:\/\/etab.ac-reunion.fr\/lyc-gerard-etheve\/gagnants-concours-poesie-le-soleil-a-rendez-vous-avec-la-lune\/","title":{"rendered":"Gagnants concours po\u00e9sie \u00ab\u00a0le soleil a rendez-vous avec la lune..\u00a0\u00bb"},"content":{"rendered":"<p>Apr\u00e8s beaucoup de r\u00e9flexion, finalement, nous avons les gagnants du concours de po\u00e9sie !<\/p>\n<p>Merci beaucoup a tous les participants et f\u00e9licitations aux gagnants !<\/p>\n<div class=\"su-document su-u-responsive-media-yes\"><iframe loading=\"lazy\" src=\"\/\/docs.google.com\/viewer?embedded=true&url=https:\/\/etab.ac-reunion.fr\/lyc-stella\/wp-content\/uploads\/sites\/90\/2016\/11\/Gagnants.pdf\" width=\"640\" height=\"1000\" class=\"su-document\" title=\"\"><\/iframe><\/div>\n","protected":false},"excerpt":{"rendered":"<p>Apr\u00e8s beaucoup de r\u00e9flexion, finalement, nous avons les gagnants du&#8230; <a class=\"continue-reading-link\" href=\"https:\/\/etab.ac-reunion.fr\/lyc-gerard-etheve\/gagnants-concours-poesie-le-soleil-a-rendez-vous-avec-la-lune\/\">Continuer de lire<\/a><\/p>\n","protected":false},"author":10404,"featured_media":2237,"comment_status":"closed","ping_status":"closed","sticky":false,"template":"","format":"standard","meta":{"footnotes":"","_links_to":"","_links_to_target":""},"categories":[20,68],"tags":[],"class_list":["post-2229","post","type-post","status-publish","format-standard","has-post-thumbnail","hentry","category-actualites","category-associations"],"_links":{"self":[{"href":"https:\/\/etab.ac-reunion.fr\/lyc-gerard-etheve\/wp-json\/wp\/v2\/posts\/2229","targetHints":{"allow":["GET"]}}],"collection":[{"href":"https:\/\/etab.ac-reunion.fr\/lyc-gerard-etheve\/wp-json\/wp\/v2\/posts"}],"about":[{"href":"https:\/\/etab.ac-reunion.fr\/lyc-gerard-etheve\/wp-json\/wp\/v2\/types\/post"}],"author":[{"embeddable":true,"href":"https:\/\/etab.ac-reunion.fr\/lyc-gerard-etheve\/wp-json\/wp\/v2\/users\/10404"}],"replies":[{"embeddable":true,"href":"https:\/\/etab.ac-reunion.fr\/lyc-gerard-etheve\/wp-json\/wp\/v2\/comments?post=2229"}],"version-history":[{"count":6,"href":"https:\/\/etab.ac-reunion.fr\/lyc-gerard-etheve\/wp-json\/wp\/v2\/posts\/2229\/revisions"}],"predecessor-version":[{"id":10384,"href":"https:\/\/etab.ac-reunion.fr\/lyc-gerard-etheve\/wp-json\/wp\/v2\/posts\/2229\/revisions\/10384"}],"wp:featuredmedia":[{"embeddable":true,"href":"https:\/\/etab.ac-reunion.fr\/lyc-gerard-etheve\/wp-json\/wp\/v2\/media\/2237"}],"wp:attachment":[{"href":"https:\/\/etab.ac-reunion.fr\/lyc-gerard-etheve\/wp-json\/wp\/v2\/media?parent=2229"}],"wp:term":[{"taxonomy":"category","embeddable":true,"href":"https:\/\/etab.ac-reunion.fr\/lyc-gerard-etheve\/wp-json\/wp\/v2\/categories?post=2229"},{"taxonomy":"post_tag","embeddable":true,"href":"https:\/\/etab.ac-reunion.fr\/lyc-gerard-etheve\/wp-json\/wp\/v2\/tags?post=2229"}],"curies":[{"name":"wp","href":"https:\/\/api.w.org\/{rel}","templated":true}]}}