{"id":2300,"date":"2016-12-08T08:51:03","date_gmt":"2016-12-08T04:51:03","guid":{"rendered":"http:\/\/lycee-stella.ac-reunion.fr\/?p=2300"},"modified":"2023-07-13T20:50:35","modified_gmt":"2023-07-13T16:50:35","slug":"scotty-hoareau-champion-dacademie-de-cross-contry","status":"publish","type":"post","link":"https:\/\/etab.ac-reunion.fr\/lyc-gerard-etheve\/scotty-hoareau-champion-dacademie-de-cross-contry\/","title":{"rendered":"Scotty Hoareau. Champion d&rsquo;acad\u00e9mie de cross contry"},"content":{"rendered":"<p>Jamais, il ne d\u00e9m\u00e9rite tellement il pers\u00e9v\u00e8re.<br \/>\nBravo, bravissimo \u00e0 <span style=\"font-size: 14pt\">Scotty!<\/span><\/p>\n<p><span style=\"color: #ff0000\"><span style=\"font-size: x-large\"><b>SCOTTY HOAREAU TERMINALE BMVA<\/b><\/span><\/span><\/p>\n<p><span style=\"color: #ff0000\"><span style=\"font-size: x-large\"><b>VICE CHAMPION D\u2019ACADEMIE DE CROSS COUNTRY<\/b><\/span><\/span><\/p>\n<p><span style=\"color: #ff0000\"><span style=\"font-size: xx-large\"><b>FELICITATIONS\u00a0!!!<\/b><\/span><\/span><\/p>\n<p><img loading=\"lazy\" decoding=\"async\" class=\"size-full wp-image-2312 aligncenter\" src=\"https:\/\/etab.ac-reunion.fr\/lyc-stella\/wp-content\/uploads\/sites\/90\/2016\/12\/champion.jpg\" alt=\"champion\" width=\"938\" height=\"689\" srcset=\"https:\/\/etab.ac-reunion.fr\/lyc-gerard-etheve\/wp-content\/uploads\/sites\/90\/2016\/12\/champion.jpg 938w, https:\/\/etab.ac-reunion.fr\/lyc-gerard-etheve\/wp-content\/uploads\/sites\/90\/2016\/12\/champion-300x220.jpg 300w\" sizes=\"auto, (max-width: 938px) 100vw, 938px\" \/><\/p>\n","protected":false},"excerpt":{"rendered":"<p>Jamais, il ne d\u00e9m\u00e9rite tellement il pers\u00e9v\u00e8re. Bravo, bravissimo \u00e0&#8230; <a class=\"continue-reading-link\" href=\"https:\/\/etab.ac-reunion.fr\/lyc-gerard-etheve\/scotty-hoareau-champion-dacademie-de-cross-contry\/\">Continuer de lire<\/a><\/p>\n","protected":false},"author":10404,"featured_media":2315,"comment_status":"closed","ping_status":"closed","sticky":false,"template":"","format":"standard","meta":{"footnotes":"","_links_to":"","_links_to_target":""},"categories":[20,68],"tags":[],"class_list":["post-2300","post","type-post","status-publish","format-standard","has-post-thumbnail","hentry","category-actualites","category-associations"],"_links":{"self":[{"href":"https:\/\/etab.ac-reunion.fr\/lyc-gerard-etheve\/wp-json\/wp\/v2\/posts\/2300","targetHints":{"allow":["GET"]}}],"collection":[{"href":"https:\/\/etab.ac-reunion.fr\/lyc-gerard-etheve\/wp-json\/wp\/v2\/posts"}],"about":[{"href":"https:\/\/etab.ac-reunion.fr\/lyc-gerard-etheve\/wp-json\/wp\/v2\/types\/post"}],"author":[{"embeddable":true,"href":"https:\/\/etab.ac-reunion.fr\/lyc-gerard-etheve\/wp-json\/wp\/v2\/users\/10404"}],"replies":[{"embeddable":true,"href":"https:\/\/etab.ac-reunion.fr\/lyc-gerard-etheve\/wp-json\/wp\/v2\/comments?post=2300"}],"version-history":[{"count":10,"href":"https:\/\/etab.ac-reunion.fr\/lyc-gerard-etheve\/wp-json\/wp\/v2\/posts\/2300\/revisions"}],"predecessor-version":[{"id":10381,"href":"https:\/\/etab.ac-reunion.fr\/lyc-gerard-etheve\/wp-json\/wp\/v2\/posts\/2300\/revisions\/10381"}],"wp:featuredmedia":[{"embeddable":true,"href":"https:\/\/etab.ac-reunion.fr\/lyc-gerard-etheve\/wp-json\/wp\/v2\/media\/2315"}],"wp:attachment":[{"href":"https:\/\/etab.ac-reunion.fr\/lyc-gerard-etheve\/wp-json\/wp\/v2\/media?parent=2300"}],"wp:term":[{"taxonomy":"category","embeddable":true,"href":"https:\/\/etab.ac-reunion.fr\/lyc-gerard-etheve\/wp-json\/wp\/v2\/categories?post=2300"},{"taxonomy":"post_tag","embeddable":true,"href":"https:\/\/etab.ac-reunion.fr\/lyc-gerard-etheve\/wp-json\/wp\/v2\/tags?post=2300"}],"curies":[{"name":"wp","href":"https:\/\/api.w.org\/{rel}","templated":true}]}}