{"id":5778,"date":"2018-10-02T14:35:28","date_gmt":"2018-10-02T10:35:28","guid":{"rendered":"http:\/\/lycee-stella.ac-reunion.fr\/?p=5778"},"modified":"2023-07-17T08:40:51","modified_gmt":"2023-07-17T04:40:51","slug":"ecrire-est-un-acte-precieux","status":"publish","type":"post","link":"https:\/\/etab.ac-reunion.fr\/lyc-gerard-etheve\/ecrire-est-un-acte-precieux\/","title":{"rendered":"\u00ab\u00a0\u00e9crire est un acte pr\u00e9cieux\u00a0\u00bb"},"content":{"rendered":"<p><strong>Retour sur la rencontre avec Nathacha Appanah<\/strong><\/p>\n<div id=\":15n\" class=\"ii gt\">\n<div id=\":15m\" class=\"a3s aXjCH \">\n<div>\n<p>Natacha Appanah\u00a0 a remerci\u00e9 les \u00e9l\u00e8ves de 1L qui\u00a0 ont pr\u00e9par\u00e9 un arbre \u00e0 mots avec des calligrammes sur sa biographie,\u00a0 une boite \u00e0 questions &#8230;et lui ont offert une lecture musicale d&rsquo;un extrait de son roman, elle s&rsquo;est pr\u00e9sent\u00e9e tr\u00e8s simplement et \u00e0 pioch\u00e9 &#8230;<\/p>\n<p>Premi\u00e8re question sur Mayotte et l&rsquo;auteure de raconter la gen\u00e8se du roman , ses deux s\u00e9jours sur place et ce besoin qui en est n\u00e9 d&rsquo;\u00e9crire &#8230;elle parle de sa passion pour l&rsquo;\u00e9criture contract\u00e9e d\u00e8s l&rsquo;age de 13ans \u00ab\u00a0\u00e9crire est un acte pr\u00e9cieux, j&rsquo;ai trouv\u00e9 ma place\u00a0\u00bb,<\/p>\n<p>de la lecture aussi, \u00ab\u00a0c&rsquo;est dans les livres que je me suis dit: tiens il dit exactement ce que je ressens, je crois au pouvoir \u00e9vocateur de la fiction, c&rsquo;est quelque chose d&rsquo;essentiel, un pouvoir \u00e9vocateur qui vous fait vivre ce que jamais vous ne vivrez, vous vous identifiez&#8230;\u00a0\u00bb<\/p>\n<p>elle nous confie \u00ab\u00a0tous mes livres me touchent, diff\u00e9remment\u00a0\u00bb<\/p>\n<p>\u00ab Tropique de la violence\u00a0\u00bb lui a demand\u00e9 3 ans de travail,une grande partie a \u00e9t\u00e9 consacr\u00e9e \u00e0 savoir comment les personnages parleraient, quelle langue, quel type de langage, les \u00e9l\u00e8ves ont plusieurs fois dit qu\u2019ils appr\u00e9ciaient le langage familier utilis\u00e9 pour l\u2019\u00e9criture<\/p>\n<p>elle nous livre \u00ab\u00a0j\u2019ai pleur\u00e9 pendant l\u2019\u00e9criture\u00a0\u00bb<\/p>\n<p>elle a gagn\u00e9 13 prix pour ce roman, une \u00e9l\u00e8ve veut savoir ce qu&rsquo;elle ressent, \u00ab\u00a0c&rsquo;est un cadeau, \u00e7a ne laisse personne indiff\u00e9rent\u00a0\u00bb<\/p>\n<p>un \u00e9l\u00e8ve l\u2019interroge sur la fin, mort de Moise ou pas\u00a0?<\/p>\n<p>Pour elle la fin est ouverte, tr\u00e8s pudique, c\u2019est aux lecteurs de l\u2019imaginer, c\u2019est ce qu\u2019elle aime laisser aux lecteurs la possibilit\u00e9 et la libert\u00e9 d\u2019imaginer, elle ne veut pas guider et orienter la lecture<\/p>\n<p>elle insiste sur le fait que \u00ab\u00a0l\u2019imagination c\u2019est quelque chose qui se travaille\u00a0\u00bb aussi bien pour l\u2019\u00e9crivain que pour les lecteurs<\/p>\n<p>la rencontre se termine\u00a0 par une s\u00e9ance de d\u00e9dicaces et des conseils de lecture pour les \u00e9l\u00e8ves, certains repartent avec d&rsquo;autres titres de l&rsquo;\u00e9crivaine.<\/p>\n<p><b>Objectif atteint : Donner envie de lire<\/b><\/p>\n<hr \/>\n<div class=\"yj6qo\" style=\"text-align: center\">Voici quelques photos de la rencontre &#8230;<\/div>\n<hr \/>\n<div class=\"adL\"><\/div>\n<\/div>\n<div class=\"adL\"><div class=\"su-custom-gallery su-custom-gallery-align-left su-custom-gallery-title-never\"><div class=\"su-custom-gallery-slide\" style=\"width:400px;height:400px\"><a><img loading=\"lazy\" decoding=\"async\" src=\"https:\/\/etab.ac-reunion.fr\/lyc-gerard-etheve\/wp-content\/uploads\/sites\/90\/2018\/10\/IMG_7440.jpg\" alt=\"IMG_7440\" width=\"400\" height=\"400\" \/><span class=\"su-custom-gallery-title\">IMG_7440<\/span><\/a><\/div><div class=\"su-custom-gallery-slide\" style=\"width:400px;height:400px\"><a><img loading=\"lazy\" decoding=\"async\" src=\"https:\/\/etab.ac-reunion.fr\/lyc-gerard-etheve\/wp-content\/uploads\/sites\/90\/2018\/10\/IMG_7511.jpg\" alt=\"IMG_7511\" width=\"400\" height=\"400\" \/><span class=\"su-custom-gallery-title\">IMG_7511<\/span><\/a><\/div><div class=\"su-custom-gallery-slide\" style=\"width:400px;height:400px\"><a><img loading=\"lazy\" decoding=\"async\" src=\"https:\/\/etab.ac-reunion.fr\/lyc-gerard-etheve\/wp-content\/uploads\/sites\/90\/2018\/10\/2appanah3.jpg\" alt=\"2appanah3\" width=\"400\" height=\"400\" \/><span class=\"su-custom-gallery-title\">2appanah3<\/span><\/a><\/div><div class=\"su-custom-gallery-slide\" style=\"width:400px;height:400px\"><a><img loading=\"lazy\" decoding=\"async\" src=\"https:\/\/etab.ac-reunion.fr\/lyc-gerard-etheve\/wp-content\/uploads\/sites\/90\/2018\/10\/IMG_7474.jpg\" alt=\"IMG_7474\" width=\"400\" height=\"400\" \/><span class=\"su-custom-gallery-title\">IMG_7474<\/span><\/a><\/div><div class=\"su-custom-gallery-slide\" style=\"width:400px;height:400px\"><a><img loading=\"lazy\" decoding=\"async\" src=\"https:\/\/etab.ac-reunion.fr\/lyc-gerard-etheve\/wp-content\/uploads\/sites\/90\/2018\/10\/IMG_7568.jpg\" alt=\"IMG_7568\" width=\"400\" height=\"400\" \/><span class=\"su-custom-gallery-title\">IMG_7568<\/span><\/a><\/div><div class=\"su-clear\"><\/div><\/div><\/div>\n<\/div>\n<\/div>\n<div id=\":1br\" class=\"hq gt\"><\/div>\n","protected":false},"excerpt":{"rendered":"<p>Retour sur la rencontre avec Nathacha Appanah Natacha Appanah\u00a0 a&#8230; <a class=\"continue-reading-link\" href=\"https:\/\/etab.ac-reunion.fr\/lyc-gerard-etheve\/ecrire-est-un-acte-precieux\/\">Continuer de lire<\/a><\/p>\n","protected":false},"author":14176,"featured_media":5412,"comment_status":"closed","ping_status":"closed","sticky":false,"template":"","format":"standard","meta":{"footnotes":"","_links_to":"","_links_to_target":""},"categories":[20,51],"tags":[],"class_list":["post-5778","post","type-post","status-publish","format-standard","has-post-thumbnail","hentry","category-actualites","category-cdi"],"_links":{"self":[{"href":"https:\/\/etab.ac-reunion.fr\/lyc-gerard-etheve\/wp-json\/wp\/v2\/posts\/5778","targetHints":{"allow":["GET"]}}],"collection":[{"href":"https:\/\/etab.ac-reunion.fr\/lyc-gerard-etheve\/wp-json\/wp\/v2\/posts"}],"about":[{"href":"https:\/\/etab.ac-reunion.fr\/lyc-gerard-etheve\/wp-json\/wp\/v2\/types\/post"}],"author":[{"embeddable":true,"href":"https:\/\/etab.ac-reunion.fr\/lyc-gerard-etheve\/wp-json\/wp\/v2\/users\/14176"}],"replies":[{"embeddable":true,"href":"https:\/\/etab.ac-reunion.fr\/lyc-gerard-etheve\/wp-json\/wp\/v2\/comments?post=5778"}],"version-history":[{"count":6,"href":"https:\/\/etab.ac-reunion.fr\/lyc-gerard-etheve\/wp-json\/wp\/v2\/posts\/5778\/revisions"}],"predecessor-version":[{"id":10757,"href":"https:\/\/etab.ac-reunion.fr\/lyc-gerard-etheve\/wp-json\/wp\/v2\/posts\/5778\/revisions\/10757"}],"wp:featuredmedia":[{"embeddable":true,"href":"https:\/\/etab.ac-reunion.fr\/lyc-gerard-etheve\/wp-json\/wp\/v2\/media\/5412"}],"wp:attachment":[{"href":"https:\/\/etab.ac-reunion.fr\/lyc-gerard-etheve\/wp-json\/wp\/v2\/media?parent=5778"}],"wp:term":[{"taxonomy":"category","embeddable":true,"href":"https:\/\/etab.ac-reunion.fr\/lyc-gerard-etheve\/wp-json\/wp\/v2\/categories?post=5778"},{"taxonomy":"post_tag","embeddable":true,"href":"https:\/\/etab.ac-reunion.fr\/lyc-gerard-etheve\/wp-json\/wp\/v2\/tags?post=5778"}],"curies":[{"name":"wp","href":"https:\/\/api.w.org\/{rel}","templated":true}]}}