{"id":7228,"date":"2020-04-03T13:48:44","date_gmt":"2020-04-03T09:48:44","guid":{"rendered":"http:\/\/lycee-stella.ac-reunion.fr\/?p=7228"},"modified":"2023-07-14T19:54:49","modified_gmt":"2023-07-14T15:54:49","slug":"logiciels-gratuits-pour-des-revisions-en-francais-et-langues-etrangeres","status":"publish","type":"post","link":"https:\/\/etab.ac-reunion.fr\/lyc-gerard-etheve\/logiciels-gratuits-pour-des-revisions-en-francais-et-langues-etrangeres\/","title":{"rendered":"Logiciels gratuits pour des r\u00e9visions en fran\u00e7ais et langues \u00e9trang\u00e8res"},"content":{"rendered":"<p>\u00a0<\/p>\n<p>Dans le cadre de la continuit\u00e9 p\u00e9dagogique, G\u00e9n\u00e9ration 5, \u00e9diteur du monde de l&rsquo;\u00e9ducation (conforme\u00a0 \u00e0 la RGPD), propose gratuitement des logiciels \u00e0 t\u00e9l\u00e9charger et \u00e0 utiliser hors connexion pour r\u00e9viser en langues (niveau A1 et B2) et en fran\u00e7ais : orthographe, grammaire, notions lexicales, etc.<\/p>\n<p>Site Web : <a href=\"https:\/\/www.monecoleadomicile.fr\/views\/Lycee.php\">https:\/\/www.monecoleadomicile.fr\/views\/Lycee.php<\/a><\/p>\n<p>Ces ressources sont \u00e9galement utilisables pour le coll\u00e8ge.<\/p>\n<p>\u00a0<\/p>\n\n\n<figure class=\"wp-block-image size-large\"><img decoding=\"async\" src=\"https:\/\/etab.ac-reunion.fr\/lyc-stella\/wp-content\/uploads\/sites\/90\/2020\/04\/laptop-3087585_1280.jpg\" alt=\"\" \/><\/figure>\n","protected":false},"excerpt":{"rendered":"<p>\u00a0 Dans le cadre de la continuit\u00e9 p\u00e9dagogique, G\u00e9n\u00e9ration 5,&#8230; <a class=\"continue-reading-link\" href=\"https:\/\/etab.ac-reunion.fr\/lyc-gerard-etheve\/logiciels-gratuits-pour-des-revisions-en-francais-et-langues-etrangeres\/\">Continuer de lire<\/a><\/p>\n","protected":false},"author":14176,"featured_media":7229,"comment_status":"closed","ping_status":"closed","sticky":false,"template":"","format":"standard","meta":{"footnotes":"","_links_to":"","_links_to_target":""},"categories":[45,20],"tags":[],"class_list":["post-7228","post","type-post","status-publish","format-standard","has-post-thumbnail","hentry","category-accompagnement","category-actualites"],"_links":{"self":[{"href":"https:\/\/etab.ac-reunion.fr\/lyc-gerard-etheve\/wp-json\/wp\/v2\/posts\/7228","targetHints":{"allow":["GET"]}}],"collection":[{"href":"https:\/\/etab.ac-reunion.fr\/lyc-gerard-etheve\/wp-json\/wp\/v2\/posts"}],"about":[{"href":"https:\/\/etab.ac-reunion.fr\/lyc-gerard-etheve\/wp-json\/wp\/v2\/types\/post"}],"author":[{"embeddable":true,"href":"https:\/\/etab.ac-reunion.fr\/lyc-gerard-etheve\/wp-json\/wp\/v2\/users\/14176"}],"replies":[{"embeddable":true,"href":"https:\/\/etab.ac-reunion.fr\/lyc-gerard-etheve\/wp-json\/wp\/v2\/comments?post=7228"}],"version-history":[{"count":5,"href":"https:\/\/etab.ac-reunion.fr\/lyc-gerard-etheve\/wp-json\/wp\/v2\/posts\/7228\/revisions"}],"predecessor-version":[{"id":10583,"href":"https:\/\/etab.ac-reunion.fr\/lyc-gerard-etheve\/wp-json\/wp\/v2\/posts\/7228\/revisions\/10583"}],"wp:featuredmedia":[{"embeddable":true,"href":"https:\/\/etab.ac-reunion.fr\/lyc-gerard-etheve\/wp-json\/wp\/v2\/media\/7229"}],"wp:attachment":[{"href":"https:\/\/etab.ac-reunion.fr\/lyc-gerard-etheve\/wp-json\/wp\/v2\/media?parent=7228"}],"wp:term":[{"taxonomy":"category","embeddable":true,"href":"https:\/\/etab.ac-reunion.fr\/lyc-gerard-etheve\/wp-json\/wp\/v2\/categories?post=7228"},{"taxonomy":"post_tag","embeddable":true,"href":"https:\/\/etab.ac-reunion.fr\/lyc-gerard-etheve\/wp-json\/wp\/v2\/tags?post=7228"}],"curies":[{"name":"wp","href":"https:\/\/api.w.org\/{rel}","templated":true}]}}