{"id":7242,"date":"2020-04-06T13:30:38","date_gmt":"2020-04-06T09:30:38","guid":{"rendered":"http:\/\/lycee-stella.ac-reunion.fr\/?p=7242"},"modified":"2023-07-13T21:30:06","modified_gmt":"2023-07-13T17:30:06","slug":"je-suis-eleve-de-terminale-en-voie-generale-ou-technologique","status":"publish","type":"post","link":"https:\/\/etab.ac-reunion.fr\/lyc-gerard-etheve\/je-suis-eleve-de-terminale-en-voie-generale-ou-technologique\/","title":{"rendered":"Je suis \u00e9l\u00e8ve de terminale en voie g\u00e9n\u00e9rale ou technologique"},"content":{"rendered":"<div class=\"moz-text-html\" lang=\"x-unicode\">\n<div dir=\"ltr\">\n<p>Voil\u00e0 ce qu&rsquo;il faut avoir en t\u00eate pour la session du baccalaur\u00e9at de cette ann\u00e9e:<\/p>\n<p>Les notes obtenues pendant le confinement ne comptent pas mais les membres de l&rsquo;\u00e9quipe p\u00e9dagogique et \u00e9ducative souligneront le s\u00e9rieux des efforts fournis sur votre bulletin ainsi que dans votre livret scolaire pour le jury de bac durant l&rsquo;ann\u00e9e scolaire, la p\u00e9riode de confinement et au 3\u00e8me trimestre qui s&rsquo;ach\u00e8vera le 4 juillet 2020. Nous sommes encore incapables de dire quand il d\u00e9butera puisque tout d\u00e9pendra de la situation sanitaire de notre d\u00e9partement. . .<\/p>\n<h3 id=\"edugouv-summary-item-27\" class=\"gmail-title\">Les \u00e9preuves terminales du baccalaur\u00e9at auront-elles lieu ?<\/h3>\n<p>Non, les \u00e9preuves terminales sont annul\u00e9es compte tenu de la situation exceptionnelle que notre pays traverse.<\/p>\n<h3 id=\"edugouv-summary-item-28\" class=\"gmail-title\">Comment seront \u00e9valu\u00e9s les candidats ?<\/h3>\n<p>Les \u00e9preuves terminales seront valid\u00e9es sur le fondement du livret. Un jury d\u2019examen des livrets arr\u00eatera les notes d\u00e9finitives \u00e0 la lumi\u00e8re des notes obtenues pendant l\u2019ann\u00e9e de terminale. Il tiendra compte de l\u2019ensemble des autres \u00e9l\u00e9ments du livret (progression de l\u2019\u00e9l\u00e8ve, efforts relev\u00e9s par le conseil de classe, assiduit\u00e9) pour attribuer les notes d\u00e9finitives.<br \/>\nLes notes des \u00e9preuves anticip\u00e9es de 1\u00e8re sont naturellement conserv\u00e9es.<\/p>\n<h3 id=\"edugouv-summary-item-29\" class=\"gmail-title\">Les notes du troisi\u00e8me trimestre seront-elles prises en compte dans le livret ?<\/h3>\n<p>En fonction des dates de r\u00e9ouverture des \u00e9tablissements, les notes obtenues au cours du troisi\u00e8me trimestre seront prises en compte avec bienveillance. En tout \u00e9tat de cause, ces \u00e9valuations correspondront \u00e0 des notions travaill\u00e9es en cours par les \u00e9l\u00e8ves.<\/p>\n<h3 id=\"edugouv-summary-item-30\" class=\"gmail-title\">Est-ce que toutes les disciplines auront le m\u00eame poids pour ce baccalaur\u00e9at ?<\/h3>\n<p>Non, les coefficients des diff\u00e9rentes disciplines de chaque fili\u00e8re resteront identiques.<\/p>\n<h3 id=\"edugouv-summary-item-31\" class=\"gmail-title\">Pourrai-je avoir acc\u00e8s \u00e0 mon livret scolaire pour conna\u00eetre les appr\u00e9ciations des professeurs et du chef d\u2019\u00e9tablissement ?<\/h3>\n<p>Oui, une fois ce livret finalis\u00e9 apr\u00e8s le conseil de classe du mois de juin, vous y aurez acc\u00e8s pendant quelques jours afin d\u2019en prendre connaissance et d\u2019\u00e9changer si n\u00e9cessaire avec le chef d\u2019\u00e9tablissement.<\/p>\n<h3 id=\"edugouv-summary-item-32\" class=\"gmail-title\">Les \u00e9l\u00e8ves qui n\u2019auraient pas la moyenne pourront-ils passer des \u00e9preuves de rattrapage ?<\/h3>\n<p>Les \u00e9l\u00e8ves qui auraient entre 8 et 9,9 de moyenne pourront passer les oraux de rattrapage dans les conditions ordinaires : possibilit\u00e9 de choisir deux mati\u00e8res \u00e0 pr\u00e9senter \u00e0 l\u2019oral entre le 8 et le 10 juillet.<\/p>\n<h3 id=\"edugouv-summary-item-33\" class=\"gmail-title\">Qui attribuera le dipl\u00f4me du baccalaur\u00e9at ?<\/h3>\n<p>Comme chaque ann\u00e9e, le dipl\u00f4me sera attribu\u00e9 par un jury pr\u00e9sid\u00e9, dans chaque acad\u00e9mie, par un universitaire et compos\u00e9 d\u2019inspecteurs et de professeurs.<\/p>\n<p>Le jury de d\u00e9livrance du dipl\u00f4me se r\u00e9unira par bassin sous la pr\u00e9sidence d\u2019un inspecteur d\u2019acad\u00e9mie-inspecteur p\u00e9dagogique r\u00e9gional avec des membres issus du jury pour analyser le livret scolaire de chacun des candidats. Il \u00e9tudiera les r\u00e9sultats obtenus par chaque candidat sur l\u2019ensemble de l\u2019ann\u00e9e scolaire de l\u2019ann\u00e9e de terminale (ainsi que de l\u2019ann\u00e9e de premi\u00e8re) et prendra connaissance des appr\u00e9ciations formul\u00e9es par les professeurs qui ont accompagn\u00e9 l\u2019\u00e9l\u00e8ve dans chaque discipline. Le livret scolaire pr\u00e9sente de plus l&rsquo;avis de l&rsquo;\u00e9quipe p\u00e9dagogique attribu\u00e9 \u00e0 chaque \u00e9l\u00e8ve en vue de l\u2019examen du baccalaur\u00e9at, ainsi que, le cas \u00e9ch\u00e9ant &nbsp;des observations du chef d\u2019\u00e9tablissement, au vu des appr\u00e9ciations des enseignants consign\u00e9es dans le livret scolaire et apr\u00e8s \u00e9changes avec l&rsquo;\u00e9quipe p\u00e9dagogique, au sein du conseil de classe notamment.<\/p>\n<p>Ces analyses sont reprises lors de s\u00e9ance finale du jury qui prononce les r\u00e9sultats.<\/p>\n<h3 id=\"edugouv-summary-item-34\" class=\"gmail-title\">Comment est compos\u00e9 le jury de d\u00e9livrance du baccalaur\u00e9at ?<\/h3>\n<p>Les membres du jury de d\u00e9livrance du baccalaur\u00e9at sont d\u00e9sign\u00e9s par le recteur pour chaque acad\u00e9mie.<\/p>\n<p>Le jury est pr\u00e9sid\u00e9 par un professeur d\u2019universit\u00e9 ou un ma\u00eetre de conf\u00e9rences, enseignant chercheur de l\u2019enseignement sup\u00e9rieur<\/p>\n<p>Des pr\u00e9sidents adjoints peuvent \u00eatre d\u00e9sign\u00e9s parmi les professeurs agr\u00e9g\u00e9s ou les professeurs certifi\u00e9s du 2nd degr\u00e9 de l\u2019enseignement public<\/p>\n<p>Les autres membres du jury sont :<\/p>\n<ul>\n<li>Des professeurs des universit\u00e9s, ma\u00eetres de conf\u00e9rences ou autres enseignants-chercheurs<\/li>\n<li>Des Inspecteurs d\u2019acad\u00e9mie-inspecteurs p\u00e9dagogiques r\u00e9gionaux<\/li>\n<li>Des professeurs de l\u2019enseignement public du second degr\u00e9<\/li>\n<li>Des professeurs affect\u00e9s dans les \u00e9tablissements de l\u2019enseignement priv\u00e9 sous contrat<\/li>\n<\/ul>\n<h3 id=\"edugouv-summary-item-35\" class=\"gmail-title\">Comment seront prises en compte les diff\u00e9rences de notation entre professeurs ?<\/h3>\n<p>Comme habituellement, un travail d\u2019harmonisation interviendra, afin de respecter l\u2019\u00e9galit\u00e9 de traitement entre candidats.<\/p>\n<h3 id=\"edugouv-summary-item-36\" class=\"gmail-title\">J\u2019ai \u00e9t\u00e9 malade cette ann\u00e9e, et n\u2019ai pas pu suivre une scolarit\u00e9 compl\u00e8te. Que puis-je faire ?<\/h3>\n<p>Les candidats qui auraient \u00e9t\u00e9 emp\u00each\u00e9s pendant une large partie de l\u2019ann\u00e9e et n\u2019auraient pas de r\u00e9sultats inscrits dans leur livret scolaire se verront proposer par le jury de passer les \u00e9preuves au mois de septembre.<\/p>\n<div>\n<div class=\"gmail_signature\" dir=\"ltr\" data-smartmail=\"gmail_signature\">\n<div dir=\"ltr\">\n<div>\n<div dir=\"ltr\">\n<div>\n<div>\n<div>Brigitte BERTIL<\/div>\n<p>Proviseure du Lyc\u00e9e Stella<\/p>\n<\/div>\n<\/div>\n<div>\n<div><\/div>\n<\/div>\n<\/div>\n<\/div>\n<\/div>\n<\/div>\n<\/div>\n<\/div>\n<\/div>\n","protected":false},"excerpt":{"rendered":"<p>Voil\u00e0 ce qu&rsquo;il faut avoir en t\u00eate pour la session&#8230; <a class=\"continue-reading-link\" href=\"https:\/\/etab.ac-reunion.fr\/lyc-gerard-etheve\/je-suis-eleve-de-terminale-en-voie-generale-ou-technologique\/\">Continuer de lire<\/a><\/p>\n","protected":false},"author":14176,"featured_media":4355,"comment_status":"closed","ping_status":"closed","sticky":false,"template":"","format":"standard","meta":{"footnotes":"","_links_to":"","_links_to_target":""},"categories":[20],"tags":[],"class_list":["post-7242","post","type-post","status-publish","format-standard","has-post-thumbnail","hentry","category-actualites"],"_links":{"self":[{"href":"https:\/\/etab.ac-reunion.fr\/lyc-gerard-etheve\/wp-json\/wp\/v2\/posts\/7242","targetHints":{"allow":["GET"]}}],"collection":[{"href":"https:\/\/etab.ac-reunion.fr\/lyc-gerard-etheve\/wp-json\/wp\/v2\/posts"}],"about":[{"href":"https:\/\/etab.ac-reunion.fr\/lyc-gerard-etheve\/wp-json\/wp\/v2\/types\/post"}],"author":[{"embeddable":true,"href":"https:\/\/etab.ac-reunion.fr\/lyc-gerard-etheve\/wp-json\/wp\/v2\/users\/14176"}],"replies":[{"embeddable":true,"href":"https:\/\/etab.ac-reunion.fr\/lyc-gerard-etheve\/wp-json\/wp\/v2\/comments?post=7242"}],"version-history":[{"count":7,"href":"https:\/\/etab.ac-reunion.fr\/lyc-gerard-etheve\/wp-json\/wp\/v2\/posts\/7242\/revisions"}],"predecessor-version":[{"id":10418,"href":"https:\/\/etab.ac-reunion.fr\/lyc-gerard-etheve\/wp-json\/wp\/v2\/posts\/7242\/revisions\/10418"}],"wp:featuredmedia":[{"embeddable":true,"href":"https:\/\/etab.ac-reunion.fr\/lyc-gerard-etheve\/wp-json\/wp\/v2\/media\/4355"}],"wp:attachment":[{"href":"https:\/\/etab.ac-reunion.fr\/lyc-gerard-etheve\/wp-json\/wp\/v2\/media?parent=7242"}],"wp:term":[{"taxonomy":"category","embeddable":true,"href":"https:\/\/etab.ac-reunion.fr\/lyc-gerard-etheve\/wp-json\/wp\/v2\/categories?post=7242"},{"taxonomy":"post_tag","embeddable":true,"href":"https:\/\/etab.ac-reunion.fr\/lyc-gerard-etheve\/wp-json\/wp\/v2\/tags?post=7242"}],"curies":[{"name":"wp","href":"https:\/\/api.w.org\/{rel}","templated":true}]}}