{"id":7248,"date":"2020-04-06T13:00:36","date_gmt":"2020-04-06T09:00:36","guid":{"rendered":"http:\/\/lycee-stella.ac-reunion.fr\/?p=7248"},"modified":"2023-07-13T21:28:23","modified_gmt":"2023-07-13T17:28:23","slug":"je-suis-eleve-en-lycee-professionnel","status":"publish","type":"post","link":"https:\/\/etab.ac-reunion.fr\/lyc-gerard-etheve\/je-suis-eleve-en-lycee-professionnel\/","title":{"rendered":"Je suis \u00e9l\u00e8ve en lyc\u00e9e professionnel"},"content":{"rendered":"<div class=\"moz-text-html\" lang=\"x-unicode\">\n<div dir=\"ltr\">\n<p>Voil\u00e0 ce qu&rsquo;il faut avoir en t\u00eate pour la session du baccalaur\u00e9at de cette ann\u00e9e:<\/p>\n<p>Les notes obtenues pendant le confinement ne comptent pas mais <b>les membres de l&rsquo;\u00e9quipe p\u00e9dagogique et \u00e9ducative souligneront le s\u00e9rieux des efforts fournis<\/b> sur <b>votre bulletin<\/b> ainsi que dans<b> votre livret scolaire pour le jury de bac<\/b> durant l&rsquo;ann\u00e9e scolaire, la p\u00e9riode de confinement et au 2\u00e8me semestre qui s&rsquo;ach\u00e8vera le 4 juillet 2020. Nous sommes encore incapables de dire quand il d\u00e9butera puisque tout d\u00e9pendra de la situation sanitaire de notre d\u00e9partement. .<\/p>\n<h2 id=\"edugouv-summary-item-37\" class=\"gmail-title\">Je suis \u00e9l\u00e8ve en lyc\u00e9e professionnel<\/h2>\n<h3 id=\"edugouv-summary-item-38\" class=\"gmail-title\">Les \u00e9preuves terminales du baccalaur\u00e9at auront-elles lieu ?<\/h3>\n<p>Non, les \u00e9preuves terminales sont annul\u00e9es compte tenu de la situation exceptionnelle que notre pays traverse.<\/p>\n<h3 id=\"edugouv-summary-item-39\" class=\"gmail-title\">Comment seront \u00e9valu\u00e9s les candidats ?<\/h3>\n<p>Les \u00e9preuves seront valid\u00e9es sur le fondement du livret. Un jury d\u2019examen des livrets arr\u00eatera les notes d\u00e9finitives \u00e0 la lumi\u00e8re des notes obtenues pendant l\u2019ann\u00e9e de terminale. Ces notes correspondent aux \u00e9valuations qui ont eu lieu tout au long de l\u2019ann\u00e9e scolaire 2019-2020 que ce soit pour les enseignements g\u00e9n\u00e9raux ou les enseignements professionnels. Le jury tiendra aussi compte de l\u2019ensemble des autres \u00e9l\u00e9ments du livret (progression de l\u2019\u00e9l\u00e8ve, <b>efforts relev\u00e9s<\/b> par le conseil de classe, assiduit\u00e9) pour attribuer les notes d\u00e9finitives.<\/p>\n<h3 id=\"edugouv-summary-item-40\" class=\"gmail-title\">Est-ce que toutes les disciplines ont le m\u00eame poids pour obtenir le baccalaur\u00e9at ?<\/h3>\n<p>Non, la moyenne sur l\u2019ann\u00e9e des notes obtenues dans chaque discipline a le poids de l\u2019unit\u00e9 qu\u2019elle remplace dans la certification. Ceci est valable pour les enseignements g\u00e9n\u00e9raux comme professionnels.<\/p>\n<h3 id=\"edugouv-summary-item-41\" class=\"gmail-title\">Les notes du 2\u00e8me semestre seront-elles prises en compte ?<\/h3>\n<p>En fonction des dates de r\u00e9ouverture des \u00e9tablissements, les notes obtenues au cours du 2\u00e8me semestre seront prises en compte avec bienveillance. En tout \u00e9tat de cause, ces \u00e9valuations correspondront \u00e0 des notions travaill\u00e9es en cours par les \u00e9l\u00e8ves.<\/p>\n<h3 id=\"edugouv-summary-item-42\" class=\"gmail-title\">J\u2019ai d\u00e9j\u00e0 pass\u00e9 des CCF (contr\u00f4les en cours de formation). Est-ce que je conserve ces r\u00e9sultats ?<\/h3>\n<p>Oui, les notes d\u00e9j\u00e0 acquises lors des CCF ou sous \u00e9preuves de CFF sont conserv\u00e9es.<br \/>\nSi aucune \u00e9preuve n\u2019a \u00e9t\u00e9 organis\u00e9e pour un CCF, l\u2019\u00e9valuation est remplac\u00e9e par les notes qui apparaissent dans le livret scolaire.<\/p>\n<h3 id=\"edugouv-summary-item-43\" class=\"gmail-title\">Comment seront prises en compte les PFMP \u00a0dans l\u2019obtention du baccalaur\u00e9at?<\/h3>\n<p>Une fiche r\u00e9capitulative des p\u00e9riodes de formation en milieu professionnel est pr\u00e9sente dans le livret scolaire professionnel. Elle indique l\u2019\u00e9valuation qui en a \u00e9t\u00e9 faite par les professeurs en termes d\u2019acquis des comp\u00e9tences attendues pour le baccalaur\u00e9at.<\/p>\n<p>En cas de non r\u00e9alisation de la totalit\u00e9 des semaines de PFMP initialement pr\u00e9vue, il faudra avoir r\u00e9alis\u00e9 a minima 10 semaines sur l\u2019ensemble de la scolarit\u00e9 pour l\u2019obtention du baccalaur\u00e9at.<\/p>\n<h3 id=\"edugouv-summary-item-44\" class=\"gmail-title\">Pourrai-je avoir acc\u00e8s \u00e0 mon livret scolaire pour conna\u00eetre les appr\u00e9ciations des professeurs et du chef d\u2019\u00e9tablissement ?<\/h3>\n<p>Oui, une fois ce livret finalis\u00e9 apr\u00e8s le conseil de classe du mois de juin, vous y aurez acc\u00e8s pendant quelques jours afin d\u2019en prendre connaissance et d\u2019\u00e9changer si n\u00e9cessaire avec le chef d\u2019\u00e9tablissement.<\/p>\n<h3 id=\"edugouv-summary-item-45\" class=\"gmail-title\">Les \u00e9l\u00e8ves qui n\u2019auraient pas la moyenne pourront-ils passer des \u00e9preuves de rattrapage ?<\/h3>\n<p>Les \u00e9l\u00e8ves qui auraient <b>entre 8 et 9,9<\/b> de moyenne pourront passer les oraux de rattrapage dans les conditions ordinaires : possibilit\u00e9 de choisir deux mati\u00e8res \u00e0 pr\u00e9senter \u00e0 l\u2019<b>oral<\/b><b> entre le 8 et le 10 juillet.<\/b><\/p>\n<h3 id=\"edugouv-summary-item-46\" class=\"gmail-title\">Comment seront prises en compte les diff\u00e9rences de notation entre professeurs ?<\/h3>\n<p>Comme habituellement, un travail d\u2019harmonisation interviendra, afin de respecter l\u2019\u00e9galit\u00e9 de traitement entre candidats.<\/p>\n<h3 id=\"edugouv-summary-item-47\" class=\"gmail-title\">J\u2019ai \u00e9t\u00e9 malade cette ann\u00e9e, et n\u2019ai pas pu suivre une scolarit\u00e9 compl\u00e8te. Que puis-je faire ?<\/h3>\n<p>Les candidats qui auraient \u00e9t\u00e9 emp\u00each\u00e9s pendant une large partie de l\u2019ann\u00e9e et n\u2019auraient pas de r\u00e9sultats inscrits dans leur livret scolaire se verront proposer par le jury de passer les \u00e9preuves au mois de septembre.<\/p>\n<h3 id=\"edugouv-summary-item-48\" class=\"gmail-title\">Qui prend la d\u00e9cision de d\u00e9livrance du baccalaur\u00e9at ?<\/h3>\n<p>La d\u00e9livrance du baccalaur\u00e9at g\u00e9n\u00e9ral r\u00e9sulte de la d\u00e9lib\u00e9ration du jury qui est souverain.<\/p>\n<h3 id=\"edugouv-summary-item-49\" class=\"gmail-title\">Comment est compos\u00e9 ce jury ?<\/h3>\n<p>Les membres du jury de d\u00e9livrance du baccalaur\u00e9at sont d\u00e9sign\u00e9s par le recteur pour chaque acad\u00e9mie.<\/p>\n<p>Le jury est pr\u00e9sid\u00e9 par un professeur d\u2019universit\u00e9 ou un maitre de conf\u00e9rences, enseignant chercheur de l\u2019enseignement sup\u00e9rieur<br \/>\nDes pr\u00e9sidents adjoints peuvent \u00eatre d\u00e9sign\u00e9s parmi les professeurs agr\u00e9g\u00e9s ou les professeurs certifi\u00e9s du 2nd degr\u00e9 de l\u2019enseignement public<br \/>\nLes autres membres du jury sont :<\/p>\n<ul>\n<li>Des professeurs de l\u2019enseignement public du second degr\u00e9<\/li>\n<li>Au moins un professeur affect\u00e9 dans un \u00e9tablissement de l\u2019enseignement priv\u00e9 sous contrat ou exer\u00e7ant en contre de formation d\u2019apprentis ou de section d\u2019apprentissage<\/li>\n<li>Au moins un tiers, de membres de la profession vis\u00e9e par le dipl\u00f4me (employeurs comme salari\u00e9s)<\/li>\n<\/ul>\n<h3 id=\"edugouv-summary-item-50\" class=\"gmail-title\">Qui regarde les dossiers de chacun des \u00e9l\u00e8ves ?<\/h3>\n<p>Le jury de d\u00e9livrance du dipl\u00f4me se r\u00e9unit par bassin sous la pr\u00e9sidence d\u2019un inspecteur d\u2019acad\u00e9mie-inspecteur p\u00e9dagogique r\u00e9gional avec des membres issus du jury pour analyser le livret scolaire de chacun des candidats. Il \u00e9tudie les r\u00e9sultats obtenus par chaque candidat sur l\u2019ensemble de l\u2019ann\u00e9e scolaire de l\u2019ann\u00e9e de terminale et prend connaissance des appr\u00e9ciations formul\u00e9es par les professeurs qui ont accompagn\u00e9 l\u2019\u00e9l\u00e8ve dans chaque discipline. Le livret scolaire pr\u00e9sente de plus l&rsquo;avis de l&rsquo;\u00e9quipe p\u00e9dagogique attribu\u00e9 \u00e0 chaque \u00e9l\u00e8ve en vue de l\u2019examen du baccalaur\u00e9at, ainsi que, le cas \u00e9ch\u00e9ant, des observations du chef d\u2019\u00e9tablissement, au vu des appr\u00e9ciations des enseignants consign\u00e9es dans le livret scolaire et apr\u00e8s \u00e9changes avec l&rsquo;\u00e9quipe p\u00e9dagogique, au sein du conseil de classe notamment.<br \/>\nCes analyses sont reprises lors de s\u00e9ance finale du jury qui prononce les r\u00e9sultats.<\/p>\n<h3 id=\"edugouv-summary-item-51\" class=\"gmail-title\">Qui d\u00e9signe les candidats qui auront le droit de passer un oral de rattrapage ?<\/h3>\n<p>C\u2019est le jury du dipl\u00f4me qui, au regard des r\u00e9sultats sur le livret scolaire, autorise certains candidats \u00e0 se pr\u00e9senter aux \u00e9preuves du second groupe.<\/p>\n<h3 id=\"edugouv-summary-item-52\" class=\"gmail-title\">J\u2019ai demand\u00e9 un \u00e9talement de passage du baccalaur\u00e9at sur plusieurs sessions. Que se passe-t-il ?<\/h3>\n<p>Vous avez indiqu\u00e9 lors de votre inscription les disciplines que vous souhaitiez passer lors de cette session.<br \/>\nSi vous \u00eates un candidat scolaris\u00e9 en \u00e9tablissement public ou priv\u00e9 sous contrat ou en apprentissage dans un CFA habilit\u00e9 \u00e0 d\u00e9livr\u00e9 le CCF, ce sont donc les disciplines ou unit\u00e9s d\u2019enseignements identifi\u00e9es dont l\u2019\u00e9valuation sera r\u00e9alis\u00e9e par l\u2019interm\u00e9diaire du livret scolaire.<\/p>\n<h3 id=\"edugouv-summary-item-53\" class=\"gmail-title\">Je dois passer un BEP ou un CAP en fin de classe de 1\u00e8re professionnelle en juin prochain. Que se passe-t-il pour moi ?<\/h3>\n<p>Pour la d\u00e9livrance des dipl\u00f4mes du BEP ou du CAP, le jury analysera le livret scolaire, notamment les notes obtenues tout au long de l\u2019ann\u00e9e scolaire 2019-2020 (\u00e0 l\u2019exception de la p\u00e9riode de confinement) et inscrites dans votre livret scolaire, ainsi que les notes que vous avez obtenues en CCF. En l\u2019absence d\u2019\u00e9valuation en CCF, les notes des unit\u00e9s \u00e0 \u00e9valuer seront obtenues \u00e0 partir de celles du livret (que ce soit en enseignement g\u00e9n\u00e9ral ou professionnel).<\/p>\n<div>\n<div class=\"gmail_signature\" dir=\"ltr\" data-smartmail=\"gmail_signature\">\n<div dir=\"ltr\">\n<div>\n<div dir=\"ltr\">\n<div>\n<div><\/div>\n<div><\/div>\n<div>On ne l\u00e2che rien! Tienbo larg pa !<\/div>\n<\/div>\n<div>\n<div><\/div>\n<\/div>\n<\/div>\n<\/div>\n<\/div>\n<\/div>\n<\/div>\n<\/div>\n<\/div>\n","protected":false},"excerpt":{"rendered":"<p>Voil\u00e0 ce qu&rsquo;il faut avoir en t\u00eate pour la session&#8230; <a class=\"continue-reading-link\" href=\"https:\/\/etab.ac-reunion.fr\/lyc-gerard-etheve\/je-suis-eleve-en-lycee-professionnel\/\">Continuer de lire<\/a><\/p>\n","protected":false},"author":14176,"featured_media":7251,"comment_status":"closed","ping_status":"closed","sticky":false,"template":"","format":"standard","meta":{"footnotes":"","_links_to":"","_links_to_target":""},"categories":[20],"tags":[],"class_list":["post-7248","post","type-post","status-publish","format-standard","has-post-thumbnail","hentry","category-actualites"],"_links":{"self":[{"href":"https:\/\/etab.ac-reunion.fr\/lyc-gerard-etheve\/wp-json\/wp\/v2\/posts\/7248","targetHints":{"allow":["GET"]}}],"collection":[{"href":"https:\/\/etab.ac-reunion.fr\/lyc-gerard-etheve\/wp-json\/wp\/v2\/posts"}],"about":[{"href":"https:\/\/etab.ac-reunion.fr\/lyc-gerard-etheve\/wp-json\/wp\/v2\/types\/post"}],"author":[{"embeddable":true,"href":"https:\/\/etab.ac-reunion.fr\/lyc-gerard-etheve\/wp-json\/wp\/v2\/users\/14176"}],"replies":[{"embeddable":true,"href":"https:\/\/etab.ac-reunion.fr\/lyc-gerard-etheve\/wp-json\/wp\/v2\/comments?post=7248"}],"version-history":[{"count":2,"href":"https:\/\/etab.ac-reunion.fr\/lyc-gerard-etheve\/wp-json\/wp\/v2\/posts\/7248\/revisions"}],"predecessor-version":[{"id":7250,"href":"https:\/\/etab.ac-reunion.fr\/lyc-gerard-etheve\/wp-json\/wp\/v2\/posts\/7248\/revisions\/7250"}],"wp:featuredmedia":[{"embeddable":true,"href":"https:\/\/etab.ac-reunion.fr\/lyc-gerard-etheve\/wp-json\/wp\/v2\/media\/7251"}],"wp:attachment":[{"href":"https:\/\/etab.ac-reunion.fr\/lyc-gerard-etheve\/wp-json\/wp\/v2\/media?parent=7248"}],"wp:term":[{"taxonomy":"category","embeddable":true,"href":"https:\/\/etab.ac-reunion.fr\/lyc-gerard-etheve\/wp-json\/wp\/v2\/categories?post=7248"},{"taxonomy":"post_tag","embeddable":true,"href":"https:\/\/etab.ac-reunion.fr\/lyc-gerard-etheve\/wp-json\/wp\/v2\/tags?post=7248"}],"curies":[{"name":"wp","href":"https:\/\/api.w.org\/{rel}","templated":true}]}}