{"id":7252,"date":"2020-04-07T13:00:25","date_gmt":"2020-04-07T09:00:25","guid":{"rendered":"http:\/\/lycee-stella.ac-reunion.fr\/?p=7252"},"modified":"2020-04-08T13:06:54","modified_gmt":"2020-04-08T09:06:54","slug":"que-se-passe-t-il-pour-un-eleve-de-1ere-generale-et-technologique","status":"publish","type":"post","link":"https:\/\/etab.ac-reunion.fr\/lyc-gerard-etheve\/que-se-passe-t-il-pour-un-eleve-de-1ere-generale-et-technologique\/","title":{"rendered":"Que se passe-t-il pour un \u00e9l\u00e8ve de 1\u00e8re g\u00e9n\u00e9rale et technologique?"},"content":{"rendered":"<div>\n<p>Comme vous l&rsquo;avez entendu, les notes obtenues pendant le confinement ne comptent pas mais vos professeurs souligneront le s\u00e9rieux des efforts fournis sur votre bulletin ainsi que dans votre livret scolaire pour le jury de bac gr\u00e2ce au travail que vous leur remonterez durant le confinement. Je vous invite donc <b>vivement \u00e0 ne pas baisser les bras<\/b> et \u00e0 vous tenir pr\u00eats pour la suite en travaillant r\u00e9guli\u00e8rement; on sait que le 3\u00e8me trimestre se terminera le 4 juillet 2020, pour le d\u00e9but,\u00a0 cela d\u00e9pendra de la date de la reprise des cours au lyc\u00e9e.<\/p>\n<\/div>\n<h2 id=\"gmail-m_-4339223821809186516edugouv-summary-item-15\">Je suis \u00e9l\u00e8ve de premi\u00e8re g\u00e9n\u00e9rale ou technologique<\/h2>\n<h3 id=\"gmail-m_-4339223821809186516edugouv-summary-item-16\"><span style=\"font-size: large\">\u00c9preuves anticip\u00e9es de fran\u00e7ais\u00a0<\/span><\/h3>\n<h3 id=\"gmail-m_-4339223821809186516edugouv-summary-item-17\">Comment vont se passer les \u00e9preuves du baccalaur\u00e9at de fran\u00e7ais ?<\/h3>\n<p>Les \u00e9preuves \u00e9crites (coeff. 5) sont annul\u00e9es. La note de cette \u00e9preuve sera calcul\u00e9e sur la base de la moyenne des notes obtenues au cours de l\u2019ann\u00e9e scolaire en fran\u00e7ais.<\/p>\n<p><b>Les \u00e9preuves o<\/b>rales sont maintenues dans les conditions initialement pr\u00e9vues : le candidat pr\u00e9sentera au minimum une liste de 15\u00a0textes en voie g\u00e9n\u00e9rale et 12 textes en voie technologique, valid\u00e9e par le professeur, <b>pendant un oral d\u2019une dur\u00e9e de 20 minutes qui se d\u00e9roulera la semaine du 26 juin au 4 juillet.<\/b><\/p>\n<h3 id=\"gmail-m_-4339223821809186516edugouv-summary-item-18\">Dans quelles conditions va se passer l\u2019\u00e9preuve orale ?<\/h3>\n<p>Comme pr\u00e9vu : vous ne serez pas \u00e9valu\u00e9 par votre professeur.<\/p>\n<h3 id=\"gmail-m_-4339223821809186516edugouv-summary-item-19\"><span style=\"font-size: large\">\u00c9preuves communes de contr\u00f4le continu<\/span><\/h3>\n<h3 id=\"gmail-m_-4339223821809186516edugouv-summary-item-20\">Comment va se d\u00e9rouler la deuxi\u00e8me session d\u2019\u00e9preuves communes de contr\u00f4le continu ?<\/h3>\n<p>Comme les \u00e9preuves \u00e9crites de fran\u00e7ais et toutes les \u00e9preuves terminales, les \u00e9preuves communes de contr\u00f4le continu sont annul\u00e9es.<\/p>\n<h3 id=\"gmail-m_-4339223821809186516edugouv-summary-item-21\">Comment seront \u00e9valu\u00e9s les \u00e9l\u00e8ves dans les disciplines qui devaient faire l\u2019objet de la deuxi\u00e8me session d\u2019\u00e9preuves communes de contr\u00f4le continu ?<\/h3>\n<p>S\u2019agissant de l\u2019histoire g\u00e9ographie, des langues vivantes et des math\u00e9matiques dans la voie technologique, les \u00e9l\u00e8ves sont d\u00e9j\u00e0 \u00e9valu\u00e9s dans le cadre de la premi\u00e8re session (en 1\u00e8re) et de la troisi\u00e8me session (Terminale) des E3C. Les \u00e9preuves de la 2\u00e8me session sont donc neutralis\u00e9es : la note du bac dans ces mati\u00e8res correspondra \u00e0 la moyenne des notes obtenues aux E3C1 et aux E3C3.<\/p>\n<p>S\u2019agissant de <b>la sp\u00e9cialit\u00e9 abandonn\u00e9e en fin de 1\u00e8re<\/b>, les notes retenues seront celles du livret. S\u2019agissant de <b>l\u2019enseignement scientifique<\/b>, la note retenue au titre des \u00e9preuves de premi\u00e8re sera celle du livret.<\/p>\n<h3 id=\"gmail-m_-4339223821809186516edugouv-summary-item-22\">Pour l\u2019enseignement de sp\u00e9cialit\u00e9 et l\u2019enseignement scientifique, les notes du 3\u00e8me trimestre seront-elles prises en compte ?<\/h3>\n<p>En fonction des dates de r\u00e9ouverture des \u00e9tablissements, les notes obtenues au cours du troisi\u00e8me trimestre seront prises en compte avec bienveillance. En tout \u00e9tat de cause, ces \u00e9valuations correspondront \u00e0 des notions travaill\u00e9es <b>en cours<\/b> par les \u00e9l\u00e8ves.<\/p>\n<h3 id=\"gmail-m_-4339223821809186516edugouv-summary-item-23\">Les \u00e9valuations pass\u00e9es pendant le confinement compteront-elles dans les notes du livret ?<\/h3>\n<p>Les \u00e9valuations auxquelles les professeurs auraient proc\u00e9d\u00e9 pendant le confinement ne compteront pas dans les notes attribu\u00e9es au titre de l\u2019examen, afin de ne pas g\u00e9n\u00e9rer d\u2019in\u00e9galit\u00e9 de traitement entre les candidats.<\/p>\n<h3 id=\"gmail-m_-4339223821809186516edugouv-summary-item-24\">Pourrai-je avoir acc\u00e8s \u00e0 mon livret scolaire pour conna\u00eetre les appr\u00e9ciations des professeurs et du chef d\u2019\u00e9tablissement ?<\/h3>\n<p>Oui, une fois ce livret finalis\u00e9 apr\u00e8s<b> le conseil de classe du mois de juin,<\/b> vous y aurez acc\u00e8s pendant quelques jours afin d\u2019en prendre connaissance et d\u2019\u00e9changer si n\u00e9cessaire avec le chef d\u2019\u00e9tablissement.<\/p>\n<h3 id=\"gmail-m_-4339223821809186516edugouv-summary-item-25\">Que se passe-t-il pour les \u00e9l\u00e8ves qui n\u2019ont pas pass\u00e9 les E3C1 ?<\/h3>\n<p>Afin de ne pas rompre l\u2019\u00e9galit\u00e9 entre les candidats, les \u00e9l\u00e8ves qui n\u2019auraient pas pass\u00e9 les E3C1 devront les passer d\u00e8s que les conditions de r\u00e9ouverture de leur \u00e9tablissement le permettront.<\/p>\n<div>\n<div dir=\"ltr\">\n<div dir=\"ltr\">\n<div>\n<div dir=\"ltr\">\n<div>\n<p><b>Plus que jamais, il faut donc redoubler d&rsquo;\u00e9nergie et continuer \u00e0 garder le lien avec vos enseignants \u00e0 travers les travaux que vous continuerez \u00e0 leur renvoyer.<br \/>\n<\/b><\/p>\n<p><b>Bon courage \u00e0 tous et surtout restez confin\u00e9s.<\/b><\/p>\n<\/div>\n<\/div>\n<\/div>\n<\/div>\n<\/div>\n<\/div>\n<div>\n<div class=\"gmail_signature\" dir=\"ltr\" data-smartmail=\"gmail_signature\">\n<div dir=\"ltr\">\n<div>\n<div dir=\"ltr\">\n<div>\n<div>\n<p>Brigitte BERTIL<\/p>\n<p>Proviseure du Lyc\u00e9e Stella<\/p>\n<\/div>\n<\/div>\n<\/div>\n<\/div>\n<\/div>\n<\/div>\n<\/div>\n","protected":false},"excerpt":{"rendered":"<p>Comme vous l&rsquo;avez entendu, les notes obtenues pendant le confinement&#8230; <a class=\"continue-reading-link\" href=\"https:\/\/etab.ac-reunion.fr\/lyc-gerard-etheve\/que-se-passe-t-il-pour-un-eleve-de-1ere-generale-et-technologique\/\">Continuer de lire<\/a><\/p>\n","protected":false},"author":14176,"featured_media":7254,"comment_status":"closed","ping_status":"closed","sticky":false,"template":"","format":"standard","meta":{"footnotes":"","_links_to":"","_links_to_target":""},"categories":[20],"tags":[],"class_list":["post-7252","post","type-post","status-publish","format-standard","has-post-thumbnail","hentry","category-actualites"],"_links":{"self":[{"href":"https:\/\/etab.ac-reunion.fr\/lyc-gerard-etheve\/wp-json\/wp\/v2\/posts\/7252","targetHints":{"allow":["GET"]}}],"collection":[{"href":"https:\/\/etab.ac-reunion.fr\/lyc-gerard-etheve\/wp-json\/wp\/v2\/posts"}],"about":[{"href":"https:\/\/etab.ac-reunion.fr\/lyc-gerard-etheve\/wp-json\/wp\/v2\/types\/post"}],"author":[{"embeddable":true,"href":"https:\/\/etab.ac-reunion.fr\/lyc-gerard-etheve\/wp-json\/wp\/v2\/users\/14176"}],"replies":[{"embeddable":true,"href":"https:\/\/etab.ac-reunion.fr\/lyc-gerard-etheve\/wp-json\/wp\/v2\/comments?post=7252"}],"version-history":[{"count":4,"href":"https:\/\/etab.ac-reunion.fr\/lyc-gerard-etheve\/wp-json\/wp\/v2\/posts\/7252\/revisions"}],"predecessor-version":[{"id":7273,"href":"https:\/\/etab.ac-reunion.fr\/lyc-gerard-etheve\/wp-json\/wp\/v2\/posts\/7252\/revisions\/7273"}],"wp:featuredmedia":[{"embeddable":true,"href":"https:\/\/etab.ac-reunion.fr\/lyc-gerard-etheve\/wp-json\/wp\/v2\/media\/7254"}],"wp:attachment":[{"href":"https:\/\/etab.ac-reunion.fr\/lyc-gerard-etheve\/wp-json\/wp\/v2\/media?parent=7252"}],"wp:term":[{"taxonomy":"category","embeddable":true,"href":"https:\/\/etab.ac-reunion.fr\/lyc-gerard-etheve\/wp-json\/wp\/v2\/categories?post=7252"},{"taxonomy":"post_tag","embeddable":true,"href":"https:\/\/etab.ac-reunion.fr\/lyc-gerard-etheve\/wp-json\/wp\/v2\/tags?post=7252"}],"curies":[{"name":"wp","href":"https:\/\/api.w.org\/{rel}","templated":true}]}}