{"id":7528,"date":"2020-06-14T18:32:23","date_gmt":"2020-06-14T14:32:23","guid":{"rendered":"http:\/\/lycee-stella.ac-reunion.fr\/?p=7528"},"modified":"2020-06-14T18:32:23","modified_gmt":"2020-06-14T14:32:23","slug":"passeport-pour-la-voie-technologique","status":"publish","type":"post","link":"https:\/\/etab.ac-reunion.fr\/lyc-gerard-etheve\/passeport-pour-la-voie-technologique\/","title":{"rendered":"Passeport pour la voie technologique"},"content":{"rendered":"<p>L&rsquo;ONISEP pr\u00e9sente les baccalaur\u00e9ats technologiques, les points des programmes, les sp\u00e9cialit\u00e9s, les poursuites d\u2019\u00e9tudes et les perspectives professionnelles.<\/p>\n<p><a href=\"http:\/\/www.onisep.fr\/Choisir-mes-etudes\/Au-lycee-au-CFA\/Au-lycee-general-et-technologique\/Passeport-pour-la-voie-techno\" target=\"_blank\" rel=\"noopener noreferrer\">http:\/\/www.onisep.fr\/Choisir-mes-etudes\/Au-lycee-au-CFA\/Au-lycee-general-et-technologique\/Passeport-pour-la-voie-techno<\/a><\/p>\n","protected":false},"excerpt":{"rendered":"<p>L&rsquo;ONISEP pr\u00e9sente les baccalaur\u00e9ats technologiques, les points des programmes, les&#8230; <a class=\"continue-reading-link\" href=\"https:\/\/etab.ac-reunion.fr\/lyc-gerard-etheve\/passeport-pour-la-voie-technologique\/\">Continuer de lire<\/a><\/p>\n","protected":false},"author":2538,"featured_media":7529,"comment_status":"closed","ping_status":"closed","sticky":false,"template":"","format":"standard","meta":{"footnotes":"","_links_to":"","_links_to_target":""},"categories":[20,36],"tags":[],"class_list":["post-7528","post","type-post","status-publish","format-standard","has-post-thumbnail","hentry","category-actualites","category-orientation"],"_links":{"self":[{"href":"https:\/\/etab.ac-reunion.fr\/lyc-gerard-etheve\/wp-json\/wp\/v2\/posts\/7528","targetHints":{"allow":["GET"]}}],"collection":[{"href":"https:\/\/etab.ac-reunion.fr\/lyc-gerard-etheve\/wp-json\/wp\/v2\/posts"}],"about":[{"href":"https:\/\/etab.ac-reunion.fr\/lyc-gerard-etheve\/wp-json\/wp\/v2\/types\/post"}],"author":[{"embeddable":true,"href":"https:\/\/etab.ac-reunion.fr\/lyc-gerard-etheve\/wp-json\/wp\/v2\/users\/2538"}],"replies":[{"embeddable":true,"href":"https:\/\/etab.ac-reunion.fr\/lyc-gerard-etheve\/wp-json\/wp\/v2\/comments?post=7528"}],"version-history":[{"count":1,"href":"https:\/\/etab.ac-reunion.fr\/lyc-gerard-etheve\/wp-json\/wp\/v2\/posts\/7528\/revisions"}],"predecessor-version":[{"id":7530,"href":"https:\/\/etab.ac-reunion.fr\/lyc-gerard-etheve\/wp-json\/wp\/v2\/posts\/7528\/revisions\/7530"}],"wp:featuredmedia":[{"embeddable":true,"href":"https:\/\/etab.ac-reunion.fr\/lyc-gerard-etheve\/wp-json\/wp\/v2\/media\/7529"}],"wp:attachment":[{"href":"https:\/\/etab.ac-reunion.fr\/lyc-gerard-etheve\/wp-json\/wp\/v2\/media?parent=7528"}],"wp:term":[{"taxonomy":"category","embeddable":true,"href":"https:\/\/etab.ac-reunion.fr\/lyc-gerard-etheve\/wp-json\/wp\/v2\/categories?post=7528"},{"taxonomy":"post_tag","embeddable":true,"href":"https:\/\/etab.ac-reunion.fr\/lyc-gerard-etheve\/wp-json\/wp\/v2\/tags?post=7528"}],"curies":[{"name":"wp","href":"https:\/\/api.w.org\/{rel}","templated":true}]}}