{"id":7797,"date":"2020-10-02T19:26:38","date_gmt":"2020-10-02T15:26:38","guid":{"rendered":"http:\/\/lycee-stella.ac-reunion.fr\/?p=7797"},"modified":"2020-10-02T21:25:13","modified_gmt":"2020-10-02T17:25:13","slug":"les-cinq-domaines-des-competences-numeriques","status":"publish","type":"post","link":"https:\/\/etab.ac-reunion.fr\/lyc-gerard-etheve\/les-cinq-domaines-des-competences-numeriques\/","title":{"rendered":"Les cinq domaines des comp\u00e9tences num\u00e9riques"},"content":{"rendered":"<p>PIX par ci Pix par l\u00e0!<\/p>\n<p>NOUVEAUTE:<br \/>\nCette ann\u00e9e, tous les \u00e9l\u00e8ves de terminale devront passer une certification de leurs<br \/>\ncomp\u00e9tences num\u00e9riques sur la plate-forme PIX au mois de f\u00e9vrier 2021.<\/p>\n<p>Les cinq domaines avec les 16 comp\u00e9tences num\u00e9riques sont les suivants<\/p>\n<p><img decoding=\"async\" src=\"https:\/\/cache.media.eduscol.education.fr\/image\/CRCNum\/08\/9\/CRCN_5_domaines_de_competences_1316089.PNG\" alt=\"\" width=\"750\" \/><\/p>\n<p>De quoi s&rsquo;agit-il?<br \/>\n<strong><a href=\"https:\/\/pix.fr\/\">Pix.fr<\/a><\/strong> est un service public pour \u00e9valuer et d\u00e9velopper ses comp\u00e9tences num\u00e9riques. Il<br \/>\nremplace le C2I. Gr\u00e2ce \u00e0 des tests interactifs, de difficult\u00e9 graduelle et sous forme<br \/>\nd\u2019exercices pratiques, il permet de faire le point et d\u2019am\u00e9liorer les connaissances et<br \/>\nsavoir-faire num\u00e9riques pour chaque furtur \u00e9tudiant et citoyen.<br \/>\nQuel en est l&rsquo;int\u00e9r\u00eat?<br \/>\nLa certification Pix permet d&rsquo;attester un profil de comp\u00e9tences num\u00e9riques certifi\u00e9 et<br \/>\nreconnu par l&rsquo;\u00c9tat et par l&rsquo;inscription \u00e0 l&rsquo;inventaire de la commission nationale de la<br \/>\ncertification professionnelle (CNCP). Elle est un atout dans la recherche de stage de<br \/>\nl&rsquo;\u00e9l\u00e8ve, pour son \u00e9volution dans l&rsquo;enseignement sup\u00e9rieur, et pour son insertion<br \/>\nprofessionnelle. La plateforme d\u00e9livre aux \u00e9l\u00e8ves, en fin de cycle 4 et en fin de cycle<br \/>\nterminal, une certification des comp\u00e9tences num\u00e9riques.<br \/>\nComment proc\u00e9der?<br \/>\nLa pr\u00e9sentation de ce nouveau service sera r\u00e9alis\u00e9e par un membre de l\u2019\u00e9quipe de<br \/>\ndirection. Il revient ensuite \u00e0 chaque \u00e9l\u00e8ve de s&rsquo;entra\u00eener \u00e0 la validation des 16<br \/>\ncomp\u00e9tences attendues. Il faut se connecter \u00e0 son ENT via ses codes METICE puis<br \/>\naller sur l&rsquo;onglet Ressources documentaires, se connecter \u00e0 PIX avec le code donn\u00e9<br \/>\nlors de la pr\u00e9sentation et commencer son parcours de d\u00e9couverte. Ensuite la<br \/>\nprogression est personnalis\u00e9e et nous pourrons encourager les lyc\u00e9ens qui ne prennent<br \/>\npas le temps d&rsquo;avancer dans leur parcours, le niveau maximal \u00e0 atteindre \u00e9tant 8 pour<br \/>\nchacune des comp\u00e9tences;<\/p>\n<hr \/>\n<a href=\"https:\/\/etab.ac-reunion.fr\/lyc-stella\/wp-content\/uploads\/sites\/90\/2020\/10\/Fichememo_CRCN_1225544.pdf\" class=\"pdfemb-viewer\" style=\"\" data-width=\"max\" data-height=\"max\" data-toolbar=\"both\" data-toolbar-fixed=\"on\">Fichememo_CRCN_1225544<\/a>\n<hr \/>\n<p style=\"text-align: center\"><a href='https:\/\/etab.ac-reunion.fr\/lyc-stella\/wp-content\/uploads\/sites\/90\/2020\/10\/Fichememo_CRCN_1225544.pdf' class='small-button smallblue' target=\"_blank\">Ouvrir le PDF<\/a>\n","protected":false},"excerpt":{"rendered":"<p>PIX par ci Pix par l\u00e0! NOUVEAUTE: Cette ann\u00e9e, tous&#8230; <a class=\"continue-reading-link\" href=\"https:\/\/etab.ac-reunion.fr\/lyc-gerard-etheve\/les-cinq-domaines-des-competences-numeriques\/\">Continuer de lire<\/a><\/p>\n","protected":false},"author":14176,"featured_media":7802,"comment_status":"closed","ping_status":"closed","sticky":false,"template":"","format":"standard","meta":{"footnotes":"","_links_to":"","_links_to_target":""},"categories":[20],"tags":[],"class_list":["post-7797","post","type-post","status-publish","format-standard","has-post-thumbnail","hentry","category-actualites"],"_links":{"self":[{"href":"https:\/\/etab.ac-reunion.fr\/lyc-gerard-etheve\/wp-json\/wp\/v2\/posts\/7797","targetHints":{"allow":["GET"]}}],"collection":[{"href":"https:\/\/etab.ac-reunion.fr\/lyc-gerard-etheve\/wp-json\/wp\/v2\/posts"}],"about":[{"href":"https:\/\/etab.ac-reunion.fr\/lyc-gerard-etheve\/wp-json\/wp\/v2\/types\/post"}],"author":[{"embeddable":true,"href":"https:\/\/etab.ac-reunion.fr\/lyc-gerard-etheve\/wp-json\/wp\/v2\/users\/14176"}],"replies":[{"embeddable":true,"href":"https:\/\/etab.ac-reunion.fr\/lyc-gerard-etheve\/wp-json\/wp\/v2\/comments?post=7797"}],"version-history":[{"count":5,"href":"https:\/\/etab.ac-reunion.fr\/lyc-gerard-etheve\/wp-json\/wp\/v2\/posts\/7797\/revisions"}],"predecessor-version":[{"id":10742,"href":"https:\/\/etab.ac-reunion.fr\/lyc-gerard-etheve\/wp-json\/wp\/v2\/posts\/7797\/revisions\/10742"}],"wp:featuredmedia":[{"embeddable":true,"href":"https:\/\/etab.ac-reunion.fr\/lyc-gerard-etheve\/wp-json\/wp\/v2\/media\/7802"}],"wp:attachment":[{"href":"https:\/\/etab.ac-reunion.fr\/lyc-gerard-etheve\/wp-json\/wp\/v2\/media?parent=7797"}],"wp:term":[{"taxonomy":"category","embeddable":true,"href":"https:\/\/etab.ac-reunion.fr\/lyc-gerard-etheve\/wp-json\/wp\/v2\/categories?post=7797"},{"taxonomy":"post_tag","embeddable":true,"href":"https:\/\/etab.ac-reunion.fr\/lyc-gerard-etheve\/wp-json\/wp\/v2\/tags?post=7797"}],"curies":[{"name":"wp","href":"https:\/\/api.w.org\/{rel}","templated":true}]}}