{"id":8141,"date":"2021-03-05T15:45:21","date_gmt":"2021-03-05T11:45:21","guid":{"rendered":"http:\/\/lycee-stella.ac-reunion.fr\/?p=8141"},"modified":"2023-07-17T08:43:39","modified_gmt":"2023-07-17T04:43:39","slug":"la-licence-sciences-pour-lingenieur-de-la-faculte-sciences-et-technologies-de-luniversite-de-la-reunion","status":"publish","type":"post","link":"https:\/\/etab.ac-reunion.fr\/lyc-gerard-etheve\/la-licence-sciences-pour-lingenieur-de-la-faculte-sciences-et-technologies-de-luniversite-de-la-reunion\/","title":{"rendered":"La licence Sciences Pour l&rsquo;Ing\u00e9nieur de la Facult\u00e9 Sciences et Technologies de l&rsquo;universit\u00e9 de la R\u00e9union"},"content":{"rendered":"<p>Cette licence a vu le jour lors de la rentr\u00e9e 2020 et a pour vocation de proposer une fili\u00e8re originale, o\u00f9 les diff\u00e9rents enseignements de chaque semestre sont centr\u00e9s autour de la r\u00e9alisation d&rsquo;un projet technologique.<\/p>\n<p>Une r\u00e9flexion a \u00e9t\u00e9 men\u00e9e afin de proposer un cursus dans la continuit\u00e9 de ce qui peut \u00eatre fait en <strong>STI2D<\/strong> ou en enseignement de sp\u00e9cialit\u00e9<strong>\u00a0SI<\/strong> et proposer ensuite une ouverture vers une poursuite d&rsquo;\u00e9tudes en \u00e9coles d&rsquo;ing\u00e9nieurs et ou en master.<\/p>\n<p><a href=\"https:\/\/sciences.univ-reunion.fr\/formation\/offre-de-formations-2020-2024\/licences-2020-2024\/sciences-pour-lingenieur\">Lien vers le site de l&rsquo;Universit\u00e9<\/a><\/p>\n<a href=\"https:\/\/etab.ac-reunion.fr\/lyc-stella\/wp-content\/uploads\/sites\/90\/2021\/03\/Flyer-Licence_Sciences-Pour-lIngenieur_FST_UR-final.pdf\" class=\"pdfemb-viewer\" style=\"\" data-width=\"max\" data-height=\"max\" data-toolbar=\"both\" data-toolbar-fixed=\"on\">Flyer Licence_Sciences Pour l&#039;Ing\u00e9nieur_FST_UR final<\/a>\n<p>Contact :<\/p>\n<div>\n<div dir=\"ltr\">\n<div><i><b>Pierre-Olivier LUCAS DE PESLOUAN<\/b> &#8211; Ma\u00eetre de conf\u00e9rences<\/i><\/div>\n<\/div>\n<\/div>\n<div>\n<div dir=\"ltr\">\n<div><span style=\"font-family: arial narrow, sans-serif\"><i>Laboratoire LE\u00b2P &#8211; Universit\u00e9 de la R\u00e9union<\/i><\/span><\/div>\n<div><span style=\"font-family: arial narrow, sans-serif\"><i>EA4079 ,<\/i><\/span><i>15 AVENUE RENE CASSIN,\u00a0<\/i><span style=\"font-family: arial narrow, sans-serif\"><i>CS 92003 &#8211;\u00a0<\/i><\/span><i>97744 ST DENIS CEDEX 9<\/i><\/div>\n<\/div>\n<\/div>\n","protected":false},"excerpt":{"rendered":"<p>Cette licence a vu le jour lors de la rentr\u00e9e&#8230; <a class=\"continue-reading-link\" href=\"https:\/\/etab.ac-reunion.fr\/lyc-gerard-etheve\/la-licence-sciences-pour-lingenieur-de-la-faculte-sciences-et-technologies-de-luniversite-de-la-reunion\/\">Continuer de lire<\/a><\/p>\n","protected":false},"author":2538,"featured_media":8143,"comment_status":"closed","ping_status":"closed","sticky":false,"template":"","format":"standard","meta":{"footnotes":"","_links_to":"","_links_to_target":""},"categories":[20,36],"tags":[],"class_list":["post-8141","post","type-post","status-publish","format-standard","has-post-thumbnail","hentry","category-actualites","category-orientation"],"_links":{"self":[{"href":"https:\/\/etab.ac-reunion.fr\/lyc-gerard-etheve\/wp-json\/wp\/v2\/posts\/8141","targetHints":{"allow":["GET"]}}],"collection":[{"href":"https:\/\/etab.ac-reunion.fr\/lyc-gerard-etheve\/wp-json\/wp\/v2\/posts"}],"about":[{"href":"https:\/\/etab.ac-reunion.fr\/lyc-gerard-etheve\/wp-json\/wp\/v2\/types\/post"}],"author":[{"embeddable":true,"href":"https:\/\/etab.ac-reunion.fr\/lyc-gerard-etheve\/wp-json\/wp\/v2\/users\/2538"}],"replies":[{"embeddable":true,"href":"https:\/\/etab.ac-reunion.fr\/lyc-gerard-etheve\/wp-json\/wp\/v2\/comments?post=8141"}],"version-history":[{"count":2,"href":"https:\/\/etab.ac-reunion.fr\/lyc-gerard-etheve\/wp-json\/wp\/v2\/posts\/8141\/revisions"}],"predecessor-version":[{"id":10761,"href":"https:\/\/etab.ac-reunion.fr\/lyc-gerard-etheve\/wp-json\/wp\/v2\/posts\/8141\/revisions\/10761"}],"wp:featuredmedia":[{"embeddable":true,"href":"https:\/\/etab.ac-reunion.fr\/lyc-gerard-etheve\/wp-json\/wp\/v2\/media\/8143"}],"wp:attachment":[{"href":"https:\/\/etab.ac-reunion.fr\/lyc-gerard-etheve\/wp-json\/wp\/v2\/media?parent=8141"}],"wp:term":[{"taxonomy":"category","embeddable":true,"href":"https:\/\/etab.ac-reunion.fr\/lyc-gerard-etheve\/wp-json\/wp\/v2\/categories?post=8141"},{"taxonomy":"post_tag","embeddable":true,"href":"https:\/\/etab.ac-reunion.fr\/lyc-gerard-etheve\/wp-json\/wp\/v2\/tags?post=8141"}],"curies":[{"name":"wp","href":"https:\/\/api.w.org\/{rel}","templated":true}]}}