{"id":9152,"date":"2022-04-27T09:44:28","date_gmt":"2022-04-27T05:44:28","guid":{"rendered":"http:\/\/lycee-stella.ac-reunion.fr\/?p=9152"},"modified":"2023-10-28T15:37:41","modified_gmt":"2023-10-28T11:37:41","slug":"un-ecrivain-au-cdi","status":"publish","type":"post","link":"https:\/\/etab.ac-reunion.fr\/lyc-gerard-etheve\/un-ecrivain-au-cdi\/","title":{"rendered":"Un \u00e9crivain au CDI"},"content":{"rendered":"<p align=\"center\">Gr\u00e2ce \u00e0 l\u2019association <i><b>Ile \u00e0 la page<\/b><\/i> qui organise l\u2019action \u00ab un auteur, des lecteurs \u00bb,<\/p>\n<p align=\"center\">les \u00e9l\u00e8ves de 2de7 ont rencontr\u00e9 la romanci\u00e8re <b>Manon Fargetton,<\/b> mercredi 20 avril 2022, au Cdi,<\/p>\n<p align=\"center\">Ce projet a \u00e9t\u00e9 pr\u00e9par\u00e9 par Mme Tison, enseignante de lettres de la classe, et Mme Blaizat documentaliste.<\/p>\n<p align=\"center\">Les \u00e9l\u00e8ves ont travaill\u00e9 plus particuli\u00e8rement sur le roman : \u00ab <strong>E<\/strong><b>n plein vol<\/b> \u00bb, roman sur l\u2019adolescence, les choix..<\/p>\n<p align=\"center\"><i>\u00ab\u00a0D\u00e9ployer ses ailes et prendre son envol. Planer dans la brise, se griser de vitesse.<br \/>\nLorsque Romane et Jules se rencontrent \u00e0 la fac, leur amiti\u00e9 est fulgurante, nourrie d&rsquo;id\u00e9alisme. Quelle vie veulent-ils mener ? &#8230;<br \/>\nIl est des oiseaux qui dorment dans les grands vents, d&rsquo;autres qui veulent atteindre le soleil.\u00a0\u00bb<\/i><\/p>\n<p align=\"center\"><i>Pendant deux heures, les \u00e9l\u00e8ves ont pu poser toutes les questions qu\u2019ils souhaitaient sur l\u2019\u0153uvre, le parcours de l\u2019auteure, le m\u00e9tier d\u2019\u00e9crivain, ils ont montr\u00e9 aussi leurs productions.<\/i><\/p>\n<p align=\"center\"><i>La matin\u00e9e s\u2019est finie avec la lecture d\u2019un chapitre choisi par la romanci\u00e8re.<\/i><\/p>\n<p style=\"text-align: left\" align=\"center\"><img loading=\"lazy\" decoding=\"async\" class=\"alignnone size-medium wp-image-9155\" src=\"https:\/\/etab.ac-reunion.fr\/lyc-stella\/wp-content\/uploads\/sites\/90\/2022\/04\/photo2-300x225.jpg\" alt=\"\" width=\"300\" height=\"225\" srcset=\"https:\/\/etab.ac-reunion.fr\/lyc-gerard-etheve\/wp-content\/uploads\/sites\/90\/2022\/04\/photo2-300x225.jpg 300w, https:\/\/etab.ac-reunion.fr\/lyc-gerard-etheve\/wp-content\/uploads\/sites\/90\/2022\/04\/photo2.jpg 640w\" sizes=\"auto, (max-width: 300px) 100vw, 300px\" \/> <img loading=\"lazy\" decoding=\"async\" class=\"alignnone size-medium wp-image-9158\" src=\"https:\/\/etab.ac-reunion.fr\/lyc-stella\/wp-content\/uploads\/sites\/90\/2022\/04\/mf-dessin1-300x225.jpg\" alt=\"\" width=\"300\" height=\"225\" srcset=\"https:\/\/etab.ac-reunion.fr\/lyc-gerard-etheve\/wp-content\/uploads\/sites\/90\/2022\/04\/mf-dessin1-300x225.jpg 300w, https:\/\/etab.ac-reunion.fr\/lyc-gerard-etheve\/wp-content\/uploads\/sites\/90\/2022\/04\/mf-dessin1.jpg 640w\" sizes=\"auto, (max-width: 300px) 100vw, 300px\" \/> <img loading=\"lazy\" decoding=\"async\" class=\"alignnone size-medium wp-image-9157\" src=\"https:\/\/etab.ac-reunion.fr\/lyc-stella\/wp-content\/uploads\/sites\/90\/2022\/04\/MF-dESIN2-225x300.jpg\" alt=\"\" width=\"225\" height=\"300\" srcset=\"https:\/\/etab.ac-reunion.fr\/lyc-gerard-etheve\/wp-content\/uploads\/sites\/90\/2022\/04\/MF-dESIN2-225x300.jpg 225w, https:\/\/etab.ac-reunion.fr\/lyc-gerard-etheve\/wp-content\/uploads\/sites\/90\/2022\/04\/MF-dESIN2-rotated.jpg 480w\" sizes=\"auto, (max-width: 225px) 100vw, 225px\" \/> <img loading=\"lazy\" decoding=\"async\" class=\"alignnone size-medium wp-image-9156\" src=\"https:\/\/etab.ac-reunion.fr\/lyc-stella\/wp-content\/uploads\/sites\/90\/2022\/04\/MF-dessin3-225x300.jpg\" alt=\"\" width=\"225\" height=\"300\" srcset=\"https:\/\/etab.ac-reunion.fr\/lyc-gerard-etheve\/wp-content\/uploads\/sites\/90\/2022\/04\/MF-dessin3-225x300.jpg 225w, https:\/\/etab.ac-reunion.fr\/lyc-gerard-etheve\/wp-content\/uploads\/sites\/90\/2022\/04\/MF-dessin3-rotated.jpg 480w\" sizes=\"auto, (max-width: 225px) 100vw, 225px\" \/> <img loading=\"lazy\" decoding=\"async\" class=\"alignnone size-medium wp-image-9154\" src=\"https:\/\/etab.ac-reunion.fr\/lyc-stella\/wp-content\/uploads\/sites\/90\/2022\/04\/photo1-300x225.jpg\" alt=\"\" width=\"300\" height=\"225\" srcset=\"https:\/\/etab.ac-reunion.fr\/lyc-gerard-etheve\/wp-content\/uploads\/sites\/90\/2022\/04\/photo1-300x225.jpg 300w, https:\/\/etab.ac-reunion.fr\/lyc-gerard-etheve\/wp-content\/uploads\/sites\/90\/2022\/04\/photo1.jpg 640w\" sizes=\"auto, (max-width: 300px) 100vw, 300px\" \/> <img loading=\"lazy\" decoding=\"async\" class=\"alignnone size-medium wp-image-9153\" src=\"https:\/\/etab.ac-reunion.fr\/lyc-stella\/wp-content\/uploads\/sites\/90\/2022\/04\/photo3-225x300.jpg\" alt=\"\" width=\"225\" height=\"300\" srcset=\"https:\/\/etab.ac-reunion.fr\/lyc-gerard-etheve\/wp-content\/uploads\/sites\/90\/2022\/04\/photo3-225x300.jpg 225w, https:\/\/etab.ac-reunion.fr\/lyc-gerard-etheve\/wp-content\/uploads\/sites\/90\/2022\/04\/photo3-rotated.jpg 480w\" sizes=\"auto, (max-width: 225px) 100vw, 225px\" \/><\/p>\n","protected":false},"excerpt":{"rendered":"<p>D\u00e9ployer ses ailes et prendre son envol. Planer dans la brise, se griser de vitesse.<br \/>\nLorsque Romane et Jules se rencontrent \u00e0 la fac, leur amiti\u00e9 est fulgurante, nourrie d\u2019id\u00e9alisme. Quelle vie veulent-ils mener ?  <a class=\"continue-reading-link\" href=\"https:\/\/etab.ac-reunion.fr\/lyc-gerard-etheve\/un-ecrivain-au-cdi\/\">Continuer de lire<\/a><\/p>\n","protected":false},"author":27639,"featured_media":9154,"comment_status":"closed","ping_status":"closed","sticky":false,"template":"","format":"standard","meta":{"footnotes":"","_links_to":"","_links_to_target":""},"categories":[20,51],"tags":[],"class_list":["post-9152","post","type-post","status-publish","format-standard","has-post-thumbnail","hentry","category-actualites","category-cdi"],"_links":{"self":[{"href":"https:\/\/etab.ac-reunion.fr\/lyc-gerard-etheve\/wp-json\/wp\/v2\/posts\/9152","targetHints":{"allow":["GET"]}}],"collection":[{"href":"https:\/\/etab.ac-reunion.fr\/lyc-gerard-etheve\/wp-json\/wp\/v2\/posts"}],"about":[{"href":"https:\/\/etab.ac-reunion.fr\/lyc-gerard-etheve\/wp-json\/wp\/v2\/types\/post"}],"author":[{"embeddable":true,"href":"https:\/\/etab.ac-reunion.fr\/lyc-gerard-etheve\/wp-json\/wp\/v2\/users\/27639"}],"replies":[{"embeddable":true,"href":"https:\/\/etab.ac-reunion.fr\/lyc-gerard-etheve\/wp-json\/wp\/v2\/comments?post=9152"}],"version-history":[{"count":7,"href":"https:\/\/etab.ac-reunion.fr\/lyc-gerard-etheve\/wp-json\/wp\/v2\/posts\/9152\/revisions"}],"predecessor-version":[{"id":11122,"href":"https:\/\/etab.ac-reunion.fr\/lyc-gerard-etheve\/wp-json\/wp\/v2\/posts\/9152\/revisions\/11122"}],"wp:featuredmedia":[{"embeddable":true,"href":"https:\/\/etab.ac-reunion.fr\/lyc-gerard-etheve\/wp-json\/wp\/v2\/media\/9154"}],"wp:attachment":[{"href":"https:\/\/etab.ac-reunion.fr\/lyc-gerard-etheve\/wp-json\/wp\/v2\/media?parent=9152"}],"wp:term":[{"taxonomy":"category","embeddable":true,"href":"https:\/\/etab.ac-reunion.fr\/lyc-gerard-etheve\/wp-json\/wp\/v2\/categories?post=9152"},{"taxonomy":"post_tag","embeddable":true,"href":"https:\/\/etab.ac-reunion.fr\/lyc-gerard-etheve\/wp-json\/wp\/v2\/tags?post=9152"}],"curies":[{"name":"wp","href":"https:\/\/api.w.org\/{rel}","templated":true}]}}