{"id":9791,"date":"2023-02-06T08:33:25","date_gmt":"2023-02-06T04:33:25","guid":{"rendered":"https:\/\/etab.ac-reunion.fr\/lyc-stella\/?p=9791"},"modified":"2023-07-14T03:17:58","modified_gmt":"2023-07-13T23:17:58","slug":"journee-internationale-de-la-femme","status":"publish","type":"post","link":"https:\/\/etab.ac-reunion.fr\/lyc-gerard-etheve\/journee-internationale-de-la-femme\/","title":{"rendered":"Journ\u00e9e de la Femme"},"content":{"rendered":"<p><strong><a href=\"http:\/\/eduscol.education.fr\/cid66268\/journees-commemoratives.html\" target=\"_blank\" rel=\"noopener\">Le 8 mars<\/a><\/strong>&nbsp;est une journ\u00e9e de sensibilisation et de mobilisation des \u00e9l\u00e8ves des \u00e9coles, coll\u00e8ges et lyc\u00e9es&nbsp;<strong>pour les droits des femmes et l&rsquo;\u00e9galit\u00e9 hommes-femmes<\/strong>.<\/p>\n<p>Le site&nbsp;<strong>\u00c9duscol<\/strong>&nbsp;propose une&nbsp;<strong><a href=\"http:\/\/eduscol.education.fr\/cid45623\/concours-sur-l-egalite-filles-garcons.html\" target=\"_blank\" rel=\"noopener\">liste de concours<\/a><\/strong>&nbsp;permettant de promouvoir au sein de l&rsquo;\u00e9cole l&rsquo;\u00e9galit\u00e9 et le respect mutuel entre les filles et les gar\u00e7ons ainsi qu&rsquo;une&nbsp;<strong><a href=\"https:\/\/eduscol.education.fr\/1631\/les-enjeux-de-l-egalite-filles-garcons#summary-item-4\" target=\"_blank\" rel=\"noopener\">liste d&rsquo;associations<\/a><\/strong>&nbsp;engag\u00e9es dans la sensibilisation du public scolaire aux in\u00e9galit\u00e9s et discriminations fond\u00e9es sur le sexe.<\/p>\n<hr>\n<p><strong>Outils \u00e9galit\u00e9 filles-gar\u00e7ons<\/strong><\/p>\n<p>La rubrique&nbsp;<strong><a href=\"https:\/\/www.reseau-canope.fr\/outils-egalite-filles-garcons\/agir-en-classe314.html#bandeauPtf\" target=\"_blank\" rel=\"noopener\">Agir en classe<\/a><\/strong>&nbsp;de la plateforme de R\u00e9seau Canop\u00e9&nbsp;<strong><a href=\"https:\/\/www.reseau-canope.fr\/outils-egalite-filles-garcons.html\" target=\"_blank\" rel=\"noopener\">Outils \u00e9galit\u00e9 filles-gar\u00e7ons<\/a><\/strong>&nbsp;propose des pistes de mise en oeuvre pour int\u00e9grer l\u2019\u00e9galit\u00e9 dans les enseignements du premier et du second degr\u00e9 (lettres, philosophie, SVT, histoire g\u00e9ographie, EPS, arts plastiques, orientation).<\/p>\n<p><span style=\"font-size: 8pt\"><em>(L&rsquo;\u00e9quipe du CDI)<\/em><\/span><\/p>\n","protected":false},"excerpt":{"rendered":"<p>Le site \u00c9duscol propose une liste de concours permettant de promouvoir au sein de l\u2019\u00e9cole l\u2019\u00e9galit\u00e9 et le respect mutuel entre les filles et les gar\u00e7ons ainsi qu\u2019une liste d\u2019associations engag\u00e9es dans la sensibilisation du public scolaire aux in\u00e9galit\u00e9s et discriminations fond\u00e9es sur le sexe. <a class=\"continue-reading-link\" href=\"https:\/\/etab.ac-reunion.fr\/lyc-gerard-etheve\/journee-internationale-de-la-femme\/\">Continuer de lire<\/a><\/p>\n","protected":false},"author":14176,"featured_media":9792,"comment_status":"closed","ping_status":"closed","sticky":false,"template":"","format":"standard","meta":{"footnotes":"","_links_to":"","_links_to_target":""},"categories":[20],"tags":[],"class_list":["post-9791","post","type-post","status-publish","format-standard","has-post-thumbnail","hentry","category-actualites"],"_links":{"self":[{"href":"https:\/\/etab.ac-reunion.fr\/lyc-gerard-etheve\/wp-json\/wp\/v2\/posts\/9791","targetHints":{"allow":["GET"]}}],"collection":[{"href":"https:\/\/etab.ac-reunion.fr\/lyc-gerard-etheve\/wp-json\/wp\/v2\/posts"}],"about":[{"href":"https:\/\/etab.ac-reunion.fr\/lyc-gerard-etheve\/wp-json\/wp\/v2\/types\/post"}],"author":[{"embeddable":true,"href":"https:\/\/etab.ac-reunion.fr\/lyc-gerard-etheve\/wp-json\/wp\/v2\/users\/14176"}],"replies":[{"embeddable":true,"href":"https:\/\/etab.ac-reunion.fr\/lyc-gerard-etheve\/wp-json\/wp\/v2\/comments?post=9791"}],"version-history":[{"count":9,"href":"https:\/\/etab.ac-reunion.fr\/lyc-gerard-etheve\/wp-json\/wp\/v2\/posts\/9791\/revisions"}],"predecessor-version":[{"id":10534,"href":"https:\/\/etab.ac-reunion.fr\/lyc-gerard-etheve\/wp-json\/wp\/v2\/posts\/9791\/revisions\/10534"}],"wp:featuredmedia":[{"embeddable":true,"href":"https:\/\/etab.ac-reunion.fr\/lyc-gerard-etheve\/wp-json\/wp\/v2\/media\/9792"}],"wp:attachment":[{"href":"https:\/\/etab.ac-reunion.fr\/lyc-gerard-etheve\/wp-json\/wp\/v2\/media?parent=9791"}],"wp:term":[{"taxonomy":"category","embeddable":true,"href":"https:\/\/etab.ac-reunion.fr\/lyc-gerard-etheve\/wp-json\/wp\/v2\/categories?post=9791"},{"taxonomy":"post_tag","embeddable":true,"href":"https:\/\/etab.ac-reunion.fr\/lyc-gerard-etheve\/wp-json\/wp\/v2\/tags?post=9791"}],"curies":[{"name":"wp","href":"https:\/\/api.w.org\/{rel}","templated":true}]}}