{"id":14753,"date":"2021-06-23T14:16:50","date_gmt":"2021-06-23T10:16:50","guid":{"rendered":"http:\/\/lycee-isnelle-amelin.ac-reunion.fr\/?p=14753"},"modified":"2021-11-19T13:12:20","modified_gmt":"2021-11-19T09:12:20","slug":"au-centre-de-la-terre","status":"publish","type":"post","link":"https:\/\/etab.ac-reunion.fr\/lyc-isnelle-amelin\/sections\/coiffure\/au-centre-de-la-terre","title":{"rendered":"Au centre de la terre"},"content":{"rendered":"\n<p class=\"has-text-align-center\">Les \u00e9l\u00e8ves de la section coiffure se glissent sous la terre dans un tunnel de lave.<\/p>\n\n\n\n<div class=\"wp-block-group is-layout-flow wp-block-group-is-layout-flow\">\n<figure class=\"wp-block-gallery aligncenter columns-1 is-cropped wp-block-gallery-1 is-layout-flex wp-block-gallery-is-layout-flex\"><ul class=\"blocks-gallery-grid\"><li class=\"blocks-gallery-item\"><figure><img loading=\"lazy\" decoding=\"async\" width=\"762\" height=\"1024\" src=\"https:\/\/etab.ac-reunion.fr\/lyc-isnelle-amelin\/wp-content\/uploads\/sites\/43\/2021\/06\/kezia-sous-la-lave-1-762x1024.jpg\" alt=\"\" data-id=\"14754\" class=\"wp-image-14754\" \/><\/figure><\/li><\/ul><\/figure>\n<\/div>\n\n\n\n<p class=\"has-text-align-center\">Accompagn\u00e9s de leurs enseignants Mme Marcellin et M.Petiaud, les \u00e9l\u00e8ves ont vaincu leurs craintes, et ils ont pu d\u00e9couvrir les beaut\u00e9s spectaculaires du parcours des coul\u00e9es de lave souterraines de1977.<\/p>\n\n\n\n<div class=\"wp-block-group is-layout-flow wp-block-group-is-layout-flow\">\n<figure class=\"wp-block-gallery columns-3 is-cropped wp-block-gallery-2 is-layout-flex wp-block-gallery-is-layout-flex\"><ul class=\"blocks-gallery-grid\"><li class=\"blocks-gallery-item\"><figure><img loading=\"lazy\" decoding=\"async\" width=\"1024\" height=\"768\" src=\"https:\/\/etab.ac-reunion.fr\/lyc-isnelle-amelin\/wp-content\/uploads\/sites\/43\/2021\/06\/194592233_184174843632269_8513521101346912102_n-1024x768.jpg\" alt=\"\" data-id=\"14755\" class=\"wp-image-14755\" srcset=\"https:\/\/etab.ac-reunion.fr\/lyc-isnelle-amelin\/wp-content\/uploads\/sites\/43\/2021\/06\/194592233_184174843632269_8513521101346912102_n-980x735.jpg 980w, https:\/\/etab.ac-reunion.fr\/lyc-isnelle-amelin\/wp-content\/uploads\/sites\/43\/2021\/06\/194592233_184174843632269_8513521101346912102_n-480x360.jpg 480w\" sizes=\"(min-width: 0px) and (max-width: 480px) 480px, (min-width: 481px) and (max-width: 980px) 980px, (min-width: 981px) 1024px, 100vw\" \/><\/figure><\/li><li class=\"blocks-gallery-item\"><figure><img loading=\"lazy\" decoding=\"async\" width=\"762\" height=\"1024\" src=\"https:\/\/etab.ac-reunion.fr\/lyc-isnelle-amelin\/wp-content\/uploads\/sites\/43\/2021\/06\/196774672_151470940364796_8383528121881793775_n-762x1024.jpg\" alt=\"\" data-id=\"14756\" data-link=\"https:\/\/etab.ac-reunion.fr\/lyc-isnelle-amelin\/?attachment_id=14756\" class=\"wp-image-14756\" \/><\/figure><\/li><li class=\"blocks-gallery-item\"><figure><img loading=\"lazy\" decoding=\"async\" width=\"762\" height=\"1024\" src=\"https:\/\/etab.ac-reunion.fr\/lyc-isnelle-amelin\/wp-content\/uploads\/sites\/43\/2021\/06\/sous-la-terre-1-762x1024.jpg\" alt=\"\" data-id=\"14758\" data-link=\"https:\/\/etab.ac-reunion.fr\/lyc-isnelle-amelin\/?attachment_id=14758\" class=\"wp-image-14758\" \/><\/figure><\/li><li class=\"blocks-gallery-item\"><figure><img loading=\"lazy\" decoding=\"async\" width=\"762\" height=\"1024\" src=\"https:\/\/etab.ac-reunion.fr\/lyc-isnelle-amelin\/wp-content\/uploads\/sites\/43\/2021\/06\/193928542_845978619336525_6982389394190914580_n-762x1024.jpg\" alt=\"\" data-id=\"14757\" data-link=\"https:\/\/etab.ac-reunion.fr\/lyc-isnelle-amelin\/?attachment_id=14757\" class=\"wp-image-14757\" \/><figcaption class=\"blocks-gallery-item__caption\">Apr\u00e8s le passage de la lave, des sp\u00e9l\u00e9oth\u00e8mes (stalactites basaltiques)<\/figcaption><\/figure><\/li><li class=\"blocks-gallery-item\"><figure><img loading=\"lazy\" decoding=\"async\" width=\"302\" height=\"403\" src=\"https:\/\/etab.ac-reunion.fr\/lyc-isnelle-amelin\/wp-content\/uploads\/sites\/43\/2021\/06\/groupe-eleves-1.jpg\" alt=\"\" data-id=\"14808\" data-full-url=\"https:\/\/etab.ac-reunion.fr\/lyc-isnelle-amelin\/wp-content\/uploads\/sites\/43\/2021\/06\/groupe-eleves-1.jpg\" data-link=\"https:\/\/etab.ac-reunion.fr\/lyc-isnelle-amelin\/le-lycee\/au-centre-de-la-terre\/attachment\/groupe-eleves-1\" class=\"wp-image-14808\" srcset=\"https:\/\/etab.ac-reunion.fr\/lyc-isnelle-amelin\/wp-content\/uploads\/sites\/43\/2021\/06\/groupe-eleves-1.jpg 302w, https:\/\/etab.ac-reunion.fr\/lyc-isnelle-amelin\/wp-content\/uploads\/sites\/43\/2021\/06\/groupe-eleves-1-225x300.jpg 225w\" sizes=\"(max-width: 302px) 100vw, 302px\" \/><\/figure><\/li><\/ul><\/figure>\n<\/div>\n\n\n\n<figure class=\"wp-block-gallery columns-0 is-cropped wp-block-gallery-3 is-layout-flex wp-block-gallery-is-layout-flex\"><ul class=\"blocks-gallery-grid\"><\/ul><\/figure>\n<!-- AddThis Advanced Settings generic via filter on the_content --><!-- AddThis Share Buttons generic via filter on the_content -->","protected":false},"excerpt":{"rendered":"<p>Les \u00e9l\u00e8ves de la section coiffure se sont gliss\u00e9 sous la terre dans un tunnel de lave. Accompagn\u00e9s de leurs enseignants Mme Marcellin et M.Petiaud, les \u00e9l\u00e8ves ont vaincu leurs craintes, et ils ont pu d\u00e9couvrir les beaut\u00e9s spectaculaires du parcours des coul\u00e9es de lave souterraines de 1977\u2026<!-- AddThis Advanced Settings generic via filter on get_the_excerpt --><!-- AddThis Share Buttons generic via filter on get_the_excerpt --><\/p>\n","protected":false},"author":8671,"featured_media":14834,"comment_status":"closed","ping_status":"closed","sticky":true,"template":"","format":"standard","meta":{"_et_pb_use_builder":"off","_et_pb_old_content":"","_et_gb_content_width":"1080","footnotes":"","_links_to":"","_links_to_target":""},"categories":[269,60,11,198,40,23,89],"tags":[],"class_list":["post-14753","post","type-post","status-publish","format-standard","has-post-thumbnail","hentry","category-actu102","category-cap","category-coiffure","category-lacoiffure","category-projet-developpement-durable","category-projets","category-projets-professionnels"],"_links":{"self":[{"href":"https:\/\/etab.ac-reunion.fr\/lyc-isnelle-amelin\/wp-json\/wp\/v2\/posts\/14753","targetHints":{"allow":["GET"]}}],"collection":[{"href":"https:\/\/etab.ac-reunion.fr\/lyc-isnelle-amelin\/wp-json\/wp\/v2\/posts"}],"about":[{"href":"https:\/\/etab.ac-reunion.fr\/lyc-isnelle-amelin\/wp-json\/wp\/v2\/types\/post"}],"author":[{"embeddable":true,"href":"https:\/\/etab.ac-reunion.fr\/lyc-isnelle-amelin\/wp-json\/wp\/v2\/users\/8671"}],"replies":[{"embeddable":true,"href":"https:\/\/etab.ac-reunion.fr\/lyc-isnelle-amelin\/wp-json\/wp\/v2\/comments?post=14753"}],"version-history":[{"count":3,"href":"https:\/\/etab.ac-reunion.fr\/lyc-isnelle-amelin\/wp-json\/wp\/v2\/posts\/14753\/revisions"}],"predecessor-version":[{"id":15305,"href":"https:\/\/etab.ac-reunion.fr\/lyc-isnelle-amelin\/wp-json\/wp\/v2\/posts\/14753\/revisions\/15305"}],"wp:featuredmedia":[{"embeddable":true,"href":"https:\/\/etab.ac-reunion.fr\/lyc-isnelle-amelin\/wp-json\/wp\/v2\/media\/14834"}],"wp:attachment":[{"href":"https:\/\/etab.ac-reunion.fr\/lyc-isnelle-amelin\/wp-json\/wp\/v2\/media?parent=14753"}],"wp:term":[{"taxonomy":"category","embeddable":true,"href":"https:\/\/etab.ac-reunion.fr\/lyc-isnelle-amelin\/wp-json\/wp\/v2\/categories?post=14753"},{"taxonomy":"post_tag","embeddable":true,"href":"https:\/\/etab.ac-reunion.fr\/lyc-isnelle-amelin\/wp-json\/wp\/v2\/tags?post=14753"}],"curies":[{"name":"wp","href":"https:\/\/api.w.org\/{rel}","templated":true}]}}