{"id":1528,"date":"2015-04-10T12:10:51","date_gmt":"2015-04-10T08:10:51","guid":{"rendered":"http:\/\/lycee-isnelle-amelin.ac-reunion.fr\/?p=1528"},"modified":"2015-10-06T17:23:35","modified_gmt":"2015-10-06T13:23:35","slug":"baccalaureat-blanc-du-10-avril-2015","status":"publish","type":"post","link":"https:\/\/etab.ac-reunion.fr\/lyc-isnelle-amelin\/archives\/baccalaureat-blanc-du-10-avril-2015","title":{"rendered":"Baccalaur\u00e9at Blanc du 10 Avril 2015"},"content":{"rendered":"<h2>Rappel de quelques consignes<\/h2>\n<p>Classes concern\u00e9es\u00a0 : <strong>Terminales ARCU \/ BECP \/ COM-A \/ COM-B \/ GA-A \/ GA-B \/ MMV \u00a0\u00a0 \u00a0<\/strong><\/p>\n<p>Les \u00e9preuves de fran\u00e7ais, histoire\/g\u00e9ographie\/\u00e9ducation civique et l&rsquo;\u00e9tude de cas auront lieu selon l&rsquo;organisation suivante :<br \/>\n&#8211; fran\u00e7ais : 8h00 \u00e0 10h30<br \/>\n&#8211; histoire\/g\u00e9ographie : 11h00 \u00e0 12h30<br \/>\n&#8211; \u00e9tude de cas : 14h00 \u00e0 17h00 pour les BECP \/ COM-A \/ COM-B \/ GA-A \/ GA-B<br \/>\n&#8211; \u00e9tude de cas : 13h30 \u00e0 17h30 pour les ARCU<br \/>\n&#8211; \u00e9tude de cas : pas pour les MMV<\/p>\n<p>Le matin, les \u00e9l\u00e8ves n&rsquo;ont pas l&rsquo;autorisation de sortir de la salle avant la fin de l&rsquo;\u00e9preuve ; 1\/2 heure de pause est pr\u00e9vue entre les deux \u00e9preuves.<br \/>\nL&rsquo;apr\u00e8s-midi, les \u00e9l\u00e8ves ne pourront sortir de la salle qu&rsquo;au bout de 2 heures.<br \/>\nDes copies d&rsquo;examen et du brouillon seront remis aux \u00e9l\u00e8ves pour les \u00e9preuves.<br \/>\nLes \u00e9l\u00e8ves v\u00e9rifieront leur salle d&rsquo;examen le vendredi matin \u00e0 partir de 7h30 sur le tableau d&rsquo;affichage.<\/p>\n<h2>Pi\u00e8ces jointes<\/h2>\n<p><a href=\"https:\/\/etab.ac-reunion.fr\/lyc-isnelle-amelin\/wp-content\/uploads\/sites\/43\/2015\/04\/changement-salles-bac-blanc-10-04-15-b.pdf\">Changement de salles pour le bac blanc 10-04-15<\/a><\/p>\n<p><a href=\"https:\/\/etab.ac-reunion.fr\/lyc-isnelle-amelin\/wp-content\/uploads\/sites\/43\/2015\/04\/planning-surveillances-bac-blanc-10-avril-2015.pdf\">Planning des surveillances du bac blanc<\/a><\/p>\n<!-- AddThis Advanced Settings generic via filter on the_content --><!-- AddThis Share Buttons generic via filter on the_content -->","protected":false},"excerpt":{"rendered":"<p>Rappel de quelques consignes Classes concern\u00e9es\u00a0 : Terminales ARCU \/ BECP \/ COM-A \/ COM-B \/ GA-A \/ GA-B \/ MMV \u00a0\u00a0 \u00a0 Les \u00e9preuves de fran\u00e7ais, histoire\/g\u00e9ographie\/\u00e9ducation civique et [&hellip;]<!-- AddThis Advanced Settings generic via filter on get_the_excerpt --><!-- AddThis Share Buttons generic via filter on get_the_excerpt --><\/p>\n","protected":false},"author":344,"featured_media":0,"comment_status":"closed","ping_status":"closed","sticky":false,"template":"","format":"standard","meta":{"_et_pb_use_builder":"","_et_pb_old_content":"","_et_gb_content_width":"","footnotes":"","_links_to":"","_links_to_target":""},"categories":[59],"tags":[],"class_list":["post-1528","post","type-post","status-publish","format-standard","hentry","category-archives"],"_links":{"self":[{"href":"https:\/\/etab.ac-reunion.fr\/lyc-isnelle-amelin\/wp-json\/wp\/v2\/posts\/1528","targetHints":{"allow":["GET"]}}],"collection":[{"href":"https:\/\/etab.ac-reunion.fr\/lyc-isnelle-amelin\/wp-json\/wp\/v2\/posts"}],"about":[{"href":"https:\/\/etab.ac-reunion.fr\/lyc-isnelle-amelin\/wp-json\/wp\/v2\/types\/post"}],"author":[{"embeddable":true,"href":"https:\/\/etab.ac-reunion.fr\/lyc-isnelle-amelin\/wp-json\/wp\/v2\/users\/344"}],"replies":[{"embeddable":true,"href":"https:\/\/etab.ac-reunion.fr\/lyc-isnelle-amelin\/wp-json\/wp\/v2\/comments?post=1528"}],"version-history":[{"count":1,"href":"https:\/\/etab.ac-reunion.fr\/lyc-isnelle-amelin\/wp-json\/wp\/v2\/posts\/1528\/revisions"}],"predecessor-version":[{"id":1531,"href":"https:\/\/etab.ac-reunion.fr\/lyc-isnelle-amelin\/wp-json\/wp\/v2\/posts\/1528\/revisions\/1531"}],"wp:attachment":[{"href":"https:\/\/etab.ac-reunion.fr\/lyc-isnelle-amelin\/wp-json\/wp\/v2\/media?parent=1528"}],"wp:term":[{"taxonomy":"category","embeddable":true,"href":"https:\/\/etab.ac-reunion.fr\/lyc-isnelle-amelin\/wp-json\/wp\/v2\/categories?post=1528"},{"taxonomy":"post_tag","embeddable":true,"href":"https:\/\/etab.ac-reunion.fr\/lyc-isnelle-amelin\/wp-json\/wp\/v2\/tags?post=1528"}],"curies":[{"name":"wp","href":"https:\/\/api.w.org\/{rel}","templated":true}]}}