{"id":16307,"date":"2022-07-07T21:35:06","date_gmt":"2022-07-07T17:35:06","guid":{"rendered":"http:\/\/lycee-isnelle-amelin.ac-reunion.fr\/?p=16307"},"modified":"2022-09-26T20:07:42","modified_gmt":"2022-09-26T16:07:42","slug":"mobilite-professionnelle-en-espagne-une-aventure-humaine-et-professionnelle","status":"publish","type":"post","link":"https:\/\/etab.ac-reunion.fr\/lyc-isnelle-amelin\/projets\/echanges-europeens\/mobilite-professionnelle-en-espagne-une-aventure-humaine-et-professionnelle","title":{"rendered":"Mobilit\u00e9 Professionnelle en Espagne\u00a0: une aventure humaine et professionnelle"},"content":{"rendered":"\n<p><strong>Dans le cadre du projet ERASMUS+ du consortium acad\u00e9mique DEFIPRO, 14 \u00e9l\u00e8ves de notre \u00e9tablissement et 2 professeurs, M. BAUDIN &amp; Mme MARCHAL ont accompagn\u00e9 les \u00e9l\u00e8ves pour leur mobilit\u00e9 professionnelle en Espagne pendant tout le mois de Juin 2022.<\/strong><br><br>Le d\u00e9part de cette grande aventure professionnelle et avant tout humaine, s\u2019est effectu\u00e9 depuis l\u2019a\u00e9roport de Roland Garros.<br>Les familles des participants et la direction de l\u2019\u00e9tablissement qui ont une part tr\u00e8s importantes du projet, ont souhait\u00e9 aux participants une grande r\u00e9ussite pour le projet et un tr\u00e8s bon voyage.&nbsp;<\/p>\n\n\n\n<figure class=\"wp-block-gallery alignwide has-nested-images columns-default is-cropped wp-block-gallery-1 is-layout-flex wp-block-gallery-is-layout-flex\">\n<figure class=\"wp-block-image size-large\"><a href=\"https:\/\/etab.ac-reunion.fr\/lyc-isnelle-amelin\/wp-content\/uploads\/sites\/43\/2022\/06\/Ae_roport-de-Roland-Garros.jpg\"><img loading=\"lazy\" decoding=\"async\" width=\"1280\" height=\"960\" data-id=\"16308\" src=\"https:\/\/etab.ac-reunion.fr\/lyc-isnelle-amelin\/wp-content\/uploads\/sites\/43\/2022\/06\/Ae_roport-de-Roland-Garros.jpg\" alt=\"\" class=\"wp-image-16308\" srcset=\"https:\/\/etab.ac-reunion.fr\/lyc-isnelle-amelin\/wp-content\/uploads\/sites\/43\/2022\/06\/Ae_roport-de-Roland-Garros.jpg 1280w, https:\/\/etab.ac-reunion.fr\/lyc-isnelle-amelin\/wp-content\/uploads\/sites\/43\/2022\/06\/Ae_roport-de-Roland-Garros-980x735.jpg 980w, https:\/\/etab.ac-reunion.fr\/lyc-isnelle-amelin\/wp-content\/uploads\/sites\/43\/2022\/06\/Ae_roport-de-Roland-Garros-480x360.jpg 480w\" sizes=\"(min-width: 0px) and (max-width: 480px) 480px, (min-width: 481px) and (max-width: 980px) 980px, (min-width: 981px) 1280px, 100vw\" \/><\/a><figcaption>D\u00e9part \u00e0 l&rsquo;a\u00e9roport de la R\u00e9union<\/figcaption><\/figure>\n\n\n\n<figure class=\"wp-block-image size-large\"><a href=\"https:\/\/etab.ac-reunion.fr\/lyc-isnelle-amelin\/wp-content\/uploads\/sites\/43\/2022\/06\/Dans-lavion.jpg\"><img loading=\"lazy\" decoding=\"async\" width=\"1280\" height=\"960\" data-id=\"16309\" src=\"https:\/\/etab.ac-reunion.fr\/lyc-isnelle-amelin\/wp-content\/uploads\/sites\/43\/2022\/06\/Dans-lavion.jpg\" alt=\"\" class=\"wp-image-16309\" srcset=\"https:\/\/etab.ac-reunion.fr\/lyc-isnelle-amelin\/wp-content\/uploads\/sites\/43\/2022\/06\/Dans-lavion.jpg 1280w, https:\/\/etab.ac-reunion.fr\/lyc-isnelle-amelin\/wp-content\/uploads\/sites\/43\/2022\/06\/Dans-lavion-980x735.jpg 980w, https:\/\/etab.ac-reunion.fr\/lyc-isnelle-amelin\/wp-content\/uploads\/sites\/43\/2022\/06\/Dans-lavion-480x360.jpg 480w\" sizes=\"(min-width: 0px) and (max-width: 480px) 480px, (min-width: 481px) and (max-width: 980px) 980px, (min-width: 981px) 1280px, 100vw\" \/><\/a><figcaption>Pr\u00eats pour le d\u00e9collage ?<\/figcaption><\/figure>\n<\/figure>\n\n\n\n<figure class=\"wp-block-video alignwide\"><video height=\"1080\" style=\"aspect-ratio: 1920 \/ 1080;\" width=\"1920\" autoplay controls loop poster=\"https:\/\/etab.ac-reunion.fr\/lyc-isnelle-amelin\/wp-content\/uploads\/sites\/43\/2022\/06\/Capture-de\u0301cran-2022-07-07-a\u0300-21.19.39.png\" preload=\"auto\" src=\"https:\/\/etab.ac-reunion.fr\/lyc-isnelle-amelin\/wp-content\/uploads\/sites\/43\/2022\/06\/Voyage-Erasmus.mp4\"><\/video><figcaption><strong>Le voyage (vid\u00e9o)<\/strong><\/figcaption><\/figure>\n\n\n<a href=\"https:\/\/etab.ac-reunion.fr\/lyc-isnelle-amelin\/wp-content\/uploads\/sites\/43\/2022\/06\/Les-familles-daccueil.pdf\" class=\"pdfemb-viewer\" style=\"\" data-width=\"max\" data-height=\"max\" data-toolbar=\"top\" data-toolbar-fixed=\"on\">Les-familles-daccueil<\/a>\n<p class=\"wp-block-pdfemb-pdf-embedder-viewer\"><\/p>\n\n\n\n<p class=\"has-text-align-center\"><strong>Les familles d&rsquo;accueil<\/strong> (diaporama)<\/p>\n\n\n<a href=\"https:\/\/etab.ac-reunion.fr\/lyc-isnelle-amelin\/wp-content\/uploads\/sites\/43\/2022\/06\/Activite\u0301s-Murcie-Maiwenn-opt.pdf\" class=\"pdfemb-viewer\" style=\"\" data-width=\"max\" data-height=\"max\" data-toolbar=\"top\" data-toolbar-fixed=\"on\">Activite\u0301s-Murcie-Maiwenn-opt<\/a>\n<p class=\"wp-block-pdfemb-pdf-embedder-viewer\"><\/p>\n\n\n\n<p class=\"has-text-align-center\"><strong>Les<\/strong> <strong>activit\u00e9s culturelles \u00e0 Murcie<\/strong> (diaporama)<\/p>\n\n\n<a href=\"https:\/\/etab.ac-reunion.fr\/lyc-isnelle-amelin\/wp-content\/uploads\/sites\/43\/2022\/06\/Actividades-Oceane-Valentin.pdf\" class=\"pdfemb-viewer\" style=\"\" data-width=\"max\" data-height=\"max\" data-toolbar=\"top\" data-toolbar-fixed=\"on\">Actividades-Oceane-Valentin<\/a>\n<p class=\"wp-block-pdfemb-pdf-embedder-viewer\"><\/p>\n\n\n\n<p class=\"has-text-align-center\"><strong>Actividades<\/strong> <strong>Murcia<\/strong><\/p>\n\n\n\n<hr class=\"wp-block-separator\" \/>\n\n\n\n<p class=\"has-text-align-center\"><strong>Podcast espagnol dans lequel les deux enseignants accompagnateurs, M. Baudin, Mme Marchal et <\/strong><br><strong>les \u00e9l\u00e8ves du lyc\u00e9e Isnelle Amelin pr\u00e9sentent la R\u00e9union<\/strong> <strong>au micro de la Radio R\u00e9gionale<\/strong><br><br>&#8211; <strong>A d\u00e9couvrir d&rsquo;urgence ci-dessous !<\/strong> &#8211; <\/p>\n\n\n<style>\n       .errordiv { padding:10px; margin:10px; border: 1px solid #555555;color: #000000;background-color: #f8f8f8; width:500px; }#advanced_iframe {visibility:visible;opacity:1;vertical-align:top;}.ai-info-bottom-iframe { position: fixed; z-index: 10000; bottom:0; left: 0; margin: 0px; text-align: center; width: 100%; background-color: #ff9999; padding-left: 5px;padding-bottom: 5px; border-top: 1px solid #aaa } a.ai-bold {font-weight: bold;}#ai-layer-div-advanced_iframe p {height:100%;margin:0;padding:0}<\/style><script type=\"text\/javascript\">var ai_iframe_width_advanced_iframe = 0;var ai_iframe_height_advanced_iframe = 0;var aiOnloadScrollTop=\"true\";var aiShowDebug=false;\n\t\tif (typeof aiReadyCallbacks === 'undefined') {\n\t\t\tvar aiReadyCallbacks = [];\n\t\t} else if (!(aiReadyCallbacks instanceof Array)) {\n\t\t\tvar aiReadyCallbacks = [];\n\t\t}    function aiShowIframeId(id_iframe) { jQuery(\"#\"+id_iframe).css(\"visibility\", \"visible\");    }    function aiResizeIframeHeight(height) { aiResizeIframeHeight(height,advanced_iframe); }    function aiResizeIframeHeightId(height,width,id) {aiResizeIframeHeightById(id,height);}<\/script><iframe id=\"advanced_iframe\"  name=\"advanced_iframe\"  src=\"https:\/\/www.orm.es\/programas\/tarde-abierta\/carretera-y-manta\/\"  width=\"100%\"  height=\"600\"  scrolling=\"no\"  frameborder=\"0\"  border=\"0\"  allowtransparency=\"true\"  loading=\"lazy\"  style=\";border-width: 0px;;border: none;;width:100%;;height:600px;\"  allowfullscreen  onload='aiScrollToTop(&quot;advanced_iframe&quot;,&quot;true&quot;)' ><\/iframe><script type=\"text\/javascript\">var ifrm_advanced_iframe = document.getElementById(\"advanced_iframe\");var hiddenTabsDoneadvanced_iframe = false;\nfunction resizeCallbackadvanced_iframe() {}<\/script><script type=\"text\/javascript\"><\/script><p style=\"display:block !important; visibility:visible !important;margin: -18px 14px 0 0;padding-left: 3px;padding-top:3px;background: white; overflow: hidden; position: relative; line-height:15px;width: fit-content;\"><small style=\"display:block !important;visibility:visible !important\">powered by Advanced iFrame<\/small><\/p>\n\n\n<p><\/p>\n<!-- AddThis Advanced Settings generic via filter on the_content --><!-- AddThis Share Buttons generic via filter on the_content -->","protected":false},"excerpt":{"rendered":"<p>Dans le cadre du projet ERASMUS+, 14 \u00e9l\u00e8ves de notre \u00e9tablissement et 2 professeurs, M. BAUDIN &amp; Mme MARCHAL ont accompagn\u00e9 les \u00e9l\u00e8ves pour leur mobilit\u00e9 professionnelle \u00e0 Murcie, en Espagne pendant 4 semaines &#8230;<!-- AddThis Advanced Settings generic via filter on get_the_excerpt --><!-- AddThis Share Buttons generic via filter on get_the_excerpt --><\/p>\n","protected":false},"author":8646,"featured_media":16312,"comment_status":"closed","ping_status":"closed","sticky":false,"template":"","format":"standard","meta":{"_et_pb_use_builder":"off","_et_pb_old_content":"","_et_gb_content_width":"","footnotes":"","_links_to":"","_links_to_target":""},"categories":[299,43,63,132,300],"tags":[],"class_list":["post-16307","post","type-post","status-publish","format-standard","has-post-thumbnail","hentry","category-actu128","category-echanges-europeens","category-erasmus","category-mobilite-sortante","category-mobilite-sortante-7"],"_links":{"self":[{"href":"https:\/\/etab.ac-reunion.fr\/lyc-isnelle-amelin\/wp-json\/wp\/v2\/posts\/16307","targetHints":{"allow":["GET"]}}],"collection":[{"href":"https:\/\/etab.ac-reunion.fr\/lyc-isnelle-amelin\/wp-json\/wp\/v2\/posts"}],"about":[{"href":"https:\/\/etab.ac-reunion.fr\/lyc-isnelle-amelin\/wp-json\/wp\/v2\/types\/post"}],"author":[{"embeddable":true,"href":"https:\/\/etab.ac-reunion.fr\/lyc-isnelle-amelin\/wp-json\/wp\/v2\/users\/8646"}],"replies":[{"embeddable":true,"href":"https:\/\/etab.ac-reunion.fr\/lyc-isnelle-amelin\/wp-json\/wp\/v2\/comments?post=16307"}],"version-history":[{"count":36,"href":"https:\/\/etab.ac-reunion.fr\/lyc-isnelle-amelin\/wp-json\/wp\/v2\/posts\/16307\/revisions"}],"predecessor-version":[{"id":16585,"href":"https:\/\/etab.ac-reunion.fr\/lyc-isnelle-amelin\/wp-json\/wp\/v2\/posts\/16307\/revisions\/16585"}],"wp:featuredmedia":[{"embeddable":true,"href":"https:\/\/etab.ac-reunion.fr\/lyc-isnelle-amelin\/wp-json\/wp\/v2\/media\/16312"}],"wp:attachment":[{"href":"https:\/\/etab.ac-reunion.fr\/lyc-isnelle-amelin\/wp-json\/wp\/v2\/media?parent=16307"}],"wp:term":[{"taxonomy":"category","embeddable":true,"href":"https:\/\/etab.ac-reunion.fr\/lyc-isnelle-amelin\/wp-json\/wp\/v2\/categories?post=16307"},{"taxonomy":"post_tag","embeddable":true,"href":"https:\/\/etab.ac-reunion.fr\/lyc-isnelle-amelin\/wp-json\/wp\/v2\/tags?post=16307"}],"curies":[{"name":"wp","href":"https:\/\/api.w.org\/{rel}","templated":true}]}}