{"id":18349,"date":"2024-12-09T12:02:36","date_gmt":"2024-12-09T08:02:36","guid":{"rendered":"https:\/\/etab.ac-reunion.fr\/lyc-isnelle-amelin\/?p=18349"},"modified":"2025-06-23T11:02:52","modified_gmt":"2025-06-23T07:02:52","slug":"cgenial-2025-felicitations-a-la-classe-de-2mcoif","status":"publish","type":"post","link":"https:\/\/etab.ac-reunion.fr\/lyc-isnelle-amelin\/sections\/coiffure\/cgenial-2025-felicitations-a-la-classe-de-2mcoif","title":{"rendered":"CGENIAL 2025 &#8211; F\u00e9licitations \u00e0 la classe de 2MCoif !"},"content":{"rendered":"\n<p>Nous sommes ravis de vous annoncer que les six projets pr\u00e9sent\u00e9s par la classe au concours CG\u00e9nial 2025 ont \u00e9t\u00e9 s\u00e9lectionn\u00e9s pour la finale ! Ces projets, salu\u00e9s par le jury pour leur caract\u00e8re innovant, original et captivant, t\u00e9moignent de la cr\u00e9ativit\u00e9 et de l\u2019investissement des \u00e9l\u00e8ves, accompagn\u00e9s par leur enseignante, Mme Cathy Marcellin, et l\u2019ensemble de l\u2019\u00e9quipe \u00e9ducative.<\/p>\n\n\n\n<p><strong>Nous f\u00e9licitons chaleureusement les \u00e9l\u00e8ves et les enseignants pour cette belle r\u00e9ussite !<\/strong><\/p>\n\n\n\n<p>Nous comptons sur le soutien de toute la communaut\u00e9 \u00e9ducative pour accompagner nos finalistes dans leurs exp\u00e9rimentations pr\u00e9vues en f\u00e9vrier. Ils auront notamment besoin d\u2019\u00e9quipements sp\u00e9cifiques pour poursuivre leurs recherches, comme un alambic pour fabriquer de l\u2019huile essentielle \u00e0 partir de feuilles de canne \u00e0 sucre.<\/p>\n\n\n\n<p><strong>Ensemble, soutenons nos \u00e9l\u00e8ves dans cette formidable aventure scientifique !<\/strong><\/p>\n\n\n\n<figure class=\"wp-block-image size-full\"><img loading=\"lazy\" decoding=\"async\" width=\"1018\" height=\"947\" src=\"https:\/\/etab.ac-reunion.fr\/lyc-isnelle-amelin\/wp-content\/uploads\/sites\/43\/2025\/04\/affiche-Cgenial-2025-e1745741941445.jpg\" alt=\"\" class=\"wp-image-18350\" srcset=\"https:\/\/etab.ac-reunion.fr\/lyc-isnelle-amelin\/wp-content\/uploads\/sites\/43\/2025\/04\/affiche-Cgenial-2025-e1745741941445-1018x720.jpg 1018w, https:\/\/etab.ac-reunion.fr\/lyc-isnelle-amelin\/wp-content\/uploads\/sites\/43\/2025\/04\/affiche-Cgenial-2025-e1745741941445-980x551.jpg 980w, https:\/\/etab.ac-reunion.fr\/lyc-isnelle-amelin\/wp-content\/uploads\/sites\/43\/2025\/04\/affiche-Cgenial-2025-e1745741941445-480x270.jpg 480w\" sizes=\"(min-width: 0px) and (max-width: 480px) 480px, (min-width: 481px) and (max-width: 980px) 980px, (min-width: 981px) and (max-width: 1018px) 1018px, 100vw\" \/><\/figure>\n\n\n\n<figure class=\"wp-block-image size-full\"><img loading=\"lazy\" decoding=\"async\" width=\"1080\" height=\"1532\" src=\"https:\/\/etab.ac-reunion.fr\/lyc-isnelle-amelin\/wp-content\/uploads\/sites\/43\/2025\/04\/resumes-Cgenial-2025.jpg\" alt=\"\" class=\"wp-image-18351\" srcset=\"https:\/\/etab.ac-reunion.fr\/lyc-isnelle-amelin\/wp-content\/uploads\/sites\/43\/2025\/04\/resumes-Cgenial-2025.jpg 1080w, https:\/\/etab.ac-reunion.fr\/lyc-isnelle-amelin\/wp-content\/uploads\/sites\/43\/2025\/04\/resumes-Cgenial-2025-980x1390.jpg 980w, https:\/\/etab.ac-reunion.fr\/lyc-isnelle-amelin\/wp-content\/uploads\/sites\/43\/2025\/04\/resumes-Cgenial-2025-480x681.jpg 480w\" sizes=\"(min-width: 0px) and (max-width: 480px) 480px, (min-width: 481px) and (max-width: 980px) 980px, (min-width: 981px) 1080px, 100vw\" \/><\/figure>\n<!-- AddThis Advanced Settings generic via filter on the_content --><!-- AddThis Share Buttons generic via filter on the_content -->","protected":false},"excerpt":{"rendered":"<p>Nous sommes ravis de vous annoncer que les six projets pr\u00e9sent\u00e9s par la classe au concours CG\u00e9nial 2025 ont \u00e9t\u00e9 s\u00e9lectionn\u00e9s pour la finale ! Ces projets, salu\u00e9s par le jury pour leur caract\u00e8re innovant, original et captivant, t\u00e9moignent de la cr\u00e9ativit\u00e9 et de l\u2019investissement des \u00e9l\u00e8ves, accompagn\u00e9s par leur enseignante, Mme Cathy Marcellin, et l\u2019ensemble de l\u2019\u00e9quipe \u00e9ducative.<!-- AddThis Advanced Settings generic via filter on get_the_excerpt --><!-- AddThis Share Buttons generic via filter on get_the_excerpt --><\/p>\n","protected":false},"author":8646,"featured_media":18353,"comment_status":"closed","ping_status":"closed","sticky":false,"template":"","format":"standard","meta":{"_et_pb_use_builder":"off","_et_pb_old_content":"","_et_gb_content_width":"1080","footnotes":"","_links_to":"","_links_to_target":""},"categories":[360,11,198],"tags":[],"class_list":["post-18349","post","type-post","status-publish","format-standard","has-post-thumbnail","hentry","category-actu174","category-coiffure","category-lacoiffure"],"_links":{"self":[{"href":"https:\/\/etab.ac-reunion.fr\/lyc-isnelle-amelin\/wp-json\/wp\/v2\/posts\/18349","targetHints":{"allow":["GET"]}}],"collection":[{"href":"https:\/\/etab.ac-reunion.fr\/lyc-isnelle-amelin\/wp-json\/wp\/v2\/posts"}],"about":[{"href":"https:\/\/etab.ac-reunion.fr\/lyc-isnelle-amelin\/wp-json\/wp\/v2\/types\/post"}],"author":[{"embeddable":true,"href":"https:\/\/etab.ac-reunion.fr\/lyc-isnelle-amelin\/wp-json\/wp\/v2\/users\/8646"}],"replies":[{"embeddable":true,"href":"https:\/\/etab.ac-reunion.fr\/lyc-isnelle-amelin\/wp-json\/wp\/v2\/comments?post=18349"}],"version-history":[{"count":3,"href":"https:\/\/etab.ac-reunion.fr\/lyc-isnelle-amelin\/wp-json\/wp\/v2\/posts\/18349\/revisions"}],"predecessor-version":[{"id":18358,"href":"https:\/\/etab.ac-reunion.fr\/lyc-isnelle-amelin\/wp-json\/wp\/v2\/posts\/18349\/revisions\/18358"}],"wp:featuredmedia":[{"embeddable":true,"href":"https:\/\/etab.ac-reunion.fr\/lyc-isnelle-amelin\/wp-json\/wp\/v2\/media\/18353"}],"wp:attachment":[{"href":"https:\/\/etab.ac-reunion.fr\/lyc-isnelle-amelin\/wp-json\/wp\/v2\/media?parent=18349"}],"wp:term":[{"taxonomy":"category","embeddable":true,"href":"https:\/\/etab.ac-reunion.fr\/lyc-isnelle-amelin\/wp-json\/wp\/v2\/categories?post=18349"},{"taxonomy":"post_tag","embeddable":true,"href":"https:\/\/etab.ac-reunion.fr\/lyc-isnelle-amelin\/wp-json\/wp\/v2\/tags?post=18349"}],"curies":[{"name":"wp","href":"https:\/\/api.w.org\/{rel}","templated":true}]}}