{"id":2043,"date":"2016-02-11T10:26:54","date_gmt":"2016-02-11T06:26:54","guid":{"rendered":"http:\/\/lycee-isnelle-amelin.ac-reunion.fr\/?p=2043"},"modified":"2016-02-11T10:29:12","modified_gmt":"2016-02-11T06:29:12","slug":"operation-30-ans-des-bac-pro","status":"publish","type":"post","link":"https:\/\/etab.ac-reunion.fr\/lyc-isnelle-amelin\/news\/operation-30-ans-des-bac-pro","title":{"rendered":"OP\u00c9RATION \u00ab\u00a030 ANS DES BAC PRO\u00a0\u00bb"},"content":{"rendered":"<p><img loading=\"lazy\" decoding=\"async\" class=\"size-full wp-image-2044 aligncenter\" src=\"https:\/\/etab.ac-reunion.fr\/lyc-isnelle-amelin\/wp-content\/uploads\/sites\/43\/2016\/02\/portes-ouvertes.jpg\" alt=\"portes-ouvertes\" width=\"639\" height=\"418\" srcset=\"https:\/\/etab.ac-reunion.fr\/lyc-isnelle-amelin\/wp-content\/uploads\/sites\/43\/2016\/02\/portes-ouvertes.jpg 639w, https:\/\/etab.ac-reunion.fr\/lyc-isnelle-amelin\/wp-content\/uploads\/sites\/43\/2016\/02\/portes-ouvertes-300x196.jpg 300w, https:\/\/etab.ac-reunion.fr\/lyc-isnelle-amelin\/wp-content\/uploads\/sites\/43\/2016\/02\/portes-ouvertes-207x136.jpg 207w, https:\/\/etab.ac-reunion.fr\/lyc-isnelle-amelin\/wp-content\/uploads\/sites\/43\/2016\/02\/portes-ouvertes-260x170.jpg 260w\" sizes=\"(max-width: 639px) 100vw, 639px\" \/><\/p>\n<p>&nbsp;<\/p>\n<p>Une action de promotion du baccalaur\u00e9at professionnel se d\u00e9roulera dans notre acad\u00e9mie les 19 et 20 f\u00e9vrier prochains, avec l&rsquo;organisation de journ\u00e9es portes ouvertes dans les \u00e9tablissements proposant des formations professionnelles.<\/p>\n<p>Pour le Lyc\u00e9e Isnelle Amelin, cette journ\u00e9e se d\u00e9roulera le vendredi 19 f\u00e9vrier 2016 de 07h30 \u00e0 12h00.<\/p>\n<p>Les \u00e9l\u00e8ves des coll\u00e8ges sont invit\u00e9s \u00e0 venir visiter l&rsquo;\u00e9tablissement. Un film sera projet\u00e9 en salle de conf\u00e9rence qui leur pr\u00e9sentera un panel des fili\u00e8res du lyc\u00e9e, puis par petits groupes, ils int\u00e9greront pour un bref instant les sections. Les professeurs r\u00e9pondront alors \u00e0 leurs questions.<\/p>\n<p>&nbsp;<\/p>\n<!-- AddThis Advanced Settings generic via filter on the_content --><!-- AddThis Share Buttons generic via filter on the_content -->","protected":false},"excerpt":{"rendered":"<p>&nbsp; Une action de promotion du baccalaur\u00e9at professionnel se d\u00e9roulera dans notre acad\u00e9mie les 19 et 20 f\u00e9vrier prochains, avec l&rsquo;organisation de journ\u00e9es portes ouvertes dans les \u00e9tablissements proposant des [&hellip;]<!-- AddThis Advanced Settings generic via filter on get_the_excerpt --><!-- AddThis Share Buttons generic via filter on get_the_excerpt --><\/p>\n","protected":false},"author":3775,"featured_media":2044,"comment_status":"closed","ping_status":"closed","sticky":false,"template":"","format":"standard","meta":{"_et_pb_use_builder":"","_et_pb_old_content":"","_et_gb_content_width":"","footnotes":"","_links_to":"","_links_to_target":""},"categories":[2],"tags":[],"class_list":["post-2043","post","type-post","status-publish","format-standard","has-post-thumbnail","hentry","category-news"],"_links":{"self":[{"href":"https:\/\/etab.ac-reunion.fr\/lyc-isnelle-amelin\/wp-json\/wp\/v2\/posts\/2043","targetHints":{"allow":["GET"]}}],"collection":[{"href":"https:\/\/etab.ac-reunion.fr\/lyc-isnelle-amelin\/wp-json\/wp\/v2\/posts"}],"about":[{"href":"https:\/\/etab.ac-reunion.fr\/lyc-isnelle-amelin\/wp-json\/wp\/v2\/types\/post"}],"author":[{"embeddable":true,"href":"https:\/\/etab.ac-reunion.fr\/lyc-isnelle-amelin\/wp-json\/wp\/v2\/users\/3775"}],"replies":[{"embeddable":true,"href":"https:\/\/etab.ac-reunion.fr\/lyc-isnelle-amelin\/wp-json\/wp\/v2\/comments?post=2043"}],"version-history":[{"count":3,"href":"https:\/\/etab.ac-reunion.fr\/lyc-isnelle-amelin\/wp-json\/wp\/v2\/posts\/2043\/revisions"}],"predecessor-version":[{"id":2047,"href":"https:\/\/etab.ac-reunion.fr\/lyc-isnelle-amelin\/wp-json\/wp\/v2\/posts\/2043\/revisions\/2047"}],"wp:featuredmedia":[{"embeddable":true,"href":"https:\/\/etab.ac-reunion.fr\/lyc-isnelle-amelin\/wp-json\/wp\/v2\/media\/2044"}],"wp:attachment":[{"href":"https:\/\/etab.ac-reunion.fr\/lyc-isnelle-amelin\/wp-json\/wp\/v2\/media?parent=2043"}],"wp:term":[{"taxonomy":"category","embeddable":true,"href":"https:\/\/etab.ac-reunion.fr\/lyc-isnelle-amelin\/wp-json\/wp\/v2\/categories?post=2043"},{"taxonomy":"post_tag","embeddable":true,"href":"https:\/\/etab.ac-reunion.fr\/lyc-isnelle-amelin\/wp-json\/wp\/v2\/tags?post=2043"}],"curies":[{"name":"wp","href":"https:\/\/api.w.org\/{rel}","templated":true}]}}