{"id":2048,"date":"2016-03-24T10:17:59","date_gmt":"2016-03-24T06:17:59","guid":{"rendered":"http:\/\/lycee-isnelle-amelin.ac-reunion.fr\/?p=2048"},"modified":"2016-04-06T11:44:23","modified_gmt":"2016-04-06T07:44:23","slug":"la-securite-routiere-laffaire-de-tous","status":"publish","type":"post","link":"https:\/\/etab.ac-reunion.fr\/lyc-isnelle-amelin\/news\/la-securite-routiere-laffaire-de-tous","title":{"rendered":"La s\u00e9curit\u00e9 routi\u00e8re, l&rsquo;affaire de tous"},"content":{"rendered":"<p>Comme chaque ann\u00e9e, le lyc\u00e9e Isnelle Amelin organise une journ\u00e9e \u00ab\u00a0S\u00e9curit\u00e9 routi\u00e8re\u00a0\u00bb en partenariat avec la mairie de Sainte-Marie.<\/p>\n<p>Cette ann\u00e9e, cet \u00e9v\u00e8nement se d\u00e9roulera le jeudi 21 avril 2016.<\/p>\n<!-- AddThis Advanced Settings generic via filter on the_content --><!-- AddThis Share Buttons generic via filter on the_content -->","protected":false},"excerpt":{"rendered":"<p>Comme chaque ann\u00e9e, le lyc\u00e9e Isnelle Amelin organise une journ\u00e9e \u00ab\u00a0S\u00e9curit\u00e9 routi\u00e8re\u00a0\u00bb en partenariat avec la mairie de Sainte-Marie. Cette ann\u00e9e, cet \u00e9v\u00e8nement se d\u00e9roulera le jeudi 21 avril 2016.<!-- AddThis Advanced Settings generic via filter on get_the_excerpt --><!-- AddThis Share Buttons generic via filter on get_the_excerpt --><\/p>\n","protected":false},"author":9990,"featured_media":0,"comment_status":"closed","ping_status":"closed","sticky":false,"template":"","format":"standard","meta":{"_et_pb_use_builder":"","_et_pb_old_content":"","_et_gb_content_width":"","footnotes":"","_links_to":"","_links_to_target":""},"categories":[2],"tags":[],"class_list":["post-2048","post","type-post","status-publish","format-standard","hentry","category-news"],"_links":{"self":[{"href":"https:\/\/etab.ac-reunion.fr\/lyc-isnelle-amelin\/wp-json\/wp\/v2\/posts\/2048","targetHints":{"allow":["GET"]}}],"collection":[{"href":"https:\/\/etab.ac-reunion.fr\/lyc-isnelle-amelin\/wp-json\/wp\/v2\/posts"}],"about":[{"href":"https:\/\/etab.ac-reunion.fr\/lyc-isnelle-amelin\/wp-json\/wp\/v2\/types\/post"}],"author":[{"embeddable":true,"href":"https:\/\/etab.ac-reunion.fr\/lyc-isnelle-amelin\/wp-json\/wp\/v2\/users\/9990"}],"replies":[{"embeddable":true,"href":"https:\/\/etab.ac-reunion.fr\/lyc-isnelle-amelin\/wp-json\/wp\/v2\/comments?post=2048"}],"version-history":[{"count":3,"href":"https:\/\/etab.ac-reunion.fr\/lyc-isnelle-amelin\/wp-json\/wp\/v2\/posts\/2048\/revisions"}],"predecessor-version":[{"id":2069,"href":"https:\/\/etab.ac-reunion.fr\/lyc-isnelle-amelin\/wp-json\/wp\/v2\/posts\/2048\/revisions\/2069"}],"wp:attachment":[{"href":"https:\/\/etab.ac-reunion.fr\/lyc-isnelle-amelin\/wp-json\/wp\/v2\/media?parent=2048"}],"wp:term":[{"taxonomy":"category","embeddable":true,"href":"https:\/\/etab.ac-reunion.fr\/lyc-isnelle-amelin\/wp-json\/wp\/v2\/categories?post=2048"},{"taxonomy":"post_tag","embeddable":true,"href":"https:\/\/etab.ac-reunion.fr\/lyc-isnelle-amelin\/wp-json\/wp\/v2\/tags?post=2048"}],"curies":[{"name":"wp","href":"https:\/\/api.w.org\/{rel}","templated":true}]}}