{"id":2145,"date":"2016-08-30T12:06:49","date_gmt":"2016-08-30T08:06:49","guid":{"rendered":"http:\/\/lycee-isnelle-amelin.ac-reunion.fr\/?p=2145"},"modified":"2017-08-10T09:42:53","modified_gmt":"2017-08-10T05:42:53","slug":"aide-aux-manuels-scolaires-20162017","status":"publish","type":"post","link":"https:\/\/etab.ac-reunion.fr\/lyc-isnelle-amelin\/news\/aide-aux-manuels-scolaires-20162017","title":{"rendered":"AIDE AUX MANUELS SCOLAIRES 2016\/2017"},"content":{"rendered":"<p><strong>Que dois-je faire pour b\u00e9n\u00e9ficier de cette aide ?<\/strong><\/p>\n<p style=\"padding-left: 30px\">Vous recevrez par voie postale un courrier accompagn\u00e9 d&rsquo;un \u00ab\u00a0BON AUX MANUELS SCOLAIRES\u00a0\u00bb d&rsquo;une valeur de 50\u20ac.<\/p>\n<p style=\"padding-left: 30px\">A l&rsquo;aide de ce bon, vous pourrez vous faire rembourser cette somme directement sur votre compte bancaire.<\/p>\n<p><strong>Pi\u00e8ces \u00e0 fournir :<\/strong><\/p>\n<ul>\n<li>bon d\u00fbment compl\u00e9t\u00e9 et sign\u00e9<\/li>\n<li>certificat de scolarit\u00e9 ou attestation d&rsquo;inscription 2016\/2017<\/li>\n<li>justificatif d&rsquo;achat ou de location de livres<\/li>\n<li>RIB du repr\u00e9sentant l\u00e9gal ou de l\u2019\u00e9l\u00e8ve majeur<\/li>\n<\/ul>\n<p>Le dossier complet est \u00e0 transmettre imp\u00e9rativement <strong>avant le 31 janvier 2017<\/strong> \u00e0 l&rsquo;animateur POP ou aux services de la R\u00e9gion (Direction de l&rsquo;Education).<\/p>\n<p style=\"text-align: center\"><img loading=\"lazy\" decoding=\"async\" class=\"aligncenter size-full wp-image-2146\" src=\"https:\/\/etab.ac-reunion.fr\/lyc-isnelle-amelin\/wp-content\/uploads\/sites\/43\/2016\/08\/LOGO_REGION_COULEUR_2011.jpg\" alt=\"LOGO_REGION_COULEUR_2011\" width=\"453\" height=\"379\" srcset=\"https:\/\/etab.ac-reunion.fr\/lyc-isnelle-amelin\/wp-content\/uploads\/sites\/43\/2016\/08\/LOGO_REGION_COULEUR_2011.jpg 453w, https:\/\/etab.ac-reunion.fr\/lyc-isnelle-amelin\/wp-content\/uploads\/sites\/43\/2016\/08\/LOGO_REGION_COULEUR_2011-300x251.jpg 300w\" sizes=\"(max-width: 453px) 100vw, 453px\" \/><\/p>\n<!-- AddThis Advanced Settings generic via filter on the_content --><!-- AddThis Share Buttons generic via filter on the_content -->","protected":false},"excerpt":{"rendered":"<p>Que dois-je faire pour b\u00e9n\u00e9ficier de cette aide ? Vous recevrez par voie postale un courrier accompagn\u00e9 d&rsquo;un \u00ab\u00a0BON AUX MANUELS SCOLAIRES\u00a0\u00bb d&rsquo;une valeur de 50\u20ac. A l&rsquo;aide de ce [&hellip;]<!-- AddThis Advanced Settings generic via filter on get_the_excerpt --><!-- AddThis Share Buttons generic via filter on get_the_excerpt --><\/p>\n","protected":false},"author":3775,"featured_media":2147,"comment_status":"closed","ping_status":"closed","sticky":false,"template":"","format":"standard","meta":{"_et_pb_use_builder":"","_et_pb_old_content":"","_et_gb_content_width":"","footnotes":"","_links_to":"","_links_to_target":""},"categories":[2,6,25],"tags":[],"class_list":["post-2145","post","type-post","status-publish","format-standard","has-post-thumbnail","hentry","category-news","category-vie-lyceenne","category-vie-scolaire"],"_links":{"self":[{"href":"https:\/\/etab.ac-reunion.fr\/lyc-isnelle-amelin\/wp-json\/wp\/v2\/posts\/2145","targetHints":{"allow":["GET"]}}],"collection":[{"href":"https:\/\/etab.ac-reunion.fr\/lyc-isnelle-amelin\/wp-json\/wp\/v2\/posts"}],"about":[{"href":"https:\/\/etab.ac-reunion.fr\/lyc-isnelle-amelin\/wp-json\/wp\/v2\/types\/post"}],"author":[{"embeddable":true,"href":"https:\/\/etab.ac-reunion.fr\/lyc-isnelle-amelin\/wp-json\/wp\/v2\/users\/3775"}],"replies":[{"embeddable":true,"href":"https:\/\/etab.ac-reunion.fr\/lyc-isnelle-amelin\/wp-json\/wp\/v2\/comments?post=2145"}],"version-history":[{"count":1,"href":"https:\/\/etab.ac-reunion.fr\/lyc-isnelle-amelin\/wp-json\/wp\/v2\/posts\/2145\/revisions"}],"predecessor-version":[{"id":2148,"href":"https:\/\/etab.ac-reunion.fr\/lyc-isnelle-amelin\/wp-json\/wp\/v2\/posts\/2145\/revisions\/2148"}],"wp:featuredmedia":[{"embeddable":true,"href":"https:\/\/etab.ac-reunion.fr\/lyc-isnelle-amelin\/wp-json\/wp\/v2\/media\/2147"}],"wp:attachment":[{"href":"https:\/\/etab.ac-reunion.fr\/lyc-isnelle-amelin\/wp-json\/wp\/v2\/media?parent=2145"}],"wp:term":[{"taxonomy":"category","embeddable":true,"href":"https:\/\/etab.ac-reunion.fr\/lyc-isnelle-amelin\/wp-json\/wp\/v2\/categories?post=2145"},{"taxonomy":"post_tag","embeddable":true,"href":"https:\/\/etab.ac-reunion.fr\/lyc-isnelle-amelin\/wp-json\/wp\/v2\/tags?post=2145"}],"curies":[{"name":"wp","href":"https:\/\/api.w.org\/{rel}","templated":true}]}}