{"id":2155,"date":"2016-09-20T16:18:03","date_gmt":"2016-09-20T12:18:03","guid":{"rendered":"http:\/\/lycee-isnelle-amelin.ac-reunion.fr\/?p=2155"},"modified":"2017-08-10T09:42:37","modified_gmt":"2017-08-10T05:42:37","slug":"esidoc-le-portail-du-cdi","status":"publish","type":"post","link":"https:\/\/etab.ac-reunion.fr\/lyc-isnelle-amelin\/news\/esidoc-le-portail-du-cdi","title":{"rendered":"ESIDOC &#8211; LE PORTAIL DU CDI"},"content":{"rendered":"<p>Ce portail\u00a0est accessible depuis n\u2019importe quel poste connect\u00e9 \u00e0 Internet (au lyc\u00e9e ou \u00e0 l&rsquo;ext\u00e9rieur, sur M\u00e9tice, onglet ressources documentaires).<\/p>\n<p>Vous pouvez y consulter les documents du CDI, les sites internet recommand\u00e9s par des professionnels de l&rsquo;information, mais aussi y trouver aide et conseils pour votre travail personnel.<\/p>\n<p>Vous pouvez aussi r\u00e9server des ouvrages et donner votre avis\u00a0sur des livres et des magazines.<\/p>\n<p>Si vous souhaitez apprendre \u00e0 mieux utiliser cet outil, n&rsquo;h\u00e9sitez pas \u00e0 passer au CDI.<\/p>\n<p style=\"text-align: center\"><a href=\"http:\/\/9740921h.esidoc.fr\/\" target=\"_blank\"><img loading=\"lazy\" decoding=\"async\" class=\"aligncenter size-full wp-image-2156\" src=\"https:\/\/etab.ac-reunion.fr\/lyc-isnelle-amelin\/wp-content\/uploads\/sites\/43\/2016\/09\/logo_esidoc.png\" alt=\"logo_esidoc\" width=\"250\" height=\"250\" srcset=\"https:\/\/etab.ac-reunion.fr\/lyc-isnelle-amelin\/wp-content\/uploads\/sites\/43\/2016\/09\/logo_esidoc.png 250w, https:\/\/etab.ac-reunion.fr\/lyc-isnelle-amelin\/wp-content\/uploads\/sites\/43\/2016\/09\/logo_esidoc-150x150.png 150w, https:\/\/etab.ac-reunion.fr\/lyc-isnelle-amelin\/wp-content\/uploads\/sites\/43\/2016\/09\/logo_esidoc-48x48.png 48w, https:\/\/etab.ac-reunion.fr\/lyc-isnelle-amelin\/wp-content\/uploads\/sites\/43\/2016\/09\/logo_esidoc-186x186.png 186w, https:\/\/etab.ac-reunion.fr\/lyc-isnelle-amelin\/wp-content\/uploads\/sites\/43\/2016\/09\/logo_esidoc-184x184.png 184w\" sizes=\"(max-width: 250px) 100vw, 250px\" \/><\/a><\/p>\n<!-- AddThis Advanced Settings generic via filter on the_content --><!-- AddThis Share Buttons generic via filter on the_content -->","protected":false},"excerpt":{"rendered":"<p>Ce portail\u00a0est accessible depuis n\u2019importe quel poste connect\u00e9 \u00e0 Internet (au lyc\u00e9e ou \u00e0 l&rsquo;ext\u00e9rieur, sur M\u00e9tice, onglet ressources documentaires). Vous pouvez y consulter les documents du CDI, les sites [&hellip;]<!-- AddThis Advanced Settings generic via filter on get_the_excerpt --><!-- AddThis Share Buttons generic via filter on get_the_excerpt --><\/p>\n","protected":false},"author":3775,"featured_media":2157,"comment_status":"closed","ping_status":"closed","sticky":false,"template":"","format":"standard","meta":{"_et_pb_use_builder":"","_et_pb_old_content":"","_et_gb_content_width":"","footnotes":"","_links_to":"","_links_to_target":""},"categories":[22,2],"tags":[],"class_list":["post-2155","post","type-post","status-publish","format-standard","has-post-thumbnail","hentry","category-cdi","category-news"],"_links":{"self":[{"href":"https:\/\/etab.ac-reunion.fr\/lyc-isnelle-amelin\/wp-json\/wp\/v2\/posts\/2155","targetHints":{"allow":["GET"]}}],"collection":[{"href":"https:\/\/etab.ac-reunion.fr\/lyc-isnelle-amelin\/wp-json\/wp\/v2\/posts"}],"about":[{"href":"https:\/\/etab.ac-reunion.fr\/lyc-isnelle-amelin\/wp-json\/wp\/v2\/types\/post"}],"author":[{"embeddable":true,"href":"https:\/\/etab.ac-reunion.fr\/lyc-isnelle-amelin\/wp-json\/wp\/v2\/users\/3775"}],"replies":[{"embeddable":true,"href":"https:\/\/etab.ac-reunion.fr\/lyc-isnelle-amelin\/wp-json\/wp\/v2\/comments?post=2155"}],"version-history":[{"count":1,"href":"https:\/\/etab.ac-reunion.fr\/lyc-isnelle-amelin\/wp-json\/wp\/v2\/posts\/2155\/revisions"}],"predecessor-version":[{"id":2158,"href":"https:\/\/etab.ac-reunion.fr\/lyc-isnelle-amelin\/wp-json\/wp\/v2\/posts\/2155\/revisions\/2158"}],"wp:featuredmedia":[{"embeddable":true,"href":"https:\/\/etab.ac-reunion.fr\/lyc-isnelle-amelin\/wp-json\/wp\/v2\/media\/2157"}],"wp:attachment":[{"href":"https:\/\/etab.ac-reunion.fr\/lyc-isnelle-amelin\/wp-json\/wp\/v2\/media?parent=2155"}],"wp:term":[{"taxonomy":"category","embeddable":true,"href":"https:\/\/etab.ac-reunion.fr\/lyc-isnelle-amelin\/wp-json\/wp\/v2\/categories?post=2155"},{"taxonomy":"post_tag","embeddable":true,"href":"https:\/\/etab.ac-reunion.fr\/lyc-isnelle-amelin\/wp-json\/wp\/v2\/tags?post=2155"}],"curies":[{"name":"wp","href":"https:\/\/api.w.org\/{rel}","templated":true}]}}