{"id":2225,"date":"2017-03-08T12:03:14","date_gmt":"2017-03-08T08:03:14","guid":{"rendered":"http:\/\/lycee-isnelle-amelin.ac-reunion.fr\/?p=2225"},"modified":"2017-08-10T09:38:31","modified_gmt":"2017-08-10T05:38:31","slug":"admission-post-bac-2","status":"publish","type":"post","link":"https:\/\/etab.ac-reunion.fr\/lyc-isnelle-amelin\/news\/admission-post-bac-2","title":{"rendered":"Admission POST-BAC"},"content":{"rendered":"<h2 style=\"text-align: center\">Rappel :<\/h2>\n<h3>La fin de la saisie APB est fix\u00e9e au 11 mars 2017 (avant les vacances de mars), tous les \u00e9l\u00e8ves de terminal Bac Pro doivent s\u2019inscrire.<\/h3>\n<p><img loading=\"lazy\" decoding=\"async\" class=\"aligncenter size-full wp-image-2211\" src=\"https:\/\/etab.ac-reunion.fr\/lyc-isnelle-amelin\/wp-content\/uploads\/sites\/43\/2017\/02\/apb2.jpg\" alt=\"\" width=\"634\" height=\"300\" srcset=\"https:\/\/etab.ac-reunion.fr\/lyc-isnelle-amelin\/wp-content\/uploads\/sites\/43\/2017\/02\/apb2.jpg 634w, https:\/\/etab.ac-reunion.fr\/lyc-isnelle-amelin\/wp-content\/uploads\/sites\/43\/2017\/02\/apb2-300x142.jpg 300w\" sizes=\"(max-width: 634px) 100vw, 634px\" \/><\/p>\n<!-- AddThis Advanced Settings generic via filter on the_content --><!-- AddThis Share Buttons generic via filter on the_content -->","protected":false},"excerpt":{"rendered":"<p>Rappel : La fin de la saisie APB est fix\u00e9e au 11 mars 2017 (avant les vacances de mars), tous les \u00e9l\u00e8ves de terminal Bac Pro doivent s\u2019inscrire.<!-- AddThis Advanced Settings generic via filter on get_the_excerpt --><!-- AddThis Share Buttons generic via filter on get_the_excerpt --><\/p>\n","protected":false},"author":3775,"featured_media":2210,"comment_status":"closed","ping_status":"closed","sticky":false,"template":"","format":"standard","meta":{"_et_pb_use_builder":"","_et_pb_old_content":"","_et_gb_content_width":"","footnotes":"","_links_to":"","_links_to_target":""},"categories":[61,51,2],"tags":[],"class_list":["post-2225","post","type-post","status-publish","format-standard","has-post-thumbnail","hentry","category-bac-pro","category-informations-importantes","category-news"],"_links":{"self":[{"href":"https:\/\/etab.ac-reunion.fr\/lyc-isnelle-amelin\/wp-json\/wp\/v2\/posts\/2225","targetHints":{"allow":["GET"]}}],"collection":[{"href":"https:\/\/etab.ac-reunion.fr\/lyc-isnelle-amelin\/wp-json\/wp\/v2\/posts"}],"about":[{"href":"https:\/\/etab.ac-reunion.fr\/lyc-isnelle-amelin\/wp-json\/wp\/v2\/types\/post"}],"author":[{"embeddable":true,"href":"https:\/\/etab.ac-reunion.fr\/lyc-isnelle-amelin\/wp-json\/wp\/v2\/users\/3775"}],"replies":[{"embeddable":true,"href":"https:\/\/etab.ac-reunion.fr\/lyc-isnelle-amelin\/wp-json\/wp\/v2\/comments?post=2225"}],"version-history":[{"count":1,"href":"https:\/\/etab.ac-reunion.fr\/lyc-isnelle-amelin\/wp-json\/wp\/v2\/posts\/2225\/revisions"}],"predecessor-version":[{"id":2226,"href":"https:\/\/etab.ac-reunion.fr\/lyc-isnelle-amelin\/wp-json\/wp\/v2\/posts\/2225\/revisions\/2226"}],"wp:featuredmedia":[{"embeddable":true,"href":"https:\/\/etab.ac-reunion.fr\/lyc-isnelle-amelin\/wp-json\/wp\/v2\/media\/2210"}],"wp:attachment":[{"href":"https:\/\/etab.ac-reunion.fr\/lyc-isnelle-amelin\/wp-json\/wp\/v2\/media?parent=2225"}],"wp:term":[{"taxonomy":"category","embeddable":true,"href":"https:\/\/etab.ac-reunion.fr\/lyc-isnelle-amelin\/wp-json\/wp\/v2\/categories?post=2225"},{"taxonomy":"post_tag","embeddable":true,"href":"https:\/\/etab.ac-reunion.fr\/lyc-isnelle-amelin\/wp-json\/wp\/v2\/tags?post=2225"}],"curies":[{"name":"wp","href":"https:\/\/api.w.org\/{rel}","templated":true}]}}