{"id":2296,"date":"2017-04-26T07:29:46","date_gmt":"2017-04-26T03:29:46","guid":{"rendered":"http:\/\/lycee-isnelle-amelin.ac-reunion.fr\/?p=2296"},"modified":"2017-08-10T09:36:52","modified_gmt":"2017-08-10T05:36:52","slug":"prix-de-la-mixite-chancegal","status":"publish","type":"post","link":"https:\/\/etab.ac-reunion.fr\/lyc-isnelle-amelin\/news\/prix-de-la-mixite-chancegal","title":{"rendered":"Prix de la mixit\u00e9 \u00ab\u00a0CHANCEGAL\u00a0\u00bb"},"content":{"rendered":"<p style=\"text-align: center\">L&rsquo;\u00e9l\u00e8ve Enzo SAVIGNAN, scolaris\u00e9 en fili\u00e8re BAC PRO Esth\u00e9tique, cosm\u00e9tiques, parfumerie a \u00e9t\u00e9 retenu pour recevoir l&rsquo;un des 20 prix de la Mixit\u00e9.<\/p>\n<p>&nbsp;<\/p>\n<p style=\"text-align: center\">La remise de ce prix s&rsquo;est d\u00e9roul\u00e9 le lundi 24 avril 2017 \u00e0 l&rsquo;Universit\u00e9 de la R\u00e9union en pr\u00e9sence d&rsquo;une d\u00e9l\u00e9gation de l&rsquo;\u00e9tablissement.<\/p>\n<p style=\"text-align: center\">\n<p><img loading=\"lazy\" decoding=\"async\" class=\"aligncenter size-full wp-image-2297\" src=\"https:\/\/etab.ac-reunion.fr\/lyc-isnelle-amelin\/wp-content\/uploads\/sites\/43\/2017\/04\/chancegal.jpg\" alt=\"\" width=\"707\" height=\"163\" srcset=\"https:\/\/etab.ac-reunion.fr\/lyc-isnelle-amelin\/wp-content\/uploads\/sites\/43\/2017\/04\/chancegal.jpg 707w, https:\/\/etab.ac-reunion.fr\/lyc-isnelle-amelin\/wp-content\/uploads\/sites\/43\/2017\/04\/chancegal-300x69.jpg 300w\" sizes=\"(max-width: 707px) 100vw, 707px\" \/><\/p>\n<!-- AddThis Advanced Settings generic via filter on the_content --><!-- AddThis Share Buttons generic via filter on the_content -->","protected":false},"excerpt":{"rendered":"<p>L&rsquo;\u00e9l\u00e8ve Enzo SAVIGNAN, scolaris\u00e9 en fili\u00e8re BAC PRO Esth\u00e9tique, cosm\u00e9tiques, parfumerie a \u00e9t\u00e9 retenu pour recevoir l&rsquo;un des 20 prix de la Mixit\u00e9. &nbsp; La remise de ce prix s&rsquo;est [&hellip;]<!-- AddThis Advanced Settings generic via filter on get_the_excerpt --><!-- AddThis Share Buttons generic via filter on get_the_excerpt --><\/p>\n","protected":false},"author":3775,"featured_media":2297,"comment_status":"closed","ping_status":"closed","sticky":false,"template":"","format":"standard","meta":{"_et_pb_use_builder":"","_et_pb_old_content":"","_et_gb_content_width":"","footnotes":"","_links_to":"","_links_to_target":""},"categories":[20,2,6],"tags":[],"class_list":["post-2296","post","type-post","status-publish","format-standard","has-post-thumbnail","hentry","category-cvl","category-news","category-vie-lyceenne"],"_links":{"self":[{"href":"https:\/\/etab.ac-reunion.fr\/lyc-isnelle-amelin\/wp-json\/wp\/v2\/posts\/2296","targetHints":{"allow":["GET"]}}],"collection":[{"href":"https:\/\/etab.ac-reunion.fr\/lyc-isnelle-amelin\/wp-json\/wp\/v2\/posts"}],"about":[{"href":"https:\/\/etab.ac-reunion.fr\/lyc-isnelle-amelin\/wp-json\/wp\/v2\/types\/post"}],"author":[{"embeddable":true,"href":"https:\/\/etab.ac-reunion.fr\/lyc-isnelle-amelin\/wp-json\/wp\/v2\/users\/3775"}],"replies":[{"embeddable":true,"href":"https:\/\/etab.ac-reunion.fr\/lyc-isnelle-amelin\/wp-json\/wp\/v2\/comments?post=2296"}],"version-history":[{"count":2,"href":"https:\/\/etab.ac-reunion.fr\/lyc-isnelle-amelin\/wp-json\/wp\/v2\/posts\/2296\/revisions"}],"predecessor-version":[{"id":2318,"href":"https:\/\/etab.ac-reunion.fr\/lyc-isnelle-amelin\/wp-json\/wp\/v2\/posts\/2296\/revisions\/2318"}],"wp:featuredmedia":[{"embeddable":true,"href":"https:\/\/etab.ac-reunion.fr\/lyc-isnelle-amelin\/wp-json\/wp\/v2\/media\/2297"}],"wp:attachment":[{"href":"https:\/\/etab.ac-reunion.fr\/lyc-isnelle-amelin\/wp-json\/wp\/v2\/media?parent=2296"}],"wp:term":[{"taxonomy":"category","embeddable":true,"href":"https:\/\/etab.ac-reunion.fr\/lyc-isnelle-amelin\/wp-json\/wp\/v2\/categories?post=2296"},{"taxonomy":"post_tag","embeddable":true,"href":"https:\/\/etab.ac-reunion.fr\/lyc-isnelle-amelin\/wp-json\/wp\/v2\/tags?post=2296"}],"curies":[{"name":"wp","href":"https:\/\/api.w.org\/{rel}","templated":true}]}}