{"id":2324,"date":"2017-04-26T10:59:31","date_gmt":"2017-04-26T06:59:31","guid":{"rendered":"http:\/\/lycee-isnelle-amelin.ac-reunion.fr\/?p=2324"},"modified":"2017-08-10T09:36:42","modified_gmt":"2017-08-10T05:36:42","slug":"acces-et-fonctionnement-du-cdi","status":"publish","type":"post","link":"https:\/\/etab.ac-reunion.fr\/lyc-isnelle-amelin\/news\/acces-et-fonctionnement-du-cdi","title":{"rendered":"ACCES ET FONCTIONNEMENT DU CDI"},"content":{"rendered":"<p>Le CDI est ouvert tous les jours selon les horaires affich\u00e9s.<\/p>\n<p>De nombreuses ressources documentaires et outils adapt\u00e9s sont \u00e0 la disposition de tous\u00a0:<\/p>\n<ul>\n<li>des fictions\u00a0: romans, contes, th\u00e9\u00e2tre, po\u00e9sie, nouvelles, BD, mangas etc.<\/li>\n<li>des usuels\u00a0: dictionnaires, encyclop\u00e9dies, atlas<\/li>\n<li>des documentaires<\/li>\n<li>des p\u00e9riodiques\u00a0: revues et journaux<\/li>\n<li>des tablettes, DVD, livres audio etc.<\/li>\n<\/ul>\n<p><strong>On vient au CDI pour<\/strong>\u00a0:<\/p>\n<ul>\n<li>Lire pour son plaisir<\/li>\n<li>Faire des recherches (portail esidoc) ou son travail personnel<\/li>\n<li>S\u2019informer sur son orientation professionnelle<\/li>\n<li>Emprunter des documents papiers ou num\u00e9riques\u00a0: Chaque \u00e9l\u00e8ve est responsable de ses pr\u00eats. En cas de perte ou de d\u00e9t\u00e9rioration, il devra rembourser ou remplacer le document.<\/li>\n<\/ul>\n<p>En entrant au CDI, les \u00e9l\u00e8ves d\u00e9posent leur sac et leur carnet aux emplacements pr\u00e9vus. Il est demand\u00e9 \u00e0 chacun de prendre soin du mat\u00e9riel et des documents mis \u00e0 disposition et de les d\u00e9poser\u00a0 au bureau apr\u00e8s consultation. Les \u00e9l\u00e8ves doivent se conformer \u00e0 la <strong>charte informatique <\/strong>en vigueur dans le lyc\u00e9e pour l\u2019utilisation des ordinateurs. Les impressions et photocopies se font sous la responsabilit\u00e9 du professeur documentaliste ou de son assistante et concernent uniquement les documents p\u00e9dagogiques.<\/p>\n<p>Le CDI est un espace d\u00e9di\u00e9 ou le calme et le respect d\u2019autrui sont de rigueur et en aucun cas une salle de permanence.\u00a0 Le professeur documentaliste est \u00e0 votre disposition pour vous conseiller dans vos lectures et pour toute recherche et travail efficaces.<\/p>\n<p>&nbsp;<\/p>\n<p><a href=\"https:\/\/etab.ac-reunion.fr\/lyc-isnelle-amelin\/charte-pour-les-usagers-du-cdi\">A lire \u00e9galement : la charte des usagers du CDI<\/a><\/p>\n<!-- AddThis Advanced Settings generic via filter on the_content --><!-- AddThis Share Buttons generic via filter on the_content -->","protected":false},"excerpt":{"rendered":"<p>Le CDI est ouvert tous les jours selon les horaires affich\u00e9s. De nombreuses ressources documentaires et outils adapt\u00e9s sont \u00e0 la disposition de tous\u00a0: des fictions\u00a0: romans, contes, th\u00e9\u00e2tre, po\u00e9sie, [&hellip;]<!-- AddThis Advanced Settings generic via filter on get_the_excerpt --><!-- AddThis Share Buttons generic via filter on get_the_excerpt --><\/p>\n","protected":false},"author":3775,"featured_media":2320,"comment_status":"closed","ping_status":"closed","sticky":false,"template":"","format":"standard","meta":{"_et_pb_use_builder":"","_et_pb_old_content":"","_et_gb_content_width":"","footnotes":"","_links_to":"","_links_to_target":""},"categories":[22,2],"tags":[],"class_list":["post-2324","post","type-post","status-publish","format-standard","has-post-thumbnail","hentry","category-cdi","category-news"],"_links":{"self":[{"href":"https:\/\/etab.ac-reunion.fr\/lyc-isnelle-amelin\/wp-json\/wp\/v2\/posts\/2324","targetHints":{"allow":["GET"]}}],"collection":[{"href":"https:\/\/etab.ac-reunion.fr\/lyc-isnelle-amelin\/wp-json\/wp\/v2\/posts"}],"about":[{"href":"https:\/\/etab.ac-reunion.fr\/lyc-isnelle-amelin\/wp-json\/wp\/v2\/types\/post"}],"author":[{"embeddable":true,"href":"https:\/\/etab.ac-reunion.fr\/lyc-isnelle-amelin\/wp-json\/wp\/v2\/users\/3775"}],"replies":[{"embeddable":true,"href":"https:\/\/etab.ac-reunion.fr\/lyc-isnelle-amelin\/wp-json\/wp\/v2\/comments?post=2324"}],"version-history":[{"count":1,"href":"https:\/\/etab.ac-reunion.fr\/lyc-isnelle-amelin\/wp-json\/wp\/v2\/posts\/2324\/revisions"}],"predecessor-version":[{"id":2325,"href":"https:\/\/etab.ac-reunion.fr\/lyc-isnelle-amelin\/wp-json\/wp\/v2\/posts\/2324\/revisions\/2325"}],"wp:featuredmedia":[{"embeddable":true,"href":"https:\/\/etab.ac-reunion.fr\/lyc-isnelle-amelin\/wp-json\/wp\/v2\/media\/2320"}],"wp:attachment":[{"href":"https:\/\/etab.ac-reunion.fr\/lyc-isnelle-amelin\/wp-json\/wp\/v2\/media?parent=2324"}],"wp:term":[{"taxonomy":"category","embeddable":true,"href":"https:\/\/etab.ac-reunion.fr\/lyc-isnelle-amelin\/wp-json\/wp\/v2\/categories?post=2324"},{"taxonomy":"post_tag","embeddable":true,"href":"https:\/\/etab.ac-reunion.fr\/lyc-isnelle-amelin\/wp-json\/wp\/v2\/tags?post=2324"}],"curies":[{"name":"wp","href":"https:\/\/api.w.org\/{rel}","templated":true}]}}