{"id":2445,"date":"2017-10-10T10:46:27","date_gmt":"2017-10-10T06:46:27","guid":{"rendered":"http:\/\/lycee-isnelle-amelin.ac-reunion.fr\/?p=2445"},"modified":"2017-12-21T11:45:48","modified_gmt":"2017-12-21T07:45:48","slug":"parents-au-lycee","status":"publish","type":"post","link":"https:\/\/etab.ac-reunion.fr\/lyc-isnelle-amelin\/news\/parents-au-lycee","title":{"rendered":"PARENTS AU LYCEE"},"content":{"rendered":"<p style=\"text-align: center\"><img loading=\"lazy\" decoding=\"async\" class=\"aligncenter size-full wp-image-2446\" src=\"https:\/\/etab.ac-reunion.fr\/lyc-isnelle-amelin\/wp-content\/uploads\/sites\/43\/2017\/10\/Affiche2.jpg\" alt=\"\" width=\"800\" height=\"566\" srcset=\"https:\/\/etab.ac-reunion.fr\/lyc-isnelle-amelin\/wp-content\/uploads\/sites\/43\/2017\/10\/Affiche2.jpg 800w, https:\/\/etab.ac-reunion.fr\/lyc-isnelle-amelin\/wp-content\/uploads\/sites\/43\/2017\/10\/Affiche2-300x212.jpg 300w\" sizes=\"(max-width: 800px) 100vw, 800px\" \/><\/p>\n<p>Le mardi 10\/10\/2017 de 09h30 \u00e0 10h00 se tient au Lyc\u00e9e une rencontre entre les familles de \u00e9l\u00e8ves de 2nd et les personnels de l&rsquo;\u00e9tablissement.<\/p>\n<p>L\u2019objectif principal de la rencontre est de cr\u00e9er des relations de confiance et de respect mutuels entre les personnels de l\u2019\u00e9tablissement et les familles. Lors de cette s\u00e9ance, les parents d\u2019\u00e9l\u00e8ves en classe de 2nd seront inform\u00e9s du r\u00f4le des diff\u00e9rents acteurs internes de l\u2019\u00e9tablissement.<\/p>\n<ul>\n<li>9h30-10h :\u00a0Accueil des parents : caf\u00e9\/th\u00e9\/g\u00e2teaux<\/li>\n<li>10h-10h15 :\u00a0Ouverture de la s\u00e9ance : remerciements et prises de paroles successives du Chef d\u2019Etablissement et du Proviseur Adjoint<br \/>\nPr\u00e9sentation des diff\u00e9rents acteurs internes :<\/p>\n<ul>\n<li>Adjoint gestionnaire : Bourse, restauration\u2026<\/li>\n<li>DDFPT et Assistant DDFPT : P\u00e9riode, recherche et convention de stage\u2026 (cas d\u2019absence en entreprise)<\/li>\n<li>Enseignante (Me MAILLOT) : Attentes p\u00e9dagogiques au sein et en dehors de la classe\u2026<\/li>\n<\/ul>\n<\/li>\n<li>10h15-10h30 : \u00a0Animateur POP : Formulaire POP, informations diverses<br \/>\nVie scolaire : Rappel de quelques obligations et des proc\u00e9dures (absences, retards\u2026) \/ carnet de correspondance (moyen de communication\u2026) \/ Sanctions et punitions<\/li>\n<li>10h30-10h45 :\u00a0Professeur principal (M. BEN ARFA) : Attentes p\u00e9dagogiques, suivi de l\u2019\u00e9l\u00e8ve + Pr\u00e9sentation du projet du 9 d\u00e9cembre o\u00f9 seront mobilis\u00e9s les parents volontaires<\/li>\n<li>10h45-11h15 :\u00a0Echanges individuels :\n<ul>\n<li>CPE : Recenser les attentes des parents d\u2019\u00e9l\u00e8ves + distributions des questionnaires<\/li>\n<li>DDFPT : Distribution des identifiants de connexion \u00e0 METICE<\/li>\n<li>Recenser les besoins de formation sur ENT<\/li>\n<\/ul>\n<\/li>\n<\/ul>\n<!-- AddThis Advanced Settings generic via filter on the_content --><!-- AddThis Share Buttons generic via filter on the_content -->","protected":false},"excerpt":{"rendered":"<p>Le mardi 10\/10\/2017 de 09h30 \u00e0 10h00 se tient au Lyc\u00e9e une rencontre entre les familles de \u00e9l\u00e8ves de 2nd et les personnels de l&rsquo;\u00e9tablissement. L\u2019objectif principal de la rencontre [&hellip;]<!-- AddThis Advanced Settings generic via filter on get_the_excerpt --><!-- AddThis Share Buttons generic via filter on get_the_excerpt --><\/p>\n","protected":false},"author":3775,"featured_media":2446,"comment_status":"closed","ping_status":"closed","sticky":false,"template":"","format":"standard","meta":{"_et_pb_use_builder":"","_et_pb_old_content":"","_et_gb_content_width":"","footnotes":"","_links_to":"","_links_to_target":""},"categories":[26,2],"tags":[],"class_list":["post-2445","post","type-post","status-publish","format-standard","has-post-thumbnail","hentry","category-bar-medias","category-news"],"_links":{"self":[{"href":"https:\/\/etab.ac-reunion.fr\/lyc-isnelle-amelin\/wp-json\/wp\/v2\/posts\/2445","targetHints":{"allow":["GET"]}}],"collection":[{"href":"https:\/\/etab.ac-reunion.fr\/lyc-isnelle-amelin\/wp-json\/wp\/v2\/posts"}],"about":[{"href":"https:\/\/etab.ac-reunion.fr\/lyc-isnelle-amelin\/wp-json\/wp\/v2\/types\/post"}],"author":[{"embeddable":true,"href":"https:\/\/etab.ac-reunion.fr\/lyc-isnelle-amelin\/wp-json\/wp\/v2\/users\/3775"}],"replies":[{"embeddable":true,"href":"https:\/\/etab.ac-reunion.fr\/lyc-isnelle-amelin\/wp-json\/wp\/v2\/comments?post=2445"}],"version-history":[{"count":1,"href":"https:\/\/etab.ac-reunion.fr\/lyc-isnelle-amelin\/wp-json\/wp\/v2\/posts\/2445\/revisions"}],"predecessor-version":[{"id":2447,"href":"https:\/\/etab.ac-reunion.fr\/lyc-isnelle-amelin\/wp-json\/wp\/v2\/posts\/2445\/revisions\/2447"}],"wp:featuredmedia":[{"embeddable":true,"href":"https:\/\/etab.ac-reunion.fr\/lyc-isnelle-amelin\/wp-json\/wp\/v2\/media\/2446"}],"wp:attachment":[{"href":"https:\/\/etab.ac-reunion.fr\/lyc-isnelle-amelin\/wp-json\/wp\/v2\/media?parent=2445"}],"wp:term":[{"taxonomy":"category","embeddable":true,"href":"https:\/\/etab.ac-reunion.fr\/lyc-isnelle-amelin\/wp-json\/wp\/v2\/categories?post=2445"},{"taxonomy":"post_tag","embeddable":true,"href":"https:\/\/etab.ac-reunion.fr\/lyc-isnelle-amelin\/wp-json\/wp\/v2\/tags?post=2445"}],"curies":[{"name":"wp","href":"https:\/\/api.w.org\/{rel}","templated":true}]}}