{"id":8024,"date":"2019-05-02T23:12:04","date_gmt":"2019-05-02T19:12:04","guid":{"rendered":"http:\/\/lycee-isnelle-amelin.ac-reunion.fr\/?p=8024"},"modified":"2019-06-28T15:33:49","modified_gmt":"2019-06-28T11:33:49","slug":"les-2arcu-au-salon-de-la-maison","status":"publish","type":"post","link":"https:\/\/etab.ac-reunion.fr\/lyc-isnelle-amelin\/sections\/accueil\/les-2arcu-au-salon-de-la-maison","title":{"rendered":"Les 2ARCU au salon de la maison"},"content":{"rendered":"<p>Le mardi 30 avril 2019 les \u00e9l\u00e8ves de seconde ARCU ont visit\u00e9 la 31eme \u00e9dition du salon de la maison. Ils ont pu d\u00e9couvrir les stands d\u2019accueil mais \u00e9galement de vente. Une exp\u00e9rience enrichissante qui leur a \u00e9galement permis de voir en direct les diff\u00e9rentes techniques de vente directe utilis\u00e9es en stand.<\/p>\n<p>&nbsp;<\/p>\n<div style=\"width: 1080px;\" class=\"wp-video\"><video class=\"wp-video-shortcode\" id=\"video-8024-1\" width=\"1080\" height=\"608\" preload=\"metadata\" controls=\"controls\"><source type=\"video\/mp4\" src=\"https:\/\/etab.ac-reunion.fr\/lyc-isnelle-amelin\/wp-content\/uploads\/sites\/43\/2019\/05\/Les-2-ARCU-au-salon-de-la-maison-720P.mp4?_=1\" \/><a href=\"https:\/\/etab.ac-reunion.fr\/lyc-isnelle-amelin\/wp-content\/uploads\/sites\/43\/2019\/05\/Les-2-ARCU-au-salon-de-la-maison-720P.mp4\">https:\/\/etab.ac-reunion.fr\/lyc-isnelle-amelin\/wp-content\/uploads\/sites\/43\/2019\/05\/Les-2-ARCU-au-salon-de-la-maison-720P.mp4<\/a><\/video><\/div>\n<!-- AddThis Advanced Settings generic via filter on the_content --><!-- AddThis Share Buttons generic via filter on the_content -->","protected":false},"excerpt":{"rendered":"<p>Le mardi 30 avril 2019 les \u00e9l\u00e8ves de seconde ARCU ont visit\u00e9 la 31eme \u00e9dition du salon de la maison. Ils ont pu d\u00e9couvrir les stands d\u2019accueil mais \u00e9galement de vente. Une exp\u00e9rience enrichissante qui leur a \u00e9galement permis en voir en direct les diff\u00e9rentes techniques de vente directe utilis\u00e9es en stand.<!-- AddThis Advanced Settings generic via filter on get_the_excerpt --><!-- AddThis Share Buttons generic via filter on get_the_excerpt --><\/p>\n","protected":false},"author":8646,"featured_media":8026,"comment_status":"closed","ping_status":"closed","sticky":false,"template":"","format":"standard","meta":{"_et_pb_use_builder":"","_et_pb_old_content":"","_et_gb_content_width":"","footnotes":"","_links_to":"","_links_to_target":""},"categories":[55,153,61],"tags":[],"class_list":["post-8024","post","type-post","status-publish","format-standard","has-post-thumbnail","hentry","category-accueil","category-actu36","category-bac-pro"],"_links":{"self":[{"href":"https:\/\/etab.ac-reunion.fr\/lyc-isnelle-amelin\/wp-json\/wp\/v2\/posts\/8024","targetHints":{"allow":["GET"]}}],"collection":[{"href":"https:\/\/etab.ac-reunion.fr\/lyc-isnelle-amelin\/wp-json\/wp\/v2\/posts"}],"about":[{"href":"https:\/\/etab.ac-reunion.fr\/lyc-isnelle-amelin\/wp-json\/wp\/v2\/types\/post"}],"author":[{"embeddable":true,"href":"https:\/\/etab.ac-reunion.fr\/lyc-isnelle-amelin\/wp-json\/wp\/v2\/users\/8646"}],"replies":[{"embeddable":true,"href":"https:\/\/etab.ac-reunion.fr\/lyc-isnelle-amelin\/wp-json\/wp\/v2\/comments?post=8024"}],"version-history":[{"count":3,"href":"https:\/\/etab.ac-reunion.fr\/lyc-isnelle-amelin\/wp-json\/wp\/v2\/posts\/8024\/revisions"}],"predecessor-version":[{"id":8029,"href":"https:\/\/etab.ac-reunion.fr\/lyc-isnelle-amelin\/wp-json\/wp\/v2\/posts\/8024\/revisions\/8029"}],"wp:featuredmedia":[{"embeddable":true,"href":"https:\/\/etab.ac-reunion.fr\/lyc-isnelle-amelin\/wp-json\/wp\/v2\/media\/8026"}],"wp:attachment":[{"href":"https:\/\/etab.ac-reunion.fr\/lyc-isnelle-amelin\/wp-json\/wp\/v2\/media?parent=8024"}],"wp:term":[{"taxonomy":"category","embeddable":true,"href":"https:\/\/etab.ac-reunion.fr\/lyc-isnelle-amelin\/wp-json\/wp\/v2\/categories?post=8024"},{"taxonomy":"post_tag","embeddable":true,"href":"https:\/\/etab.ac-reunion.fr\/lyc-isnelle-amelin\/wp-json\/wp\/v2\/tags?post=8024"}],"curies":[{"name":"wp","href":"https:\/\/api.w.org\/{rel}","templated":true}]}}