{"id":9236,"date":"2020-02-18T17:59:20","date_gmt":"2020-02-18T13:59:20","guid":{"rendered":"http:\/\/lycee-isnelle-amelin.ac-reunion.fr\/?p=9236"},"modified":"2020-06-11T11:43:22","modified_gmt":"2020-06-11T07:43:22","slug":"isnelle-amelin-sous-le-soleil-de-murcie","status":"publish","type":"post","link":"https:\/\/etab.ac-reunion.fr\/lyc-isnelle-amelin\/projets\/echanges-europeens\/isnelle-amelin-sous-le-soleil-de-murcie","title":{"rendered":"Isnelle AMELIN sous le soleil de Murcie !!"},"content":{"rendered":"[et_pb_section fb_built=\u00a0\u00bb1&Prime; custom_padding_last_edited=\u00a0\u00bbon|desktop\u00a0\u00bb _builder_version=\u00a0\u00bb4.3.2&Prime; module_alignment=\u00a0\u00bbcenter\u00a0\u00bb custom_margin_tablet=\u00a0\u00bb||\u00a0\u00bb custom_margin_phone=\u00a0\u00bb0px|0px|0px|0px|false|false\u00a0\u00bb custom_margin_last_edited=\u00a0\u00bbon|desktop\u00a0\u00bb custom_padding=\u00a0\u00bb||\u00a0\u00bb custom_padding_tablet=\u00a0\u00bb0px||\u00a0\u00bb custom_padding_phone=\u00a0\u00bb0px|0px|0px|0px|false|false\u00a0\u00bb][et_pb_row column_structure=\u00a0\u00bb3_5,2_5&Prime; use_custom_gutter=\u00a0\u00bbon\u00a0\u00bb gutter_width=\u00a0\u00bb2&Prime; module_class=\u00a0\u00bb et_pb_row_fullwidth\u00a0\u00bb _builder_version=\u00a0\u00bb4.3.2&Prime; width=\u00a0\u00bb94%\u00a0\u00bb width_tablet=\u00a0\u00bb80%\u00a0\u00bb width_phone=\u00a0\u00bb100%\u00a0\u00bb width_last_edited=\u00a0\u00bbon|desktop\u00a0\u00bb max_width=\u00a0\u00bb94%\u00a0\u00bb max_width_tablet=\u00a0\u00bb80%\u00a0\u00bb max_width_phone=\u00a0\u00bb\u00a0\u00bb max_width_last_edited=\u00a0\u00bbon|desktop\u00a0\u00bb module_alignment=\u00a0\u00bbcenter\u00a0\u00bb custom_margin=\u00a0\u00bb0px|0px|0px|0px|false|false\u00a0\u00bb custom_padding=\u00a0\u00bb0px|0px|0px|0px|false|false\u00a0\u00bb make_fullwidth=\u00a0\u00bbon\u00a0\u00bb][et_pb_column type=\u00a0\u00bb3_5&Prime; _builder_version=\u00a0\u00bb3.25&Prime; custom_padding=\u00a0\u00bb|||\u00a0\u00bb custom_padding__hover=\u00a0\u00bb|||\u00a0\u00bb][et_pb_image src=\u00a0\u00bbhttps:\/\/etab.ac-reunion.fr\/lyc-isnelle-amelin\/wp-content\/uploads\/sites\/43\/2020\/02\/fa298168-8023-4011-846c-4cae182504dd.jpg\u00a0\u00bb align_tablet=\u00a0\u00bbcenter\u00a0\u00bb align_phone=\u00a0\u00bb\u00a0\u00bb align_last_edited=\u00a0\u00bbon|desktop\u00a0\u00bb _builder_version=\u00a0\u00bb4.3.2&Prime; custom_margin=\u00a0\u00bb|||-33px|false|false\u00a0\u00bb custom_margin_tablet=\u00a0\u00bb\u00a0\u00bb custom_margin_phone=\u00a0\u00bb|-30px||-30px|false|false\u00a0\u00bb custom_margin_last_edited=\u00a0\u00bbon|phone\u00a0\u00bb custom_padding_tablet=\u00a0\u00bb\u00a0\u00bb custom_padding_phone=\u00a0\u00bb|0px||0px|false|false\u00a0\u00bb custom_padding_last_edited=\u00a0\u00bbon|phone\u00a0\u00bb][\/et_pb_image][\/et_pb_column][et_pb_column type=\u00a0\u00bb2_5&Prime; _builder_version=\u00a0\u00bb3.25&Prime; custom_padding=\u00a0\u00bb|||\u00a0\u00bb custom_padding__hover=\u00a0\u00bb|||\u00a0\u00bb][et_pb_text _builder_version=\u00a0\u00bb4.3.2&Prime; min_height=\u00a0\u00bb452px\u00a0\u00bb custom_margin=\u00a0\u00bb-5px|-30px||0px|false|false\u00a0\u00bb custom_margin_tablet=\u00a0\u00bb\u00a0\u00bb custom_margin_phone=\u00a0\u00bb1px|-30px||-30px|false|false\u00a0\u00bb custom_margin_last_edited=\u00a0\u00bbon|desktop\u00a0\u00bb custom_padding=\u00a0\u00bb|0px||\u00a0\u00bb custom_padding_tablet=\u00a0\u00bb13px||\u00a0\u00bb custom_padding_phone=\u00a0\u00bb\u00a0\u00bb custom_padding_last_edited=\u00a0\u00bbon|desktop\u00a0\u00bb hover_enabled=\u00a0\u00bb0&Prime;]\n<div dir=\"auto\">\n<p style=\"text-align: justify\"><strong>Dans le cadre du projet ERASMUS+ du consortium acad\u00e9mique DEFIPRO, 17 \u00e9l\u00e8ves de la section europ\u00e9enne Espagnol notre \u00e9tablissement et 2 professeurs, M. BAUDIN &amp; Mme MARCHAL ont pr\u00e9par\u00e9 depuis le mois de septembre leur mobilit\u00e9 professionnelle en Espagne.<\/strong><\/p>\n<p style=\"text-align: justify\"><strong><\/strong><\/p>\n<\/div>\n<div dir=\"auto\">\n<div dir=\"auto\" style=\"text-align: justify\">Le d\u00e9part de cette grande aventure professionnelle et avant tout humaine, s&rsquo;est effectu\u00e9 depuis l&rsquo;a\u00e9roport de Roland Garros le samedi 1er f\u00e9vrier \u00e0 21h. Les familles des participants et la direction de l&rsquo;\u00e9tablissement qui ont une part tr\u00e8s importantes du projet, ont souhait\u00e9 aux participants une grande r\u00e9ussite pour le projet et un tr\u00e8s bon voyage. Le voyage d&rsquo;une dur\u00e9e totale de 22h a mobilis\u00e9 2 avions entre la R\u00e9union et Paris, puis entre Paris et Valence, puis un bus de Valence \u00e0 Murcie que tout le groupe a atteint \u00e0 15h heure locale.\u00a0A cours de ce long p\u00e9riple, nous avons eu l&rsquo;occasion de c\u00e9l\u00e9brer le 18i\u00e8me anniversaire d&rsquo;une de nos participantes \u00e0 10.000m d&rsquo;altitude. Un souvenir inoubliable \u00e0 jamais grav\u00e9 dans sa m\u00e9moire.<\/div>\n<\/div>\n[\/et_pb_text][\/et_pb_column][\/et_pb_row][et_pb_row module_class=\u00a0\u00bb et_pb_row_fullwidth\u00a0\u00bb _builder_version=\u00a0\u00bb3.25&Prime; width=\u00a0\u00bb100%\u00a0\u00bb width_tablet=\u00a0\u00bb100%\u00a0\u00bb width_phone=\u00a0\u00bb\u00a0\u00bb width_last_edited=\u00a0\u00bbon|desktop\u00a0\u00bb max_width=\u00a0\u00bb100%\u00a0\u00bb max_width_tablet=\u00a0\u00bb100%\u00a0\u00bb max_width_phone=\u00a0\u00bb\u00a0\u00bb max_width_last_edited=\u00a0\u00bbon|desktop\u00a0\u00bb make_fullwidth=\u00a0\u00bbon\u00a0\u00bb][et_pb_column type=\u00a0\u00bb4_4&Prime; _builder_version=\u00a0\u00bb3.25&Prime; custom_padding=\u00a0\u00bb|||\u00a0\u00bb custom_padding__hover=\u00a0\u00bb|||\u00a0\u00bb][et_pb_text _builder_version=\u00a0\u00bb4.3.2&Prime; custom_margin=\u00a0\u00bb18px||||false|false\u00a0\u00bb custom_margin_tablet=\u00a0\u00bb-50px||\u00a0\u00bb custom_margin_phone=\u00a0\u00bb-15px||||false|false\u00a0\u00bb custom_margin_last_edited=\u00a0\u00bbon|desktop\u00a0\u00bb custom_padding_tablet=\u00a0\u00bb\u00a0\u00bb custom_padding_phone=\u00a0\u00bb\u00a0\u00bb custom_padding_last_edited=\u00a0\u00bbon|phone\u00a0\u00bb]\n<div dir=\"auto\" style=\"text-align: justify\"><\/div>\n<div dir=\"auto\" style=\"text-align: justify\"><\/div>\n<div dir=\"auto\" style=\"text-align: justify\">Les familles d&rsquo;accueil et le soleil de Murcie nous attendaient \u00e0 notre arriv\u00e9e dans notre ville ib\u00e9rique partenaire. Les \u00e9l\u00e8ves se sont install\u00e9s dans leur nouveau logement pour les 4 prochaines semaines et ont partag\u00e9 leur premier repas dominical avec leurs h\u00f4tes espagnols.\u00a0<span>Notre marque de fabrique \u00e9tant en effet l\u2019immersion totale professionnelle et culturelle de nos \u00e9l\u00e8ves dans les entreprises et les familles locales.<\/span><\/div>\n[\/et_pb_text][\/et_pb_column][\/et_pb_row][et_pb_row column_structure=\u00a0\u00bb1_3,2_3&Prime; use_custom_gutter=\u00a0\u00bbon\u00a0\u00bb gutter_width=\u00a0\u00bb2&Prime; module_class=\u00a0\u00bb et_pb_row_fullwidth\u00a0\u00bb _builder_version=\u00a0\u00bb4.3.2&Prime; width=\u00a0\u00bb94%\u00a0\u00bb width_tablet=\u00a0\u00bb80%\u00a0\u00bb width_phone=\u00a0\u00bb100%\u00a0\u00bb width_last_edited=\u00a0\u00bbon|desktop\u00a0\u00bb max_width=\u00a0\u00bb94%\u00a0\u00bb max_width_tablet=\u00a0\u00bb80%\u00a0\u00bb max_width_phone=\u00a0\u00bb\u00a0\u00bb max_width_last_edited=\u00a0\u00bbon|desktop\u00a0\u00bb module_alignment=\u00a0\u00bbcenter\u00a0\u00bb custom_margin=\u00a0\u00bb|||0px\u00a0\u00bb custom_margin_tablet=\u00a0\u00bb\u00a0\u00bb custom_margin_phone=\u00a0\u00bb||||false|false\u00a0\u00bb custom_margin_last_edited=\u00a0\u00bbon|phone\u00a0\u00bb custom_padding=\u00a0\u00bb|||\u00a0\u00bb make_fullwidth=\u00a0\u00bbon\u00a0\u00bb][et_pb_column type=\u00a0\u00bb1_3&Prime; _builder_version=\u00a0\u00bb3.25&Prime; custom_padding=\u00a0\u00bb|||\u00a0\u00bb custom_padding__hover=\u00a0\u00bb|||\u00a0\u00bb][et_pb_text _builder_version=\u00a0\u00bb4.3.2&Prime; custom_margin=\u00a0\u00bb13px|||-34px|false|false\u00a0\u00bb custom_margin_tablet=\u00a0\u00bb-46px||\u00a0\u00bb custom_margin_phone=\u00a0\u00bb|-30px||-30px|false|false\u00a0\u00bb custom_margin_last_edited=\u00a0\u00bbon|desktop\u00a0\u00bb custom_padding=\u00a0\u00bb||\u00a0\u00bb custom_padding_tablet=\u00a0\u00bb\u00a0\u00bb custom_padding_phone=\u00a0\u00bb||||false|false\u00a0\u00bb custom_padding_last_edited=\u00a0\u00bbon|phone\u00a0\u00bb]\n<div dir=\"auto\" style=\"text-align: justify\">\n<p><span>Ainsi, apr\u00e8s une bonne nuit pour recharger les batteries, d\u00e8s le premier lundi, les \u00e9l\u00e8ves ont effectu\u00e9 une visite guid\u00e9e su centre-ville afin de prendre leurs points de rep\u00e8re pour toutes les futures activit\u00e9s de leur projet et notamment dans le cadre leur p\u00e9riode de stage dans les entreprises espagnoles.<\/span><\/p>\n<p><span><\/span><\/p>\n<p>Nous avons \u00e0 cette occasion visit\u00e9 les monuments et \u00e9difices les plus embl\u00e9matiques de ville; \u00e0 savoir : la cath\u00e9drale, le th\u00e9\u00e2tre Romea, le Casino Royal, la place Santo Domingo, les grandes rues commer\u00e7antes et pi\u00e9tonnes et bien s\u00fbr la mairie.<\/p>\n<p>&nbsp;<\/p>\n<p>C&rsquo;est dans ce dernier b\u00e2timent officiel que tout notre groupe a \u00e9t\u00e9 re\u00e7u dans la salle du conseil municipal par les autorit\u00e9s locales. Les deux professeurs, une repr\u00e9sentantes des \u00e9l\u00e8ves, Housna MZE et l&rsquo;adjointe Mme BERNABE ont prononc\u00e9 un discours inaugural marquant notre 3i\u00e8me projets ERASMUS de mobilit\u00e9s professionnelles K102 et notre 5i\u00e8me au total.<\/p>\n<p>&nbsp;<\/p>\n<\/div>\n<div dir=\"auto\">\n<p>&nbsp;<\/p>\n<div dir=\"auto\"><strong>Lien de la mairie de Murcie :\u00a0<\/strong><\/div>\n<div dir=\"auto\"><a href=\"https:\/\/centromedios.murcia.es\/PUBLICO\/NotaPrensa\/Default.aspx?pIdPagina=25&amp;pIdNoticia=55301\" target=\"_blank\" rel=\"noopener noreferrer\">Cliquez ici pour d\u00e9couvrir l&rsquo;article<\/a><\/div>\n<\/div>\n[\/et_pb_text][\/et_pb_column][et_pb_column type=\u00a0\u00bb2_3&Prime; _builder_version=\u00a0\u00bb3.25&Prime; custom_padding=\u00a0\u00bb|||\u00a0\u00bb custom_padding_tablet=\u00a0\u00bb\u00a0\u00bb custom_padding_phone=\u00a0\u00bb|0px||0px\u00a0\u00bb custom_padding_last_edited=\u00a0\u00bbon|desktop\u00a0\u00bb custom_padding__hover=\u00a0\u00bb|||\u00a0\u00bb][et_pb_gallery gallery_ids=\u00a0\u00bb11737,11736,11735,11733,11732,11731,11730,11742&Prime; _builder_version=\u00a0\u00bb4.3.2&Prime; title_text_align=\u00a0\u00bbcenter\u00a0\u00bb module_alignment=\u00a0\u00bbcenter\u00a0\u00bb custom_margin=\u00a0\u00bb20px||||false|false\u00a0\u00bb custom_margin_tablet=\u00a0\u00bb\u00a0\u00bb custom_margin_phone=\u00a0\u00bb||||false|false\u00a0\u00bb custom_margin_last_edited=\u00a0\u00bbon|phone\u00a0\u00bb title_font_size_tablet=\u00a0\u00bb\u00a0\u00bb title_font_size_phone=\u00a0\u00bb15px\u00a0\u00bb title_font_size_last_edited=\u00a0\u00bbon|phone\u00a0\u00bb title_text_shadow_style=\u00a0\u00bbpreset2&Prime;][\/et_pb_gallery][\/et_pb_column][\/et_pb_row][et_pb_row module_class=\u00a0\u00bb et_pb_row_fullwidth\u00a0\u00bb _builder_version=\u00a0\u00bb4.3.2&Prime; width=\u00a0\u00bb100%\u00a0\u00bb width_tablet=\u00a0\u00bb100%\u00a0\u00bb width_phone=\u00a0\u00bb\u00a0\u00bb width_last_edited=\u00a0\u00bbon|desktop\u00a0\u00bb max_width=\u00a0\u00bb100%\u00a0\u00bb max_width_tablet=\u00a0\u00bb100%\u00a0\u00bb max_width_phone=\u00a0\u00bb\u00a0\u00bb max_width_last_edited=\u00a0\u00bbon|desktop\u00a0\u00bb custom_padding=\u00a0\u00bb||6px|||\u00a0\u00bb make_fullwidth=\u00a0\u00bbon\u00a0\u00bb][et_pb_column type=\u00a0\u00bb4_4&Prime; _builder_version=\u00a0\u00bb3.25&Prime; custom_padding=\u00a0\u00bb|||\u00a0\u00bb custom_padding__hover=\u00a0\u00bb|||\u00a0\u00bb][et_pb_text _builder_version=\u00a0\u00bb4.3.2&Prime; custom_margin=\u00a0\u00bb0px|-10px||-8px|false|false\u00a0\u00bb custom_margin_tablet=\u00a0\u00bb-45px||\u00a0\u00bb custom_margin_phone=\u00a0\u00bb-92px||||false|false\u00a0\u00bb custom_margin_last_edited=\u00a0\u00bbon|desktop\u00a0\u00bb]\n<div dir=\"auto\" style=\"text-align: justify\">Nous avons termin\u00e9 la journ\u00e9e par un accueil chez notre partenaire interm\u00e9diaire espagnol. Au cours d&rsquo;une r\u00e9union avec l&rsquo;\u00e9quipe du centre et les professeurs accompagnateurs, il a \u00e9t\u00e9 rappel\u00e9 aux \u00e9l\u00e8ves les r\u00e8gles \u00e0 suivre en stage et en famille d&rsquo;accueil tout comme le mode d&#8217;emploi des transports en commun dont tous nos participants poss\u00e8dent le pass mensuel.<\/div>\n<div dir=\"auto\"><\/div>\n<div dir=\"auto\"><span style=\"color: #ffffff\">H<\/span><\/div>\n<div dir=\"auto\">Hasta Luego pour la partie professionnelle de l&rsquo;installation de nos participants de notre belle r\u00e9gion p\u00e9riph\u00e9rique !!<\/div>\n<p>&nbsp;<\/p>\n<p>&nbsp;<\/p>\n[\/et_pb_text][et_pb_text _builder_version=\u00a0\u00bb4.3.2&Prime; custom_margin=\u00a0\u00bb-53px|||-10px|false|false\u00a0\u00bb custom_margin_tablet=\u00a0\u00bb-45px||\u00a0\u00bb custom_margin_phone=\u00a0\u00bb\u00a0\u00bb custom_margin_last_edited=\u00a0\u00bbon|desktop\u00a0\u00bb]\n<div dir=\"auto\"><\/div>\n<div dir=\"auto\"><\/div>\n<div dir=\"auto\">Pascal BAUDIN<\/div>\n<p>&nbsp;<\/p>\n<p>&nbsp;<\/p>\n[\/et_pb_text][et_pb_text _builder_version=\u00a0\u00bb4.3.2&Prime; custom_margin=\u00a0\u00bb-53px||||false|false\u00a0\u00bb custom_margin_tablet=\u00a0\u00bb-45px||\u00a0\u00bb custom_margin_phone=\u00a0\u00bb\u00a0\u00bb custom_margin_last_edited=\u00a0\u00bbon|desktop\u00a0\u00bb]\n<div dir=\"auto\"><\/div>\n<div dir=\"auto\"><\/div>\n<div dir=\"auto\"><\/div>\n<div dir=\"auto\"><\/div>\n<p>Enseignant R\u00e9f\u00e9rent pour l\u2019Action Europ\u00e9enne et Internationale \u00a0(ERAEI)<span style=\"font-size: 14px\">\u00a0<\/span><\/p>\n[\/et_pb_text][\/et_pb_column][\/et_pb_row][\/et_pb_section]\n<!-- AddThis Advanced Settings generic via filter on the_content --><!-- AddThis Share Buttons generic via filter on the_content -->","protected":false},"excerpt":{"rendered":"<p>En f\u00e9vrier 2020 et dans le cadre du projet ERASMUS+ du consortium acad\u00e9mique DEFIPRO, 17 \u00e9l\u00e8ves de la section europ\u00e9enne Espagnol de notre \u00e9tablissement et 2 professeurs, M. BAUDIN &amp; Mme MARCHAL sont en mobilit\u00e9 professionnelle en Espagne&#8230;<!-- AddThis Advanced Settings generic via filter on get_the_excerpt --><!-- AddThis Share Buttons generic via filter on get_the_excerpt --><\/p>\n","protected":false},"author":8646,"featured_media":11765,"comment_status":"closed","ping_status":"closed","sticky":false,"template":"","format":"standard","meta":{"_et_pb_use_builder":"on","_et_pb_old_content":"","_et_gb_content_width":"","footnotes":"","_links_to":"","_links_to_target":""},"categories":[43,63,132,194],"tags":[],"class_list":["post-9236","post","type-post","status-publish","format-standard","has-post-thumbnail","hentry","category-echanges-europeens","category-erasmus","category-mobilite-sortante","category-mobilite-sortante-2"],"_links":{"self":[{"href":"https:\/\/etab.ac-reunion.fr\/lyc-isnelle-amelin\/wp-json\/wp\/v2\/posts\/9236","targetHints":{"allow":["GET"]}}],"collection":[{"href":"https:\/\/etab.ac-reunion.fr\/lyc-isnelle-amelin\/wp-json\/wp\/v2\/posts"}],"about":[{"href":"https:\/\/etab.ac-reunion.fr\/lyc-isnelle-amelin\/wp-json\/wp\/v2\/types\/post"}],"author":[{"embeddable":true,"href":"https:\/\/etab.ac-reunion.fr\/lyc-isnelle-amelin\/wp-json\/wp\/v2\/users\/8646"}],"replies":[{"embeddable":true,"href":"https:\/\/etab.ac-reunion.fr\/lyc-isnelle-amelin\/wp-json\/wp\/v2\/comments?post=9236"}],"version-history":[{"count":30,"href":"https:\/\/etab.ac-reunion.fr\/lyc-isnelle-amelin\/wp-json\/wp\/v2\/posts\/9236\/revisions"}],"predecessor-version":[{"id":11807,"href":"https:\/\/etab.ac-reunion.fr\/lyc-isnelle-amelin\/wp-json\/wp\/v2\/posts\/9236\/revisions\/11807"}],"wp:featuredmedia":[{"embeddable":true,"href":"https:\/\/etab.ac-reunion.fr\/lyc-isnelle-amelin\/wp-json\/wp\/v2\/media\/11765"}],"wp:attachment":[{"href":"https:\/\/etab.ac-reunion.fr\/lyc-isnelle-amelin\/wp-json\/wp\/v2\/media?parent=9236"}],"wp:term":[{"taxonomy":"category","embeddable":true,"href":"https:\/\/etab.ac-reunion.fr\/lyc-isnelle-amelin\/wp-json\/wp\/v2\/categories?post=9236"},{"taxonomy":"post_tag","embeddable":true,"href":"https:\/\/etab.ac-reunion.fr\/lyc-isnelle-amelin\/wp-json\/wp\/v2\/tags?post=9236"}],"curies":[{"name":"wp","href":"https:\/\/api.w.org\/{rel}","templated":true}]}}