{"id":10135,"date":"2023-11-20T07:30:04","date_gmt":"2023-11-20T03:30:04","guid":{"rendered":"https:\/\/etab.ac-reunion.fr\/lyc-jean-hinglo\/?p=10135"},"modified":"2023-11-20T07:30:04","modified_gmt":"2023-11-20T03:30:04","slug":"deuxieme-journee-dintegration-pour-les-bts-ccst","status":"publish","type":"post","link":"https:\/\/etab.ac-reunion.fr\/lyc-jean-hinglo\/2023\/11\/20\/deuxieme-journee-dintegration-pour-les-bts-ccst\/","title":{"rendered":"Deuxi\u00e8me journ\u00e9e d&rsquo;int\u00e9gration pour les BTS CCST"},"content":{"rendered":"<p>Le vendredi 03 novembre, les \u00e9tudiants de 1<sup>\u00e8re<\/sup> et 2<sup>\u00e8me ann\u00e9e<\/sup> de <strong>BTS Conseil et Commercialisation de Solutions Techniques<\/strong> ont organis\u00e9 et particip\u00e9 \u00e0 leur 2<sup>\u00e8me<\/sup> journ\u00e9e d\u2019int\u00e9gration sur le th\u00e8me \u2018\u2019 Koh-Lanta\u2019\u2019\u00e0 la plage de Trou d\u2019eau. L\u2019objectif de cette journ\u00e9e \u00e9tait de mieux se connaitre et de cr\u00e9er des liens entre les \u00e9tudiants.<\/p>\n<p><img loading=\"lazy\" decoding=\"async\" class=\"alignnone size-full wp-image-10137\" src=\"https:\/\/etab.ac-reunion.fr\/lyc-jean-hinglo\/wp-content\/uploads\/sites\/62\/2023\/11\/Images-1.jpg\" alt=\"\" width=\"1032\" height=\"371\" srcset=\"https:\/\/etab.ac-reunion.fr\/lyc-jean-hinglo\/wp-content\/uploads\/sites\/62\/2023\/11\/Images-1.jpg 1032w, https:\/\/etab.ac-reunion.fr\/lyc-jean-hinglo\/wp-content\/uploads\/sites\/62\/2023\/11\/Images-1-300x108.jpg 300w, https:\/\/etab.ac-reunion.fr\/lyc-jean-hinglo\/wp-content\/uploads\/sites\/62\/2023\/11\/Images-1-1024x368.jpg 1024w, https:\/\/etab.ac-reunion.fr\/lyc-jean-hinglo\/wp-content\/uploads\/sites\/62\/2023\/11\/Images-1-768x276.jpg 768w, https:\/\/etab.ac-reunion.fr\/lyc-jean-hinglo\/wp-content\/uploads\/sites\/62\/2023\/11\/Images-1-578x208.jpg 578w\" sizes=\"auto, (max-width: 1032px) 100vw, 1032px\" \/><\/p>\n<p>Lors de cette journ\u00e9e tous les \u00e9tudiants se sont pris au jeu et c\u2019est en \u00e9quipe qu\u2019ils ont particip\u00e9 aux activit\u00e9s pens\u00e9es et organis\u00e9es par un groupe d\u2019\u00e9tudiants de 1<sup>\u00e8re<\/sup> et 2<sup>\u00e8me<\/sup> ann\u00e9e (Ariana, Guillaume, Jenny, Wilson, Sanou, Razak, Rahim).<\/p>\n<p>Au programme\u00a0: des activit\u00e9s ludiques\u00a0en \u00e9quipe : course en sac en relais, ramassage de balles \u00e0 l\u2019aveugle\u00a0; une visite guid\u00e9e du lagon en PMT (Palmes Masque et Tuba) et une initiation au Stand-up paddle pour les plus courageux.<\/p>\n<p><img loading=\"lazy\" decoding=\"async\" class=\"alignnone size-full wp-image-10136\" src=\"https:\/\/etab.ac-reunion.fr\/lyc-jean-hinglo\/wp-content\/uploads\/sites\/62\/2023\/11\/Images-2.jpg\" alt=\"\" width=\"1183\" height=\"476\" srcset=\"https:\/\/etab.ac-reunion.fr\/lyc-jean-hinglo\/wp-content\/uploads\/sites\/62\/2023\/11\/Images-2.jpg 1183w, https:\/\/etab.ac-reunion.fr\/lyc-jean-hinglo\/wp-content\/uploads\/sites\/62\/2023\/11\/Images-2-300x121.jpg 300w, https:\/\/etab.ac-reunion.fr\/lyc-jean-hinglo\/wp-content\/uploads\/sites\/62\/2023\/11\/Images-2-1024x412.jpg 1024w, https:\/\/etab.ac-reunion.fr\/lyc-jean-hinglo\/wp-content\/uploads\/sites\/62\/2023\/11\/Images-2-768x309.jpg 768w\" sizes=\"auto, (max-width: 1183px) 100vw, 1183px\" \/><\/p>\n<p>Malheureusement le mauvais temps a interrompu l\u2019\u00e9v\u00e9nement, nous esp\u00e9rons donc programmer une deuxi\u00e8me journ\u00e9e en fin d\u2019ann\u00e9e pour\u00a0 pouvoir profiter enti\u00e8rement des activit\u00e9s et d\u00e9fis pr\u00e9par\u00e9s par les \u00a0animateurs et surtout remettre le flambeau \u00e0 l\u2019\u00e9quipe gagnante\u00a0!<\/p>\n","protected":false},"excerpt":{"rendered":"<p>Le vendredi 03 novembre, les \u00e9tudiants de 1\u00e8re et 2\u00e8me ann\u00e9e de BTS Conseil et Commercialisation de Solutions Techniques ont organis\u00e9 et particip\u00e9 \u00e0 leur 2\u00e8me journ\u00e9e d\u2019int\u00e9gration sur le [&hellip;]<\/p>\n","protected":false},"author":29209,"featured_media":10136,"comment_status":"closed","ping_status":"closed","sticky":false,"template":"","format":"standard","meta":{"_EventAllDay":false,"_EventTimezone":"","_EventStartDate":"","_EventEndDate":"","_EventStartDateUTC":"","_EventEndDateUTC":"","_EventShowMap":false,"_EventShowMapLink":false,"_EventURL":"","_EventCost":"","_EventCostDescription":"","_EventCurrencySymbol":"","_EventCurrencyCode":"","_EventCurrencyPosition":"","_EventDateTimeSeparator":"","_EventTimeRangeSeparator":"","_EventOrganizerID":[],"_EventVenueID":[],"_OrganizerEmail":"","_OrganizerPhone":"","_OrganizerWebsite":"","_VenueAddress":"","_VenueCity":"","_VenueCountry":"","_VenueProvince":"","_VenueState":"","_VenueZip":"","_VenuePhone":"","_VenueURL":"","_VenueStateProvince":"","_VenueLat":"","_VenueLng":"","_VenueShowMap":false,"_VenueShowMapLink":false,"footnotes":""},"categories":[9,60],"tags":[],"class_list":["post-10135","post","type-post","status-publish","format-standard","has-post-thumbnail","hentry","category-actualites","category-sorties-scolaires"],"_links":{"self":[{"href":"https:\/\/etab.ac-reunion.fr\/lyc-jean-hinglo\/wp-json\/wp\/v2\/posts\/10135","targetHints":{"allow":["GET"]}}],"collection":[{"href":"https:\/\/etab.ac-reunion.fr\/lyc-jean-hinglo\/wp-json\/wp\/v2\/posts"}],"about":[{"href":"https:\/\/etab.ac-reunion.fr\/lyc-jean-hinglo\/wp-json\/wp\/v2\/types\/post"}],"author":[{"embeddable":true,"href":"https:\/\/etab.ac-reunion.fr\/lyc-jean-hinglo\/wp-json\/wp\/v2\/users\/29209"}],"replies":[{"embeddable":true,"href":"https:\/\/etab.ac-reunion.fr\/lyc-jean-hinglo\/wp-json\/wp\/v2\/comments?post=10135"}],"version-history":[{"count":1,"href":"https:\/\/etab.ac-reunion.fr\/lyc-jean-hinglo\/wp-json\/wp\/v2\/posts\/10135\/revisions"}],"predecessor-version":[{"id":10138,"href":"https:\/\/etab.ac-reunion.fr\/lyc-jean-hinglo\/wp-json\/wp\/v2\/posts\/10135\/revisions\/10138"}],"wp:featuredmedia":[{"embeddable":true,"href":"https:\/\/etab.ac-reunion.fr\/lyc-jean-hinglo\/wp-json\/wp\/v2\/media\/10136"}],"wp:attachment":[{"href":"https:\/\/etab.ac-reunion.fr\/lyc-jean-hinglo\/wp-json\/wp\/v2\/media?parent=10135"}],"wp:term":[{"taxonomy":"category","embeddable":true,"href":"https:\/\/etab.ac-reunion.fr\/lyc-jean-hinglo\/wp-json\/wp\/v2\/categories?post=10135"},{"taxonomy":"post_tag","embeddable":true,"href":"https:\/\/etab.ac-reunion.fr\/lyc-jean-hinglo\/wp-json\/wp\/v2\/tags?post=10135"}],"curies":[{"name":"wp","href":"https:\/\/api.w.org\/{rel}","templated":true}]}}