{"id":11131,"date":"2024-05-21T08:17:29","date_gmt":"2024-05-21T04:17:29","guid":{"rendered":"https:\/\/etab.ac-reunion.fr\/lyc-jean-hinglo\/?p=11131"},"modified":"2024-05-21T08:17:29","modified_gmt":"2024-05-21T04:17:29","slug":"matinee-dechange-et-de-partage-pour-les-eleves-de-bac-pro","status":"publish","type":"post","link":"https:\/\/etab.ac-reunion.fr\/lyc-jean-hinglo\/2024\/05\/21\/matinee-dechange-et-de-partage-pour-les-eleves-de-bac-pro\/","title":{"rendered":"Matin\u00e9e d&rsquo;\u00e9change et de partage pour les \u00e9l\u00e8ves de Bac Pro"},"content":{"rendered":"<div><img loading=\"lazy\" decoding=\"async\" class=\"alignnone size-full wp-image-11132\" src=\"https:\/\/etab.ac-reunion.fr\/lyc-jean-hinglo\/wp-content\/uploads\/sites\/62\/2024\/05\/9F453E2E-375B-4187-8988-E5F8684B70F4.png\" alt=\"\" width=\"2000\" height=\"1415\" srcset=\"https:\/\/etab.ac-reunion.fr\/lyc-jean-hinglo\/wp-content\/uploads\/sites\/62\/2024\/05\/9F453E2E-375B-4187-8988-E5F8684B70F4.png 2000w, https:\/\/etab.ac-reunion.fr\/lyc-jean-hinglo\/wp-content\/uploads\/sites\/62\/2024\/05\/9F453E2E-375B-4187-8988-E5F8684B70F4-300x212.png 300w, https:\/\/etab.ac-reunion.fr\/lyc-jean-hinglo\/wp-content\/uploads\/sites\/62\/2024\/05\/9F453E2E-375B-4187-8988-E5F8684B70F4-1024x724.png 1024w, https:\/\/etab.ac-reunion.fr\/lyc-jean-hinglo\/wp-content\/uploads\/sites\/62\/2024\/05\/9F453E2E-375B-4187-8988-E5F8684B70F4-768x543.png 768w, https:\/\/etab.ac-reunion.fr\/lyc-jean-hinglo\/wp-content\/uploads\/sites\/62\/2024\/05\/9F453E2E-375B-4187-8988-E5F8684B70F4-1536x1087.png 1536w\" sizes=\"auto, (max-width: 2000px) 100vw, 2000px\" \/> <img loading=\"lazy\" decoding=\"async\" class=\"alignnone size-full wp-image-11133\" src=\"https:\/\/etab.ac-reunion.fr\/lyc-jean-hinglo\/wp-content\/uploads\/sites\/62\/2024\/05\/83746F83-2866-45B1-8550-F5B2FB82FAF5.png\" alt=\"\" width=\"2000\" height=\"1415\" srcset=\"https:\/\/etab.ac-reunion.fr\/lyc-jean-hinglo\/wp-content\/uploads\/sites\/62\/2024\/05\/83746F83-2866-45B1-8550-F5B2FB82FAF5.png 2000w, https:\/\/etab.ac-reunion.fr\/lyc-jean-hinglo\/wp-content\/uploads\/sites\/62\/2024\/05\/83746F83-2866-45B1-8550-F5B2FB82FAF5-300x212.png 300w, https:\/\/etab.ac-reunion.fr\/lyc-jean-hinglo\/wp-content\/uploads\/sites\/62\/2024\/05\/83746F83-2866-45B1-8550-F5B2FB82FAF5-1024x724.png 1024w, https:\/\/etab.ac-reunion.fr\/lyc-jean-hinglo\/wp-content\/uploads\/sites\/62\/2024\/05\/83746F83-2866-45B1-8550-F5B2FB82FAF5-768x543.png 768w, https:\/\/etab.ac-reunion.fr\/lyc-jean-hinglo\/wp-content\/uploads\/sites\/62\/2024\/05\/83746F83-2866-45B1-8550-F5B2FB82FAF5-1536x1087.png 1536w\" sizes=\"auto, (max-width: 2000px) 100vw, 2000px\" \/><\/div>\n<div><\/div>\n<div><\/div>\n<div><\/div>\n<div>Le vendredi 3 mai, avant le d\u00e9part en vacances, les \u00e9l\u00e8ves de premi\u00e8re et de terminale bac pro de la fili\u00e8re TGT (Technicien G\u00e9om\u00e8tre Topographe) ont particip\u00e9 \u00e0 une matin\u00e9e de course d\u2019orientation organis\u00e9e par l&rsquo;association \u00ab\u00a0Nout Sentier\u00a0\u00bb. Cet \u00e9v\u00e9nement, qui s&rsquo;est d\u00e9roul\u00e9 au parc Rosthon \u00e0 la Possesion, avait pour objectif de favoriser l&rsquo;\u00e9change et le partage entre les \u00e9l\u00e8ves de diff\u00e9rents niveaux.<\/div>\n<div><\/div>\n<div>\n<div>La course d\u2019orientation a form\u00e9 des bin\u00f4mes compos\u00e9s d&rsquo;un \u00e9l\u00e8ve de premi\u00e8re et d&rsquo;un \u00e9l\u00e8ve de terminale. Les terminales ont pu partager leurs exp\u00e9riences et leurs conseils avec les premi\u00e8res, qui entreront en terminale l&rsquo;ann\u00e9e prochaine. Ce moment convivial a aussi permis aux \u00e9l\u00e8ves de se rapprocher, de poser des questions sur l&rsquo;ann\u00e9e de terminale, et de r\u00e9fl\u00e9chir \u00e0 leur avenir acad\u00e9mique et professionnel.<\/div>\n<div><\/div>\n<\/div>\n<div>L&rsquo;association \u00ab\u00a0Nout Sentier\u00a0\u00bb a structur\u00e9 cette matin\u00e9e sous forme de course d\u2019orientation avec des questions centr\u00e9es sur la formation. Cette activit\u00e9 ludique et \u00e9ducative a permis aux participants de d\u00e9velopper des comp\u00e9tences en orientation et en strat\u00e9gie. Trois \u00e9l\u00e8ves se sont distingu\u00e9s en remportant la course, d\u00e9montrant ainsi leur compr\u00e9hension et leur ma\u00eetrise des sujets abord\u00e9s.<\/div>\n<div><\/div>\n<div>En plus des \u00e9changes enrichissants, la matin\u00e9e a offert aux \u00e9l\u00e8ves l&rsquo;occasion d&rsquo;explorer le parc Rosthon et de mieux comprendre les reliefs, un compl\u00e9ment pratique \u00e0 leur formation th\u00e9orique.<\/div>\n<p>Cette initiative a \u00e9t\u00e9 une r\u00e9ussite, marquant un moment fort de partage et de collaboration entre les \u00e9l\u00e8ves de notre lyc\u00e9e.<\/p>\n","protected":false},"excerpt":{"rendered":"<p>Le vendredi 3 mai, avant le d\u00e9part en vacances, les \u00e9l\u00e8ves de premi\u00e8re et de terminale bac pro de la fili\u00e8re TGT (Technicien G\u00e9om\u00e8tre Topographe) ont particip\u00e9 \u00e0 une matin\u00e9e [&hellip;]<\/p>\n","protected":false},"author":29209,"featured_media":11133,"comment_status":"closed","ping_status":"closed","sticky":false,"template":"","format":"standard","meta":{"_EventAllDay":false,"_EventTimezone":"","_EventStartDate":"","_EventEndDate":"","_EventStartDateUTC":"","_EventEndDateUTC":"","_EventShowMap":false,"_EventShowMapLink":false,"_EventURL":"","_EventCost":"","_EventCostDescription":"","_EventCurrencySymbol":"","_EventCurrencyCode":"","_EventCurrencyPosition":"","_EventDateTimeSeparator":"","_EventTimeRangeSeparator":"","_EventOrganizerID":[],"_EventVenueID":[],"_OrganizerEmail":"","_OrganizerPhone":"","_OrganizerWebsite":"","_VenueAddress":"","_VenueCity":"","_VenueCountry":"","_VenueProvince":"","_VenueState":"","_VenueZip":"","_VenuePhone":"","_VenueURL":"","_VenueStateProvince":"","_VenueLat":"","_VenueLng":"","_VenueShowMap":false,"_VenueShowMapLink":false,"footnotes":""},"categories":[9,60],"tags":[],"class_list":["post-11131","post","type-post","status-publish","format-standard","has-post-thumbnail","hentry","category-actualites","category-sorties-scolaires"],"_links":{"self":[{"href":"https:\/\/etab.ac-reunion.fr\/lyc-jean-hinglo\/wp-json\/wp\/v2\/posts\/11131","targetHints":{"allow":["GET"]}}],"collection":[{"href":"https:\/\/etab.ac-reunion.fr\/lyc-jean-hinglo\/wp-json\/wp\/v2\/posts"}],"about":[{"href":"https:\/\/etab.ac-reunion.fr\/lyc-jean-hinglo\/wp-json\/wp\/v2\/types\/post"}],"author":[{"embeddable":true,"href":"https:\/\/etab.ac-reunion.fr\/lyc-jean-hinglo\/wp-json\/wp\/v2\/users\/29209"}],"replies":[{"embeddable":true,"href":"https:\/\/etab.ac-reunion.fr\/lyc-jean-hinglo\/wp-json\/wp\/v2\/comments?post=11131"}],"version-history":[{"count":2,"href":"https:\/\/etab.ac-reunion.fr\/lyc-jean-hinglo\/wp-json\/wp\/v2\/posts\/11131\/revisions"}],"predecessor-version":[{"id":11135,"href":"https:\/\/etab.ac-reunion.fr\/lyc-jean-hinglo\/wp-json\/wp\/v2\/posts\/11131\/revisions\/11135"}],"wp:featuredmedia":[{"embeddable":true,"href":"https:\/\/etab.ac-reunion.fr\/lyc-jean-hinglo\/wp-json\/wp\/v2\/media\/11133"}],"wp:attachment":[{"href":"https:\/\/etab.ac-reunion.fr\/lyc-jean-hinglo\/wp-json\/wp\/v2\/media?parent=11131"}],"wp:term":[{"taxonomy":"category","embeddable":true,"href":"https:\/\/etab.ac-reunion.fr\/lyc-jean-hinglo\/wp-json\/wp\/v2\/categories?post=11131"},{"taxonomy":"post_tag","embeddable":true,"href":"https:\/\/etab.ac-reunion.fr\/lyc-jean-hinglo\/wp-json\/wp\/v2\/tags?post=11131"}],"curies":[{"name":"wp","href":"https:\/\/api.w.org\/{rel}","templated":true}]}}