{"id":112,"date":"2014-04-30T10:06:53","date_gmt":"2014-04-30T06:06:53","guid":{"rendered":"http:\/\/lycee-jhinglo.ac-reunion.fr\/?p=112"},"modified":"2020-04-30T01:37:43","modified_gmt":"2020-04-29T21:37:43","slug":"atelier-math-en-jeans","status":"publish","type":"post","link":"https:\/\/etab.ac-reunion.fr\/lyc-jean-hinglo\/2014\/04\/30\/atelier-math-en-jeans\/","title":{"rendered":"Atelier MATh.en.JEANS"},"content":{"rendered":"<p style=\"color: #000000\"><a href=\"https:\/\/etab.ac-reunion.fr\/lyc-jean-hinglo\/2014\/04\/30\/atelier-math-en-jeans\/mahtenjeans\/\" rel=\"attachment wp-att-125\"><img loading=\"lazy\" decoding=\"async\" class=\"alignleft size-full wp-image-125\" src=\"https:\/\/etab.ac-reunion.fr\/lyc-jean-hinglo\/wp-content\/uploads\/sites\/62\/2014\/04\/mahtenjeans.jpg\" alt=\"mahtenjeans\" width=\"260\" height=\"175\" srcset=\"https:\/\/etab.ac-reunion.fr\/lyc-jean-hinglo\/wp-content\/uploads\/sites\/62\/2014\/04\/mahtenjeans.jpg 260w, https:\/\/etab.ac-reunion.fr\/lyc-jean-hinglo\/wp-content\/uploads\/sites\/62\/2014\/04\/mahtenjeans-140x94.jpg 140w\" sizes=\"auto, (max-width: 260px) 100vw, 260px\" \/><\/a>Un atelier MATh.en.JEANS a \u00e9t\u00e9 cr\u00e9\u00e9 en 2009 au lyc\u00e9e Jean Hinglo du Port et pour la premi\u00e8re fois \u00e0 l\u2019\u00eele de la R\u00e9union.<\/p>\n<p style=\"color: #000000\">L\u2019universit\u00e9 des sciences et technologie de la R\u00e9union est li\u00e9e \u00e0 ce projet, ce qui permet d\u2019organiser des rencontres avec des chercheurs au lyc\u00e9e ou sur leur lieu de travail. L&rsquo;association f\u00e9d\u00e8re des ateliers sur un m\u00eame principe: deux lyc\u00e9es jumell\u00e9s et un chercheur travaillent en collaboration. Le chercheur propose un sujet, et les \u00e9l\u00e8ves des deux \u00e9tablissements travaillent ensemble sur celui-ci. Le lyc\u00e9e Jean Hinglo est associ\u00e9 au lyc\u00e9e Bellepierre. \u00a0Un\u00a0Congr\u00e8s annuel a lieu en m\u00e9tropole pour pr\u00e9senter les recherches des \u00e9l\u00e8ves.<\/p>\n<p>L\u2019association organise des congr\u00e8s annuels d\u00e9centralis\u00e9s afin que les \u00e9l\u00e8ves des diff\u00e9rents ateliers se rencontrent et pr\u00e9sentent leurs travaux. L\u2019un d\u2019eux se tiendra au mois d\u2019Avril \u00e0 Gap (Hautes-Alpes, acad\u00e9mie d\u2019Aix-Marseille).<\/p>\n<p style=\"color: #000000\"><span style=\"text-decoration: underline\">Pour plus d\u2019informations\u00a0:\u00a0<\/span><\/p>\n<p style=\"color: #000000\"><img loading=\"lazy\" decoding=\"async\" class=\"puce\" src=\"http:\/\/maths.ac-reunion.fr\/squelettes-dist\/puce.gif\" alt=\"-\" width=\"8\" height=\"11\" \/>\u00a0Site de l\u2019association : <a title=\"liens vers le site de mathenjeans\" href=\"http:\/\/www.mathenjeans.fr\/\" target=\"_blank\" rel=\"noopener noreferrer\">www.mathenjeans.fr<\/a><\/p>\n<p style=\"color: #000000\"><span style=\"text-decoration: underline\"><br \/>\nContact\u00a0:<\/span>\u00a0<a style=\"color: #990000\" title=\"Ecrire \u00e0 Sophie Fur\">Sophie Fur<\/a>, professeur de math\u00e9matiques au lyc\u00e9e Jean Hinglo .<\/p>\n<h3 style=\"color: #000000\">Quelques photos d&rsquo;activit\u00e9s r\u00e9alis\u00e9es avec les \u00e9l\u00e8ves<\/h3>\n<p style=\"color: #000000\"><a href=\"https:\/\/etab.ac-reunion.fr\/lyc-jean-hinglo\/2014\/04\/30\/atelier-math-en-jeans\/p1000936\/\" rel=\"attachment wp-att-343\"><img loading=\"lazy\" decoding=\"async\" class=\"alignleft wp-image-343 size-large\" src=\"https:\/\/etab.ac-reunion.fr\/lyc-jean-hinglo\/wp-content\/uploads\/sites\/62\/2014\/04\/P1000936-1024x768.jpg\" alt=\"P1000936\" width=\"838\" height=\"628\" srcset=\"https:\/\/etab.ac-reunion.fr\/lyc-jean-hinglo\/wp-content\/uploads\/sites\/62\/2014\/04\/P1000936-1024x768.jpg 1024w, https:\/\/etab.ac-reunion.fr\/lyc-jean-hinglo\/wp-content\/uploads\/sites\/62\/2014\/04\/P1000936-300x225.jpg 300w\" sizes=\"auto, (max-width: 838px) 100vw, 838px\" \/><\/a><a href=\"https:\/\/etab.ac-reunion.fr\/lyc-jean-hinglo\/2014\/04\/30\/atelier-math-en-jeans\/p1000948\/\" rel=\"attachment wp-att-344\"><img loading=\"lazy\" decoding=\"async\" class=\"alignleft size-large wp-image-344\" src=\"https:\/\/etab.ac-reunion.fr\/lyc-jean-hinglo\/wp-content\/uploads\/sites\/62\/2014\/04\/P1000948-1024x768.jpg\" alt=\"P1000948\" width=\"838\" height=\"628\" srcset=\"https:\/\/etab.ac-reunion.fr\/lyc-jean-hinglo\/wp-content\/uploads\/sites\/62\/2014\/04\/P1000948-1024x768.jpg 1024w, https:\/\/etab.ac-reunion.fr\/lyc-jean-hinglo\/wp-content\/uploads\/sites\/62\/2014\/04\/P1000948-300x225.jpg 300w\" sizes=\"auto, (max-width: 838px) 100vw, 838px\" \/><\/a><a href=\"https:\/\/etab.ac-reunion.fr\/lyc-jean-hinglo\/2014\/04\/30\/atelier-math-en-jeans\/p1000958\/\" rel=\"attachment wp-att-345\"><img loading=\"lazy\" decoding=\"async\" class=\"alignleft size-large wp-image-345\" src=\"https:\/\/etab.ac-reunion.fr\/lyc-jean-hinglo\/wp-content\/uploads\/sites\/62\/2014\/04\/P1000958-1024x768.jpg\" alt=\"P1000958\" width=\"838\" height=\"628\" srcset=\"https:\/\/etab.ac-reunion.fr\/lyc-jean-hinglo\/wp-content\/uploads\/sites\/62\/2014\/04\/P1000958-1024x768.jpg 1024w, https:\/\/etab.ac-reunion.fr\/lyc-jean-hinglo\/wp-content\/uploads\/sites\/62\/2014\/04\/P1000958-300x225.jpg 300w\" sizes=\"auto, (max-width: 838px) 100vw, 838px\" \/><\/a><a href=\"https:\/\/etab.ac-reunion.fr\/lyc-jean-hinglo\/2014\/04\/30\/atelier-math-en-jeans\/20130206_160545\/\" rel=\"attachment wp-att-346\"><img loading=\"lazy\" decoding=\"async\" class=\"alignleft size-large wp-image-346\" src=\"https:\/\/etab.ac-reunion.fr\/lyc-jean-hinglo\/wp-content\/uploads\/sites\/62\/2014\/04\/20130206_160545-1024x768.jpg\" alt=\"20130206_160545\" width=\"838\" height=\"628\" srcset=\"https:\/\/etab.ac-reunion.fr\/lyc-jean-hinglo\/wp-content\/uploads\/sites\/62\/2014\/04\/20130206_160545-1024x768.jpg 1024w, https:\/\/etab.ac-reunion.fr\/lyc-jean-hinglo\/wp-content\/uploads\/sites\/62\/2014\/04\/20130206_160545-300x225.jpg 300w\" sizes=\"auto, (max-width: 838px) 100vw, 838px\" \/><\/a><\/p>\n","protected":false},"excerpt":{"rendered":"<p>Un atelier MATh.en.JEANS a \u00e9t\u00e9 cr\u00e9\u00e9 en 2009 au lyc\u00e9e Jean Hinglo du Port et pour la premi\u00e8re fois \u00e0 l\u2019\u00eele de la R\u00e9union. L\u2019universit\u00e9 des sciences et technologie de [&hellip;]<\/p>\n","protected":false},"author":815,"featured_media":125,"comment_status":"closed","ping_status":"closed","sticky":false,"template":"","format":"standard","meta":{"_EventAllDay":false,"_EventTimezone":"","_EventStartDate":"","_EventEndDate":"","_EventStartDateUTC":"","_EventEndDateUTC":"","_EventShowMap":false,"_EventShowMapLink":false,"_EventURL":"","_EventCost":"","_EventCostDescription":"","_EventCurrencySymbol":"","_EventCurrencyCode":"","_EventCurrencyPosition":"","_EventDateTimeSeparator":"","_EventTimeRangeSeparator":"","_EventOrganizerID":[],"_EventVenueID":[],"_OrganizerEmail":"","_OrganizerPhone":"","_OrganizerWebsite":"","_VenueAddress":"","_VenueCity":"","_VenueCountry":"","_VenueProvince":"","_VenueState":"","_VenueZip":"","_VenuePhone":"","_VenueURL":"","_VenueStateProvince":"","_VenueLat":"","_VenueLng":"","_VenueShowMap":false,"_VenueShowMapLink":false,"footnotes":""},"categories":[57],"tags":[],"class_list":["post-112","post","type-post","status-publish","format-standard","has-post-thumbnail","hentry","category-mathematiques"],"_links":{"self":[{"href":"https:\/\/etab.ac-reunion.fr\/lyc-jean-hinglo\/wp-json\/wp\/v2\/posts\/112","targetHints":{"allow":["GET"]}}],"collection":[{"href":"https:\/\/etab.ac-reunion.fr\/lyc-jean-hinglo\/wp-json\/wp\/v2\/posts"}],"about":[{"href":"https:\/\/etab.ac-reunion.fr\/lyc-jean-hinglo\/wp-json\/wp\/v2\/types\/post"}],"author":[{"embeddable":true,"href":"https:\/\/etab.ac-reunion.fr\/lyc-jean-hinglo\/wp-json\/wp\/v2\/users\/815"}],"replies":[{"embeddable":true,"href":"https:\/\/etab.ac-reunion.fr\/lyc-jean-hinglo\/wp-json\/wp\/v2\/comments?post=112"}],"version-history":[{"count":10,"href":"https:\/\/etab.ac-reunion.fr\/lyc-jean-hinglo\/wp-json\/wp\/v2\/posts\/112\/revisions"}],"predecessor-version":[{"id":4028,"href":"https:\/\/etab.ac-reunion.fr\/lyc-jean-hinglo\/wp-json\/wp\/v2\/posts\/112\/revisions\/4028"}],"wp:featuredmedia":[{"embeddable":true,"href":"https:\/\/etab.ac-reunion.fr\/lyc-jean-hinglo\/wp-json\/wp\/v2\/media\/125"}],"wp:attachment":[{"href":"https:\/\/etab.ac-reunion.fr\/lyc-jean-hinglo\/wp-json\/wp\/v2\/media?parent=112"}],"wp:term":[{"taxonomy":"category","embeddable":true,"href":"https:\/\/etab.ac-reunion.fr\/lyc-jean-hinglo\/wp-json\/wp\/v2\/categories?post=112"},{"taxonomy":"post_tag","embeddable":true,"href":"https:\/\/etab.ac-reunion.fr\/lyc-jean-hinglo\/wp-json\/wp\/v2\/tags?post=112"}],"curies":[{"name":"wp","href":"https:\/\/api.w.org\/{rel}","templated":true}]}}