{"id":12150,"date":"2024-12-04T09:28:06","date_gmt":"2024-12-04T05:28:06","guid":{"rendered":"https:\/\/etab.ac-reunion.fr\/lyc-jean-hinglo\/?p=12150"},"modified":"2024-12-04T11:14:21","modified_gmt":"2024-12-04T07:14:21","slug":"erasmus-days-une-matinee-europeenne-au-lycee-jean-hinglo","status":"publish","type":"post","link":"https:\/\/etab.ac-reunion.fr\/lyc-jean-hinglo\/2024\/12\/04\/erasmus-days-une-matinee-europeenne-au-lycee-jean-hinglo\/","title":{"rendered":"Erasmus Days : une matin\u00e9e europ\u00e9enne au lyc\u00e9e Jean Hinglo"},"content":{"rendered":"<p>Le mercredi 27 novembre 2024, le Lyc\u00e9e Polyvalent Jean Hinglo a particip\u00e9 \u00e0 l&rsquo;\u00e9v\u00e9nement europ\u00e9en Erasmus Days\u00a0d\u00e9di\u00e9 \u00e0 la promotion du programme Erasmus+. Il a permis d&rsquo;impliquer les apprenants et membres du personnel participant \u00e0 une mobilit\u00e9 cette ann\u00e9e\u00a0et de renforcer leur sentiment d&rsquo;appartenance \u00e0 l&rsquo;Europe.<\/p>\n<p>Au programme de la matin\u00e9e :<\/p>\n<ol>\n<li>Dress code aux couleurs du drapeau de l&rsquo;Union Europ\u00e9enne.<\/li>\n<li>Inauguration du mur des Labels en pr\u00e9sence de Guillaume Vallet, Correspondant acad\u00e9mique eTwinning, pour la remise du Label eTwinning School,\u00a0et de Marjorie Coste,\u00a0D\u00e9l\u00e9gu\u00e9e r\u00e9gionale acad\u00e9mique aux relations europ\u00e9ennes et internationales et \u00e0 la coop\u00e9ration.<\/li>\n<li>Petit-d\u00e9jeuner europ\u00e9en: accueil des\u00a062 \u00e9l\u00e8ves et\u00a0\u00e9tudiants\u00a0des 3 secteurs \u00e9ducatifs.<\/li>\n<li>eTwinning: c\u00e9r\u00e9monie de remise des dipl\u00f4mes de 2 Labels Qualit\u00e9\u00a0National et Europ\u00e9en pour les projets eTwinning de Mme Tartrou (\u00ab our world, our words \u00bb)\u00a0et de Mme Santiago (\u00ab Exodos \u00bb)\u00a0avec les \u00e9l\u00e8ves de Section europ\u00e9enne (SES-anglais, SES-espagnol).<\/li>\n<li>Activit\u00e9s ludiques : l\u2019Europe en quiz, atelier cr\u00e9atif, chasse au tr\u00e9sor, mur \u00e0 souhaits, film, photobooth.<\/li>\n<li>Lyc\u00e9e Professionnel: pr\u00e9sentation du stage professionnel de 12 \u00e9l\u00e8ves en Belgique.<\/li>\n<\/ol>\n<p>Les \u00e9quipes constitu\u00e9es des 3 secteurs \u00e9ducatifs ont pu d\u00e9ployer leurs talents artistiques et cr\u00e9atifs, s&rsquo;amuser et \u00e9changer sur leur exp\u00e9rience de mobilit\u00e9.<\/p>\n<p>MERCI et BRAVO \u00e0 toutes et tous pour votre\u00a0enthousiasme et votre implication\u00a0!<\/p>\n<p>&nbsp;<\/p>\n<p>Florence Santiago<\/p>\n<p>Enseignante\u00a0r\u00e9f\u00e9rente pour l&rsquo;action europ\u00e9enne et internationale, Lyc\u00e9e Polyvalent Jean Hinglo<\/p>\n<div><\/div>\n<div><a href=\"https:\/\/etab.ac-reunion.fr\/lyc-jean-hinglo\/wp-content\/uploads\/sites\/62\/2024\/12\/diffusion-Erasmus-days-2024_page-0001-scaled.jpg\"><img loading=\"lazy\" decoding=\"async\" class=\"alignnone size-full wp-image-12172\" src=\"https:\/\/etab.ac-reunion.fr\/lyc-jean-hinglo\/wp-content\/uploads\/sites\/62\/2024\/12\/diffusion-Erasmus-days-2024_page-0001-scaled.jpg\" alt=\"\" width=\"2560\" height=\"1440\" srcset=\"https:\/\/etab.ac-reunion.fr\/lyc-jean-hinglo\/wp-content\/uploads\/sites\/62\/2024\/12\/diffusion-Erasmus-days-2024_page-0001-scaled.jpg 2560w, https:\/\/etab.ac-reunion.fr\/lyc-jean-hinglo\/wp-content\/uploads\/sites\/62\/2024\/12\/diffusion-Erasmus-days-2024_page-0001-300x169.jpg 300w, https:\/\/etab.ac-reunion.fr\/lyc-jean-hinglo\/wp-content\/uploads\/sites\/62\/2024\/12\/diffusion-Erasmus-days-2024_page-0001-1024x576.jpg 1024w, https:\/\/etab.ac-reunion.fr\/lyc-jean-hinglo\/wp-content\/uploads\/sites\/62\/2024\/12\/diffusion-Erasmus-days-2024_page-0001-768x432.jpg 768w, https:\/\/etab.ac-reunion.fr\/lyc-jean-hinglo\/wp-content\/uploads\/sites\/62\/2024\/12\/diffusion-Erasmus-days-2024_page-0001-1536x864.jpg 1536w, https:\/\/etab.ac-reunion.fr\/lyc-jean-hinglo\/wp-content\/uploads\/sites\/62\/2024\/12\/diffusion-Erasmus-days-2024_page-0001-2048x1152.jpg 2048w\" sizes=\"auto, (max-width: 2560px) 100vw, 2560px\" \/><\/a> <a href=\"https:\/\/etab.ac-reunion.fr\/lyc-jean-hinglo\/wp-content\/uploads\/sites\/62\/2024\/12\/diffusion-Erasmus-days-2024_page-0002-scaled.jpg\"><img loading=\"lazy\" decoding=\"async\" class=\"alignnone size-full wp-image-12173\" src=\"https:\/\/etab.ac-reunion.fr\/lyc-jean-hinglo\/wp-content\/uploads\/sites\/62\/2024\/12\/diffusion-Erasmus-days-2024_page-0002-scaled.jpg\" alt=\"\" width=\"2560\" height=\"1440\" srcset=\"https:\/\/etab.ac-reunion.fr\/lyc-jean-hinglo\/wp-content\/uploads\/sites\/62\/2024\/12\/diffusion-Erasmus-days-2024_page-0002-scaled.jpg 2560w, https:\/\/etab.ac-reunion.fr\/lyc-jean-hinglo\/wp-content\/uploads\/sites\/62\/2024\/12\/diffusion-Erasmus-days-2024_page-0002-300x169.jpg 300w, https:\/\/etab.ac-reunion.fr\/lyc-jean-hinglo\/wp-content\/uploads\/sites\/62\/2024\/12\/diffusion-Erasmus-days-2024_page-0002-1024x576.jpg 1024w, https:\/\/etab.ac-reunion.fr\/lyc-jean-hinglo\/wp-content\/uploads\/sites\/62\/2024\/12\/diffusion-Erasmus-days-2024_page-0002-768x432.jpg 768w, https:\/\/etab.ac-reunion.fr\/lyc-jean-hinglo\/wp-content\/uploads\/sites\/62\/2024\/12\/diffusion-Erasmus-days-2024_page-0002-1536x864.jpg 1536w, https:\/\/etab.ac-reunion.fr\/lyc-jean-hinglo\/wp-content\/uploads\/sites\/62\/2024\/12\/diffusion-Erasmus-days-2024_page-0002-2048x1152.jpg 2048w\" sizes=\"auto, (max-width: 2560px) 100vw, 2560px\" \/><\/a> <a href=\"https:\/\/etab.ac-reunion.fr\/lyc-jean-hinglo\/wp-content\/uploads\/sites\/62\/2024\/12\/diffusion-Erasmus-days-2024_page-0003-scaled.jpg\"><img loading=\"lazy\" decoding=\"async\" class=\"alignnone size-full wp-image-12174\" src=\"https:\/\/etab.ac-reunion.fr\/lyc-jean-hinglo\/wp-content\/uploads\/sites\/62\/2024\/12\/diffusion-Erasmus-days-2024_page-0003-scaled.jpg\" alt=\"\" width=\"2560\" height=\"1440\" srcset=\"https:\/\/etab.ac-reunion.fr\/lyc-jean-hinglo\/wp-content\/uploads\/sites\/62\/2024\/12\/diffusion-Erasmus-days-2024_page-0003-scaled.jpg 2560w, https:\/\/etab.ac-reunion.fr\/lyc-jean-hinglo\/wp-content\/uploads\/sites\/62\/2024\/12\/diffusion-Erasmus-days-2024_page-0003-300x169.jpg 300w, https:\/\/etab.ac-reunion.fr\/lyc-jean-hinglo\/wp-content\/uploads\/sites\/62\/2024\/12\/diffusion-Erasmus-days-2024_page-0003-1024x576.jpg 1024w, https:\/\/etab.ac-reunion.fr\/lyc-jean-hinglo\/wp-content\/uploads\/sites\/62\/2024\/12\/diffusion-Erasmus-days-2024_page-0003-768x432.jpg 768w, https:\/\/etab.ac-reunion.fr\/lyc-jean-hinglo\/wp-content\/uploads\/sites\/62\/2024\/12\/diffusion-Erasmus-days-2024_page-0003-1536x864.jpg 1536w, https:\/\/etab.ac-reunion.fr\/lyc-jean-hinglo\/wp-content\/uploads\/sites\/62\/2024\/12\/diffusion-Erasmus-days-2024_page-0003-2048x1152.jpg 2048w\" sizes=\"auto, (max-width: 2560px) 100vw, 2560px\" \/><\/a> <a href=\"https:\/\/etab.ac-reunion.fr\/lyc-jean-hinglo\/wp-content\/uploads\/sites\/62\/2024\/12\/diffusion-Erasmus-days-2024_page-0004-scaled.jpg\"><img loading=\"lazy\" decoding=\"async\" class=\"alignnone size-full wp-image-12175\" src=\"https:\/\/etab.ac-reunion.fr\/lyc-jean-hinglo\/wp-content\/uploads\/sites\/62\/2024\/12\/diffusion-Erasmus-days-2024_page-0004-scaled.jpg\" alt=\"\" width=\"2560\" height=\"1440\" srcset=\"https:\/\/etab.ac-reunion.fr\/lyc-jean-hinglo\/wp-content\/uploads\/sites\/62\/2024\/12\/diffusion-Erasmus-days-2024_page-0004-scaled.jpg 2560w, https:\/\/etab.ac-reunion.fr\/lyc-jean-hinglo\/wp-content\/uploads\/sites\/62\/2024\/12\/diffusion-Erasmus-days-2024_page-0004-300x169.jpg 300w, https:\/\/etab.ac-reunion.fr\/lyc-jean-hinglo\/wp-content\/uploads\/sites\/62\/2024\/12\/diffusion-Erasmus-days-2024_page-0004-1024x576.jpg 1024w, https:\/\/etab.ac-reunion.fr\/lyc-jean-hinglo\/wp-content\/uploads\/sites\/62\/2024\/12\/diffusion-Erasmus-days-2024_page-0004-768x432.jpg 768w, https:\/\/etab.ac-reunion.fr\/lyc-jean-hinglo\/wp-content\/uploads\/sites\/62\/2024\/12\/diffusion-Erasmus-days-2024_page-0004-1536x864.jpg 1536w, https:\/\/etab.ac-reunion.fr\/lyc-jean-hinglo\/wp-content\/uploads\/sites\/62\/2024\/12\/diffusion-Erasmus-days-2024_page-0004-2048x1152.jpg 2048w\" sizes=\"auto, (max-width: 2560px) 100vw, 2560px\" \/><\/a> <a href=\"https:\/\/etab.ac-reunion.fr\/lyc-jean-hinglo\/wp-content\/uploads\/sites\/62\/2024\/12\/diffusion-Erasmus-days-2024_page-0005-scaled.jpg\"><img loading=\"lazy\" decoding=\"async\" class=\"alignnone size-full wp-image-12176\" src=\"https:\/\/etab.ac-reunion.fr\/lyc-jean-hinglo\/wp-content\/uploads\/sites\/62\/2024\/12\/diffusion-Erasmus-days-2024_page-0005-scaled.jpg\" alt=\"\" width=\"2560\" height=\"1440\" srcset=\"https:\/\/etab.ac-reunion.fr\/lyc-jean-hinglo\/wp-content\/uploads\/sites\/62\/2024\/12\/diffusion-Erasmus-days-2024_page-0005-scaled.jpg 2560w, https:\/\/etab.ac-reunion.fr\/lyc-jean-hinglo\/wp-content\/uploads\/sites\/62\/2024\/12\/diffusion-Erasmus-days-2024_page-0005-300x169.jpg 300w, https:\/\/etab.ac-reunion.fr\/lyc-jean-hinglo\/wp-content\/uploads\/sites\/62\/2024\/12\/diffusion-Erasmus-days-2024_page-0005-1024x576.jpg 1024w, https:\/\/etab.ac-reunion.fr\/lyc-jean-hinglo\/wp-content\/uploads\/sites\/62\/2024\/12\/diffusion-Erasmus-days-2024_page-0005-768x432.jpg 768w, https:\/\/etab.ac-reunion.fr\/lyc-jean-hinglo\/wp-content\/uploads\/sites\/62\/2024\/12\/diffusion-Erasmus-days-2024_page-0005-1536x864.jpg 1536w, https:\/\/etab.ac-reunion.fr\/lyc-jean-hinglo\/wp-content\/uploads\/sites\/62\/2024\/12\/diffusion-Erasmus-days-2024_page-0005-2048x1152.jpg 2048w\" sizes=\"auto, (max-width: 2560px) 100vw, 2560px\" \/><\/a> <a href=\"https:\/\/etab.ac-reunion.fr\/lyc-jean-hinglo\/wp-content\/uploads\/sites\/62\/2024\/12\/diffusion-Erasmus-days-2024_page-0006-scaled.jpg\"><img loading=\"lazy\" decoding=\"async\" class=\"alignnone size-full wp-image-12155\" src=\"https:\/\/etab.ac-reunion.fr\/lyc-jean-hinglo\/wp-content\/uploads\/sites\/62\/2024\/12\/diffusion-Erasmus-days-2024_page-0006-scaled.jpg\" alt=\"\" width=\"2560\" height=\"1440\" srcset=\"https:\/\/etab.ac-reunion.fr\/lyc-jean-hinglo\/wp-content\/uploads\/sites\/62\/2024\/12\/diffusion-Erasmus-days-2024_page-0006-scaled.jpg 2560w, https:\/\/etab.ac-reunion.fr\/lyc-jean-hinglo\/wp-content\/uploads\/sites\/62\/2024\/12\/diffusion-Erasmus-days-2024_page-0006-300x169.jpg 300w, https:\/\/etab.ac-reunion.fr\/lyc-jean-hinglo\/wp-content\/uploads\/sites\/62\/2024\/12\/diffusion-Erasmus-days-2024_page-0006-1024x576.jpg 1024w, https:\/\/etab.ac-reunion.fr\/lyc-jean-hinglo\/wp-content\/uploads\/sites\/62\/2024\/12\/diffusion-Erasmus-days-2024_page-0006-768x432.jpg 768w, https:\/\/etab.ac-reunion.fr\/lyc-jean-hinglo\/wp-content\/uploads\/sites\/62\/2024\/12\/diffusion-Erasmus-days-2024_page-0006-1536x864.jpg 1536w, https:\/\/etab.ac-reunion.fr\/lyc-jean-hinglo\/wp-content\/uploads\/sites\/62\/2024\/12\/diffusion-Erasmus-days-2024_page-0006-2048x1152.jpg 2048w\" sizes=\"auto, (max-width: 2560px) 100vw, 2560px\" \/><\/a> <a href=\"https:\/\/etab.ac-reunion.fr\/lyc-jean-hinglo\/wp-content\/uploads\/sites\/62\/2024\/12\/diffusion-Erasmus-days-2024_page-0007-scaled.jpg\"><img loading=\"lazy\" decoding=\"async\" class=\"alignnone size-full wp-image-12156\" src=\"https:\/\/etab.ac-reunion.fr\/lyc-jean-hinglo\/wp-content\/uploads\/sites\/62\/2024\/12\/diffusion-Erasmus-days-2024_page-0007-scaled.jpg\" alt=\"\" width=\"2560\" height=\"1440\" srcset=\"https:\/\/etab.ac-reunion.fr\/lyc-jean-hinglo\/wp-content\/uploads\/sites\/62\/2024\/12\/diffusion-Erasmus-days-2024_page-0007-scaled.jpg 2560w, https:\/\/etab.ac-reunion.fr\/lyc-jean-hinglo\/wp-content\/uploads\/sites\/62\/2024\/12\/diffusion-Erasmus-days-2024_page-0007-300x169.jpg 300w, https:\/\/etab.ac-reunion.fr\/lyc-jean-hinglo\/wp-content\/uploads\/sites\/62\/2024\/12\/diffusion-Erasmus-days-2024_page-0007-1024x576.jpg 1024w, https:\/\/etab.ac-reunion.fr\/lyc-jean-hinglo\/wp-content\/uploads\/sites\/62\/2024\/12\/diffusion-Erasmus-days-2024_page-0007-768x432.jpg 768w, https:\/\/etab.ac-reunion.fr\/lyc-jean-hinglo\/wp-content\/uploads\/sites\/62\/2024\/12\/diffusion-Erasmus-days-2024_page-0007-1536x864.jpg 1536w, https:\/\/etab.ac-reunion.fr\/lyc-jean-hinglo\/wp-content\/uploads\/sites\/62\/2024\/12\/diffusion-Erasmus-days-2024_page-0007-2048x1152.jpg 2048w\" sizes=\"auto, (max-width: 2560px) 100vw, 2560px\" \/><\/a> <a href=\"https:\/\/etab.ac-reunion.fr\/lyc-jean-hinglo\/wp-content\/uploads\/sites\/62\/2024\/12\/diffusion-Erasmus-days-2024_page-0008-scaled.jpg\"><img loading=\"lazy\" decoding=\"async\" class=\"alignnone size-full wp-image-12157\" src=\"https:\/\/etab.ac-reunion.fr\/lyc-jean-hinglo\/wp-content\/uploads\/sites\/62\/2024\/12\/diffusion-Erasmus-days-2024_page-0008-scaled.jpg\" alt=\"\" width=\"2560\" height=\"1440\" srcset=\"https:\/\/etab.ac-reunion.fr\/lyc-jean-hinglo\/wp-content\/uploads\/sites\/62\/2024\/12\/diffusion-Erasmus-days-2024_page-0008-scaled.jpg 2560w, https:\/\/etab.ac-reunion.fr\/lyc-jean-hinglo\/wp-content\/uploads\/sites\/62\/2024\/12\/diffusion-Erasmus-days-2024_page-0008-300x169.jpg 300w, https:\/\/etab.ac-reunion.fr\/lyc-jean-hinglo\/wp-content\/uploads\/sites\/62\/2024\/12\/diffusion-Erasmus-days-2024_page-0008-1024x576.jpg 1024w, https:\/\/etab.ac-reunion.fr\/lyc-jean-hinglo\/wp-content\/uploads\/sites\/62\/2024\/12\/diffusion-Erasmus-days-2024_page-0008-768x432.jpg 768w, https:\/\/etab.ac-reunion.fr\/lyc-jean-hinglo\/wp-content\/uploads\/sites\/62\/2024\/12\/diffusion-Erasmus-days-2024_page-0008-1536x864.jpg 1536w, https:\/\/etab.ac-reunion.fr\/lyc-jean-hinglo\/wp-content\/uploads\/sites\/62\/2024\/12\/diffusion-Erasmus-days-2024_page-0008-2048x1152.jpg 2048w\" sizes=\"auto, (max-width: 2560px) 100vw, 2560px\" \/><\/a> <a href=\"https:\/\/etab.ac-reunion.fr\/lyc-jean-hinglo\/wp-content\/uploads\/sites\/62\/2024\/12\/diffusion-Erasmus-days-2024_page-0009-scaled.jpg\"><img loading=\"lazy\" decoding=\"async\" class=\"alignnone size-full wp-image-12158\" src=\"https:\/\/etab.ac-reunion.fr\/lyc-jean-hinglo\/wp-content\/uploads\/sites\/62\/2024\/12\/diffusion-Erasmus-days-2024_page-0009-scaled.jpg\" alt=\"\" width=\"2560\" height=\"1440\" srcset=\"https:\/\/etab.ac-reunion.fr\/lyc-jean-hinglo\/wp-content\/uploads\/sites\/62\/2024\/12\/diffusion-Erasmus-days-2024_page-0009-scaled.jpg 2560w, https:\/\/etab.ac-reunion.fr\/lyc-jean-hinglo\/wp-content\/uploads\/sites\/62\/2024\/12\/diffusion-Erasmus-days-2024_page-0009-300x169.jpg 300w, https:\/\/etab.ac-reunion.fr\/lyc-jean-hinglo\/wp-content\/uploads\/sites\/62\/2024\/12\/diffusion-Erasmus-days-2024_page-0009-1024x576.jpg 1024w, https:\/\/etab.ac-reunion.fr\/lyc-jean-hinglo\/wp-content\/uploads\/sites\/62\/2024\/12\/diffusion-Erasmus-days-2024_page-0009-768x432.jpg 768w, https:\/\/etab.ac-reunion.fr\/lyc-jean-hinglo\/wp-content\/uploads\/sites\/62\/2024\/12\/diffusion-Erasmus-days-2024_page-0009-1536x864.jpg 1536w, https:\/\/etab.ac-reunion.fr\/lyc-jean-hinglo\/wp-content\/uploads\/sites\/62\/2024\/12\/diffusion-Erasmus-days-2024_page-0009-2048x1152.jpg 2048w\" sizes=\"auto, (max-width: 2560px) 100vw, 2560px\" \/><\/a> <a href=\"https:\/\/etab.ac-reunion.fr\/lyc-jean-hinglo\/wp-content\/uploads\/sites\/62\/2024\/12\/diffusion-Erasmus-days-2024_page-0010-scaled.jpg\"><img loading=\"lazy\" decoding=\"async\" class=\"alignnone size-full wp-image-12159\" src=\"https:\/\/etab.ac-reunion.fr\/lyc-jean-hinglo\/wp-content\/uploads\/sites\/62\/2024\/12\/diffusion-Erasmus-days-2024_page-0010-scaled.jpg\" alt=\"\" width=\"2560\" height=\"1440\" srcset=\"https:\/\/etab.ac-reunion.fr\/lyc-jean-hinglo\/wp-content\/uploads\/sites\/62\/2024\/12\/diffusion-Erasmus-days-2024_page-0010-scaled.jpg 2560w, https:\/\/etab.ac-reunion.fr\/lyc-jean-hinglo\/wp-content\/uploads\/sites\/62\/2024\/12\/diffusion-Erasmus-days-2024_page-0010-300x169.jpg 300w, https:\/\/etab.ac-reunion.fr\/lyc-jean-hinglo\/wp-content\/uploads\/sites\/62\/2024\/12\/diffusion-Erasmus-days-2024_page-0010-1024x576.jpg 1024w, https:\/\/etab.ac-reunion.fr\/lyc-jean-hinglo\/wp-content\/uploads\/sites\/62\/2024\/12\/diffusion-Erasmus-days-2024_page-0010-768x432.jpg 768w, https:\/\/etab.ac-reunion.fr\/lyc-jean-hinglo\/wp-content\/uploads\/sites\/62\/2024\/12\/diffusion-Erasmus-days-2024_page-0010-1536x864.jpg 1536w, https:\/\/etab.ac-reunion.fr\/lyc-jean-hinglo\/wp-content\/uploads\/sites\/62\/2024\/12\/diffusion-Erasmus-days-2024_page-0010-2048x1152.jpg 2048w\" sizes=\"auto, (max-width: 2560px) 100vw, 2560px\" \/><\/a> <a href=\"https:\/\/etab.ac-reunion.fr\/lyc-jean-hinglo\/wp-content\/uploads\/sites\/62\/2024\/12\/diffusion-Erasmus-days-2024_page-0011-scaled.jpg\"><img loading=\"lazy\" decoding=\"async\" class=\"alignnone size-full wp-image-12160\" src=\"https:\/\/etab.ac-reunion.fr\/lyc-jean-hinglo\/wp-content\/uploads\/sites\/62\/2024\/12\/diffusion-Erasmus-days-2024_page-0011-scaled.jpg\" alt=\"\" width=\"2560\" height=\"1440\" srcset=\"https:\/\/etab.ac-reunion.fr\/lyc-jean-hinglo\/wp-content\/uploads\/sites\/62\/2024\/12\/diffusion-Erasmus-days-2024_page-0011-scaled.jpg 2560w, https:\/\/etab.ac-reunion.fr\/lyc-jean-hinglo\/wp-content\/uploads\/sites\/62\/2024\/12\/diffusion-Erasmus-days-2024_page-0011-300x169.jpg 300w, https:\/\/etab.ac-reunion.fr\/lyc-jean-hinglo\/wp-content\/uploads\/sites\/62\/2024\/12\/diffusion-Erasmus-days-2024_page-0011-1024x576.jpg 1024w, https:\/\/etab.ac-reunion.fr\/lyc-jean-hinglo\/wp-content\/uploads\/sites\/62\/2024\/12\/diffusion-Erasmus-days-2024_page-0011-768x432.jpg 768w, https:\/\/etab.ac-reunion.fr\/lyc-jean-hinglo\/wp-content\/uploads\/sites\/62\/2024\/12\/diffusion-Erasmus-days-2024_page-0011-1536x864.jpg 1536w, https:\/\/etab.ac-reunion.fr\/lyc-jean-hinglo\/wp-content\/uploads\/sites\/62\/2024\/12\/diffusion-Erasmus-days-2024_page-0011-2048x1152.jpg 2048w\" sizes=\"auto, (max-width: 2560px) 100vw, 2560px\" \/><\/a> <a href=\"https:\/\/etab.ac-reunion.fr\/lyc-jean-hinglo\/wp-content\/uploads\/sites\/62\/2024\/12\/diffusion-Erasmus-days-2024_page-0012-scaled.jpg\"><img loading=\"lazy\" decoding=\"async\" class=\"alignnone size-full wp-image-12161\" src=\"https:\/\/etab.ac-reunion.fr\/lyc-jean-hinglo\/wp-content\/uploads\/sites\/62\/2024\/12\/diffusion-Erasmus-days-2024_page-0012-scaled.jpg\" alt=\"\" width=\"2560\" height=\"1440\" srcset=\"https:\/\/etab.ac-reunion.fr\/lyc-jean-hinglo\/wp-content\/uploads\/sites\/62\/2024\/12\/diffusion-Erasmus-days-2024_page-0012-scaled.jpg 2560w, https:\/\/etab.ac-reunion.fr\/lyc-jean-hinglo\/wp-content\/uploads\/sites\/62\/2024\/12\/diffusion-Erasmus-days-2024_page-0012-300x169.jpg 300w, https:\/\/etab.ac-reunion.fr\/lyc-jean-hinglo\/wp-content\/uploads\/sites\/62\/2024\/12\/diffusion-Erasmus-days-2024_page-0012-1024x576.jpg 1024w, https:\/\/etab.ac-reunion.fr\/lyc-jean-hinglo\/wp-content\/uploads\/sites\/62\/2024\/12\/diffusion-Erasmus-days-2024_page-0012-768x432.jpg 768w, https:\/\/etab.ac-reunion.fr\/lyc-jean-hinglo\/wp-content\/uploads\/sites\/62\/2024\/12\/diffusion-Erasmus-days-2024_page-0012-1536x864.jpg 1536w, https:\/\/etab.ac-reunion.fr\/lyc-jean-hinglo\/wp-content\/uploads\/sites\/62\/2024\/12\/diffusion-Erasmus-days-2024_page-0012-2048x1152.jpg 2048w\" sizes=\"auto, (max-width: 2560px) 100vw, 2560px\" \/><\/a> <a href=\"https:\/\/etab.ac-reunion.fr\/lyc-jean-hinglo\/wp-content\/uploads\/sites\/62\/2024\/12\/diffusion-Erasmus-days-2024_page-0013-scaled.jpg\"><img loading=\"lazy\" decoding=\"async\" class=\"alignnone size-full wp-image-12162\" src=\"https:\/\/etab.ac-reunion.fr\/lyc-jean-hinglo\/wp-content\/uploads\/sites\/62\/2024\/12\/diffusion-Erasmus-days-2024_page-0013-scaled.jpg\" alt=\"\" width=\"2560\" height=\"1440\" srcset=\"https:\/\/etab.ac-reunion.fr\/lyc-jean-hinglo\/wp-content\/uploads\/sites\/62\/2024\/12\/diffusion-Erasmus-days-2024_page-0013-scaled.jpg 2560w, https:\/\/etab.ac-reunion.fr\/lyc-jean-hinglo\/wp-content\/uploads\/sites\/62\/2024\/12\/diffusion-Erasmus-days-2024_page-0013-300x169.jpg 300w, https:\/\/etab.ac-reunion.fr\/lyc-jean-hinglo\/wp-content\/uploads\/sites\/62\/2024\/12\/diffusion-Erasmus-days-2024_page-0013-1024x576.jpg 1024w, https:\/\/etab.ac-reunion.fr\/lyc-jean-hinglo\/wp-content\/uploads\/sites\/62\/2024\/12\/diffusion-Erasmus-days-2024_page-0013-768x432.jpg 768w, https:\/\/etab.ac-reunion.fr\/lyc-jean-hinglo\/wp-content\/uploads\/sites\/62\/2024\/12\/diffusion-Erasmus-days-2024_page-0013-1536x864.jpg 1536w, https:\/\/etab.ac-reunion.fr\/lyc-jean-hinglo\/wp-content\/uploads\/sites\/62\/2024\/12\/diffusion-Erasmus-days-2024_page-0013-2048x1152.jpg 2048w\" sizes=\"auto, (max-width: 2560px) 100vw, 2560px\" \/><\/a> <a href=\"https:\/\/etab.ac-reunion.fr\/lyc-jean-hinglo\/wp-content\/uploads\/sites\/62\/2024\/12\/diffusion-Erasmus-days-2024_page-0014-scaled.jpg\"><img loading=\"lazy\" decoding=\"async\" class=\"alignnone size-full wp-image-12163\" src=\"https:\/\/etab.ac-reunion.fr\/lyc-jean-hinglo\/wp-content\/uploads\/sites\/62\/2024\/12\/diffusion-Erasmus-days-2024_page-0014-scaled.jpg\" alt=\"\" width=\"2560\" height=\"1440\" srcset=\"https:\/\/etab.ac-reunion.fr\/lyc-jean-hinglo\/wp-content\/uploads\/sites\/62\/2024\/12\/diffusion-Erasmus-days-2024_page-0014-scaled.jpg 2560w, https:\/\/etab.ac-reunion.fr\/lyc-jean-hinglo\/wp-content\/uploads\/sites\/62\/2024\/12\/diffusion-Erasmus-days-2024_page-0014-300x169.jpg 300w, https:\/\/etab.ac-reunion.fr\/lyc-jean-hinglo\/wp-content\/uploads\/sites\/62\/2024\/12\/diffusion-Erasmus-days-2024_page-0014-1024x576.jpg 1024w, https:\/\/etab.ac-reunion.fr\/lyc-jean-hinglo\/wp-content\/uploads\/sites\/62\/2024\/12\/diffusion-Erasmus-days-2024_page-0014-768x432.jpg 768w, https:\/\/etab.ac-reunion.fr\/lyc-jean-hinglo\/wp-content\/uploads\/sites\/62\/2024\/12\/diffusion-Erasmus-days-2024_page-0014-1536x864.jpg 1536w, https:\/\/etab.ac-reunion.fr\/lyc-jean-hinglo\/wp-content\/uploads\/sites\/62\/2024\/12\/diffusion-Erasmus-days-2024_page-0014-2048x1152.jpg 2048w\" sizes=\"auto, (max-width: 2560px) 100vw, 2560px\" \/><\/a> <a href=\"https:\/\/etab.ac-reunion.fr\/lyc-jean-hinglo\/wp-content\/uploads\/sites\/62\/2024\/12\/diffusion-Erasmus-days-2024_page-0015-scaled.jpg\"><img loading=\"lazy\" decoding=\"async\" class=\"alignnone size-full wp-image-12164\" src=\"https:\/\/etab.ac-reunion.fr\/lyc-jean-hinglo\/wp-content\/uploads\/sites\/62\/2024\/12\/diffusion-Erasmus-days-2024_page-0015-scaled.jpg\" alt=\"\" width=\"2560\" height=\"1440\" srcset=\"https:\/\/etab.ac-reunion.fr\/lyc-jean-hinglo\/wp-content\/uploads\/sites\/62\/2024\/12\/diffusion-Erasmus-days-2024_page-0015-scaled.jpg 2560w, https:\/\/etab.ac-reunion.fr\/lyc-jean-hinglo\/wp-content\/uploads\/sites\/62\/2024\/12\/diffusion-Erasmus-days-2024_page-0015-300x169.jpg 300w, https:\/\/etab.ac-reunion.fr\/lyc-jean-hinglo\/wp-content\/uploads\/sites\/62\/2024\/12\/diffusion-Erasmus-days-2024_page-0015-1024x576.jpg 1024w, https:\/\/etab.ac-reunion.fr\/lyc-jean-hinglo\/wp-content\/uploads\/sites\/62\/2024\/12\/diffusion-Erasmus-days-2024_page-0015-768x432.jpg 768w, https:\/\/etab.ac-reunion.fr\/lyc-jean-hinglo\/wp-content\/uploads\/sites\/62\/2024\/12\/diffusion-Erasmus-days-2024_page-0015-1536x864.jpg 1536w, https:\/\/etab.ac-reunion.fr\/lyc-jean-hinglo\/wp-content\/uploads\/sites\/62\/2024\/12\/diffusion-Erasmus-days-2024_page-0015-2048x1152.jpg 2048w\" sizes=\"auto, (max-width: 2560px) 100vw, 2560px\" \/><\/a> <a href=\"https:\/\/etab.ac-reunion.fr\/lyc-jean-hinglo\/wp-content\/uploads\/sites\/62\/2024\/12\/diffusion-Erasmus-days-2024_page-0016-scaled.jpg\"><img loading=\"lazy\" decoding=\"async\" class=\"alignnone size-full wp-image-12165\" src=\"https:\/\/etab.ac-reunion.fr\/lyc-jean-hinglo\/wp-content\/uploads\/sites\/62\/2024\/12\/diffusion-Erasmus-days-2024_page-0016-scaled.jpg\" alt=\"\" width=\"2560\" height=\"1440\" srcset=\"https:\/\/etab.ac-reunion.fr\/lyc-jean-hinglo\/wp-content\/uploads\/sites\/62\/2024\/12\/diffusion-Erasmus-days-2024_page-0016-scaled.jpg 2560w, https:\/\/etab.ac-reunion.fr\/lyc-jean-hinglo\/wp-content\/uploads\/sites\/62\/2024\/12\/diffusion-Erasmus-days-2024_page-0016-300x169.jpg 300w, https:\/\/etab.ac-reunion.fr\/lyc-jean-hinglo\/wp-content\/uploads\/sites\/62\/2024\/12\/diffusion-Erasmus-days-2024_page-0016-1024x576.jpg 1024w, https:\/\/etab.ac-reunion.fr\/lyc-jean-hinglo\/wp-content\/uploads\/sites\/62\/2024\/12\/diffusion-Erasmus-days-2024_page-0016-768x432.jpg 768w, https:\/\/etab.ac-reunion.fr\/lyc-jean-hinglo\/wp-content\/uploads\/sites\/62\/2024\/12\/diffusion-Erasmus-days-2024_page-0016-1536x864.jpg 1536w, https:\/\/etab.ac-reunion.fr\/lyc-jean-hinglo\/wp-content\/uploads\/sites\/62\/2024\/12\/diffusion-Erasmus-days-2024_page-0016-2048x1152.jpg 2048w\" sizes=\"auto, (max-width: 2560px) 100vw, 2560px\" \/><\/a> <a href=\"https:\/\/etab.ac-reunion.fr\/lyc-jean-hinglo\/wp-content\/uploads\/sites\/62\/2024\/12\/diffusion-Erasmus-days-2024_page-0017-scaled.jpg\"><img loading=\"lazy\" decoding=\"async\" class=\"alignnone size-full wp-image-12166\" src=\"https:\/\/etab.ac-reunion.fr\/lyc-jean-hinglo\/wp-content\/uploads\/sites\/62\/2024\/12\/diffusion-Erasmus-days-2024_page-0017-scaled.jpg\" alt=\"\" width=\"2560\" height=\"1440\" srcset=\"https:\/\/etab.ac-reunion.fr\/lyc-jean-hinglo\/wp-content\/uploads\/sites\/62\/2024\/12\/diffusion-Erasmus-days-2024_page-0017-scaled.jpg 2560w, https:\/\/etab.ac-reunion.fr\/lyc-jean-hinglo\/wp-content\/uploads\/sites\/62\/2024\/12\/diffusion-Erasmus-days-2024_page-0017-300x169.jpg 300w, https:\/\/etab.ac-reunion.fr\/lyc-jean-hinglo\/wp-content\/uploads\/sites\/62\/2024\/12\/diffusion-Erasmus-days-2024_page-0017-1024x576.jpg 1024w, https:\/\/etab.ac-reunion.fr\/lyc-jean-hinglo\/wp-content\/uploads\/sites\/62\/2024\/12\/diffusion-Erasmus-days-2024_page-0017-768x432.jpg 768w, https:\/\/etab.ac-reunion.fr\/lyc-jean-hinglo\/wp-content\/uploads\/sites\/62\/2024\/12\/diffusion-Erasmus-days-2024_page-0017-1536x864.jpg 1536w, https:\/\/etab.ac-reunion.fr\/lyc-jean-hinglo\/wp-content\/uploads\/sites\/62\/2024\/12\/diffusion-Erasmus-days-2024_page-0017-2048x1152.jpg 2048w\" sizes=\"auto, (max-width: 2560px) 100vw, 2560px\" \/><\/a> <a href=\"https:\/\/etab.ac-reunion.fr\/lyc-jean-hinglo\/wp-content\/uploads\/sites\/62\/2024\/12\/diffusion-Erasmus-days-2024_page-0018-scaled.jpg\"><img loading=\"lazy\" decoding=\"async\" class=\"alignnone size-full wp-image-12167\" src=\"https:\/\/etab.ac-reunion.fr\/lyc-jean-hinglo\/wp-content\/uploads\/sites\/62\/2024\/12\/diffusion-Erasmus-days-2024_page-0018-scaled.jpg\" alt=\"\" width=\"2560\" height=\"1440\" srcset=\"https:\/\/etab.ac-reunion.fr\/lyc-jean-hinglo\/wp-content\/uploads\/sites\/62\/2024\/12\/diffusion-Erasmus-days-2024_page-0018-scaled.jpg 2560w, https:\/\/etab.ac-reunion.fr\/lyc-jean-hinglo\/wp-content\/uploads\/sites\/62\/2024\/12\/diffusion-Erasmus-days-2024_page-0018-300x169.jpg 300w, https:\/\/etab.ac-reunion.fr\/lyc-jean-hinglo\/wp-content\/uploads\/sites\/62\/2024\/12\/diffusion-Erasmus-days-2024_page-0018-1024x576.jpg 1024w, https:\/\/etab.ac-reunion.fr\/lyc-jean-hinglo\/wp-content\/uploads\/sites\/62\/2024\/12\/diffusion-Erasmus-days-2024_page-0018-768x432.jpg 768w, https:\/\/etab.ac-reunion.fr\/lyc-jean-hinglo\/wp-content\/uploads\/sites\/62\/2024\/12\/diffusion-Erasmus-days-2024_page-0018-1536x864.jpg 1536w, https:\/\/etab.ac-reunion.fr\/lyc-jean-hinglo\/wp-content\/uploads\/sites\/62\/2024\/12\/diffusion-Erasmus-days-2024_page-0018-2048x1152.jpg 2048w\" sizes=\"auto, (max-width: 2560px) 100vw, 2560px\" \/><\/a> <a href=\"https:\/\/etab.ac-reunion.fr\/lyc-jean-hinglo\/wp-content\/uploads\/sites\/62\/2024\/12\/diffusion-Erasmus-days-2024_page-0019-scaled.jpg\"><img loading=\"lazy\" decoding=\"async\" class=\"alignnone size-full wp-image-12168\" src=\"https:\/\/etab.ac-reunion.fr\/lyc-jean-hinglo\/wp-content\/uploads\/sites\/62\/2024\/12\/diffusion-Erasmus-days-2024_page-0019-scaled.jpg\" alt=\"\" width=\"2560\" height=\"1440\" srcset=\"https:\/\/etab.ac-reunion.fr\/lyc-jean-hinglo\/wp-content\/uploads\/sites\/62\/2024\/12\/diffusion-Erasmus-days-2024_page-0019-scaled.jpg 2560w, https:\/\/etab.ac-reunion.fr\/lyc-jean-hinglo\/wp-content\/uploads\/sites\/62\/2024\/12\/diffusion-Erasmus-days-2024_page-0019-300x169.jpg 300w, https:\/\/etab.ac-reunion.fr\/lyc-jean-hinglo\/wp-content\/uploads\/sites\/62\/2024\/12\/diffusion-Erasmus-days-2024_page-0019-1024x576.jpg 1024w, https:\/\/etab.ac-reunion.fr\/lyc-jean-hinglo\/wp-content\/uploads\/sites\/62\/2024\/12\/diffusion-Erasmus-days-2024_page-0019-768x432.jpg 768w, https:\/\/etab.ac-reunion.fr\/lyc-jean-hinglo\/wp-content\/uploads\/sites\/62\/2024\/12\/diffusion-Erasmus-days-2024_page-0019-1536x864.jpg 1536w, https:\/\/etab.ac-reunion.fr\/lyc-jean-hinglo\/wp-content\/uploads\/sites\/62\/2024\/12\/diffusion-Erasmus-days-2024_page-0019-2048x1152.jpg 2048w\" sizes=\"auto, (max-width: 2560px) 100vw, 2560px\" \/><\/a> <a href=\"https:\/\/etab.ac-reunion.fr\/lyc-jean-hinglo\/wp-content\/uploads\/sites\/62\/2024\/12\/diffusion-Erasmus-days-2024_page-0020-scaled.jpg\"><img loading=\"lazy\" decoding=\"async\" class=\"alignnone size-full wp-image-12169\" src=\"https:\/\/etab.ac-reunion.fr\/lyc-jean-hinglo\/wp-content\/uploads\/sites\/62\/2024\/12\/diffusion-Erasmus-days-2024_page-0020-scaled.jpg\" alt=\"\" width=\"2560\" height=\"1440\" srcset=\"https:\/\/etab.ac-reunion.fr\/lyc-jean-hinglo\/wp-content\/uploads\/sites\/62\/2024\/12\/diffusion-Erasmus-days-2024_page-0020-scaled.jpg 2560w, https:\/\/etab.ac-reunion.fr\/lyc-jean-hinglo\/wp-content\/uploads\/sites\/62\/2024\/12\/diffusion-Erasmus-days-2024_page-0020-300x169.jpg 300w, https:\/\/etab.ac-reunion.fr\/lyc-jean-hinglo\/wp-content\/uploads\/sites\/62\/2024\/12\/diffusion-Erasmus-days-2024_page-0020-1024x576.jpg 1024w, https:\/\/etab.ac-reunion.fr\/lyc-jean-hinglo\/wp-content\/uploads\/sites\/62\/2024\/12\/diffusion-Erasmus-days-2024_page-0020-768x432.jpg 768w, https:\/\/etab.ac-reunion.fr\/lyc-jean-hinglo\/wp-content\/uploads\/sites\/62\/2024\/12\/diffusion-Erasmus-days-2024_page-0020-1536x864.jpg 1536w, https:\/\/etab.ac-reunion.fr\/lyc-jean-hinglo\/wp-content\/uploads\/sites\/62\/2024\/12\/diffusion-Erasmus-days-2024_page-0020-2048x1152.jpg 2048w\" sizes=\"auto, (max-width: 2560px) 100vw, 2560px\" \/><\/a> <a href=\"https:\/\/etab.ac-reunion.fr\/lyc-jean-hinglo\/wp-content\/uploads\/sites\/62\/2024\/12\/diffusion-Erasmus-days-2024_page-0021-scaled.jpg\"><img loading=\"lazy\" decoding=\"async\" class=\"alignnone size-full wp-image-12170\" src=\"https:\/\/etab.ac-reunion.fr\/lyc-jean-hinglo\/wp-content\/uploads\/sites\/62\/2024\/12\/diffusion-Erasmus-days-2024_page-0021-scaled.jpg\" alt=\"\" width=\"2560\" height=\"1440\" srcset=\"https:\/\/etab.ac-reunion.fr\/lyc-jean-hinglo\/wp-content\/uploads\/sites\/62\/2024\/12\/diffusion-Erasmus-days-2024_page-0021-scaled.jpg 2560w, https:\/\/etab.ac-reunion.fr\/lyc-jean-hinglo\/wp-content\/uploads\/sites\/62\/2024\/12\/diffusion-Erasmus-days-2024_page-0021-300x169.jpg 300w, https:\/\/etab.ac-reunion.fr\/lyc-jean-hinglo\/wp-content\/uploads\/sites\/62\/2024\/12\/diffusion-Erasmus-days-2024_page-0021-1024x576.jpg 1024w, https:\/\/etab.ac-reunion.fr\/lyc-jean-hinglo\/wp-content\/uploads\/sites\/62\/2024\/12\/diffusion-Erasmus-days-2024_page-0021-768x432.jpg 768w, https:\/\/etab.ac-reunion.fr\/lyc-jean-hinglo\/wp-content\/uploads\/sites\/62\/2024\/12\/diffusion-Erasmus-days-2024_page-0021-1536x864.jpg 1536w, https:\/\/etab.ac-reunion.fr\/lyc-jean-hinglo\/wp-content\/uploads\/sites\/62\/2024\/12\/diffusion-Erasmus-days-2024_page-0021-2048x1152.jpg 2048w\" sizes=\"auto, (max-width: 2560px) 100vw, 2560px\" \/><\/a> <a href=\"https:\/\/etab.ac-reunion.fr\/lyc-jean-hinglo\/wp-content\/uploads\/sites\/62\/2024\/12\/diffusion-Erasmus-days-2024_page-0022-scaled.jpg\"><img loading=\"lazy\" decoding=\"async\" class=\"alignnone size-full wp-image-12171\" src=\"https:\/\/etab.ac-reunion.fr\/lyc-jean-hinglo\/wp-content\/uploads\/sites\/62\/2024\/12\/diffusion-Erasmus-days-2024_page-0022-scaled.jpg\" alt=\"\" width=\"2560\" height=\"1440\" srcset=\"https:\/\/etab.ac-reunion.fr\/lyc-jean-hinglo\/wp-content\/uploads\/sites\/62\/2024\/12\/diffusion-Erasmus-days-2024_page-0022-scaled.jpg 2560w, https:\/\/etab.ac-reunion.fr\/lyc-jean-hinglo\/wp-content\/uploads\/sites\/62\/2024\/12\/diffusion-Erasmus-days-2024_page-0022-300x169.jpg 300w, https:\/\/etab.ac-reunion.fr\/lyc-jean-hinglo\/wp-content\/uploads\/sites\/62\/2024\/12\/diffusion-Erasmus-days-2024_page-0022-1024x576.jpg 1024w, https:\/\/etab.ac-reunion.fr\/lyc-jean-hinglo\/wp-content\/uploads\/sites\/62\/2024\/12\/diffusion-Erasmus-days-2024_page-0022-768x432.jpg 768w, https:\/\/etab.ac-reunion.fr\/lyc-jean-hinglo\/wp-content\/uploads\/sites\/62\/2024\/12\/diffusion-Erasmus-days-2024_page-0022-1536x864.jpg 1536w, https:\/\/etab.ac-reunion.fr\/lyc-jean-hinglo\/wp-content\/uploads\/sites\/62\/2024\/12\/diffusion-Erasmus-days-2024_page-0022-2048x1152.jpg 2048w\" sizes=\"auto, (max-width: 2560px) 100vw, 2560px\" \/><\/a><\/div>\n<div><\/div>\n<div><\/div>\n","protected":false},"excerpt":{"rendered":"<p>Le mercredi 27 novembre 2024, le Lyc\u00e9e Polyvalent Jean Hinglo a particip\u00e9 \u00e0 l&rsquo;\u00e9v\u00e9nement europ\u00e9en Erasmus Days\u00a0d\u00e9di\u00e9 \u00e0 la promotion du programme Erasmus+. Il a permis d&rsquo;impliquer les apprenants et [&hellip;]<\/p>\n","protected":false},"author":29209,"featured_media":12151,"comment_status":"closed","ping_status":"closed","sticky":false,"template":"","format":"video","meta":{"_EventAllDay":false,"_EventTimezone":"","_EventStartDate":"","_EventEndDate":"","_EventStartDateUTC":"","_EventEndDateUTC":"","_EventShowMap":false,"_EventShowMapLink":false,"_EventURL":"","_EventCost":"","_EventCostDescription":"","_EventCurrencySymbol":"","_EventCurrencyCode":"","_EventCurrencyPosition":"","_EventDateTimeSeparator":"","_EventTimeRangeSeparator":"","_EventOrganizerID":[],"_EventVenueID":[],"_OrganizerEmail":"","_OrganizerPhone":"","_OrganizerWebsite":"","_VenueAddress":"","_VenueCity":"","_VenueCountry":"","_VenueProvince":"","_VenueState":"","_VenueZip":"","_VenuePhone":"","_VenueURL":"","_VenueStateProvince":"","_VenueLat":"","_VenueLng":"","_VenueShowMap":false,"_VenueShowMapLink":false,"footnotes":""},"categories":[9,109,150,112],"tags":[],"class_list":["post-12150","post","type-post","status-publish","format-video","has-post-thumbnail","hentry","category-actualites","category-erasmus","category-erasmus-lpo","category-international","post_format-post-format-video"],"_links":{"self":[{"href":"https:\/\/etab.ac-reunion.fr\/lyc-jean-hinglo\/wp-json\/wp\/v2\/posts\/12150","targetHints":{"allow":["GET"]}}],"collection":[{"href":"https:\/\/etab.ac-reunion.fr\/lyc-jean-hinglo\/wp-json\/wp\/v2\/posts"}],"about":[{"href":"https:\/\/etab.ac-reunion.fr\/lyc-jean-hinglo\/wp-json\/wp\/v2\/types\/post"}],"author":[{"embeddable":true,"href":"https:\/\/etab.ac-reunion.fr\/lyc-jean-hinglo\/wp-json\/wp\/v2\/users\/29209"}],"replies":[{"embeddable":true,"href":"https:\/\/etab.ac-reunion.fr\/lyc-jean-hinglo\/wp-json\/wp\/v2\/comments?post=12150"}],"version-history":[{"count":6,"href":"https:\/\/etab.ac-reunion.fr\/lyc-jean-hinglo\/wp-json\/wp\/v2\/posts\/12150\/revisions"}],"predecessor-version":[{"id":12180,"href":"https:\/\/etab.ac-reunion.fr\/lyc-jean-hinglo\/wp-json\/wp\/v2\/posts\/12150\/revisions\/12180"}],"wp:featuredmedia":[{"embeddable":true,"href":"https:\/\/etab.ac-reunion.fr\/lyc-jean-hinglo\/wp-json\/wp\/v2\/media\/12151"}],"wp:attachment":[{"href":"https:\/\/etab.ac-reunion.fr\/lyc-jean-hinglo\/wp-json\/wp\/v2\/media?parent=12150"}],"wp:term":[{"taxonomy":"category","embeddable":true,"href":"https:\/\/etab.ac-reunion.fr\/lyc-jean-hinglo\/wp-json\/wp\/v2\/categories?post=12150"},{"taxonomy":"post_tag","embeddable":true,"href":"https:\/\/etab.ac-reunion.fr\/lyc-jean-hinglo\/wp-json\/wp\/v2\/tags?post=12150"}],"curies":[{"name":"wp","href":"https:\/\/api.w.org\/{rel}","templated":true}]}}