{"id":141,"date":"2016-10-31T06:23:49","date_gmt":"2016-10-31T02:23:49","guid":{"rendered":"http:\/\/lycee-jhinglo.ac-reunion.fr\/?p=141"},"modified":"2020-09-06T15:02:01","modified_gmt":"2020-09-06T11:02:01","slug":"lyceens-et-apprentis-au-cinema","status":"publish","type":"post","link":"https:\/\/etab.ac-reunion.fr\/lyc-jean-hinglo\/2016\/10\/31\/lyceens-et-apprentis-au-cinema\/","title":{"rendered":"Lyc\u00e9ens et apprentis au cinema"},"content":{"rendered":"<p><a href=\"https:\/\/etab.ac-reunion.fr\/lyc-jean-hinglo\/2014\/04\/30\/la-programmation-2013-2014\/filmstrip-92140-pixabayweb\/\" rel=\"attachment wp-att-535\"><img loading=\"lazy\" decoding=\"async\" class=\"alignleft wp-image-535 size-medium\" src=\"https:\/\/etab.ac-reunion.fr\/lyc-jean-hinglo\/wp-content\/uploads\/sites\/62\/2014\/04\/filmstrip-92140-PixabayWeb-300x219.jpg\" alt=\"filmstrip-92140-PixabayWeb\" width=\"300\" height=\"219\" srcset=\"https:\/\/etab.ac-reunion.fr\/lyc-jean-hinglo\/wp-content\/uploads\/sites\/62\/2014\/04\/filmstrip-92140-PixabayWeb-300x219.jpg 300w, https:\/\/etab.ac-reunion.fr\/lyc-jean-hinglo\/wp-content\/uploads\/sites\/62\/2014\/04\/filmstrip-92140-PixabayWeb-578x420.jpg 578w, https:\/\/etab.ac-reunion.fr\/lyc-jean-hinglo\/wp-content\/uploads\/sites\/62\/2014\/04\/filmstrip-92140-PixabayWeb.jpg 580w\" sizes=\"auto, (max-width: 300px) 100vw, 300px\" \/><\/a>Monsieur Pascal Henry assume cette ann\u00e9e encore la charge du dispositif \u00a0&lsquo;Lyc\u00e9ens et apprentis au cin\u00e9ma&rsquo;. Monsieur Henry nous informe que la session 2016-2017 du dispositif \u00ab\u00a0Lyc\u00e9ens et apprentis au cin\u00e9ma\u00a0\u00bb d\u00e9marre. Elle s&rsquo;ouvre sur \u00ab\u00a0<a href=\"https:\/\/fr.m.wikipedia.org\/wiki\/Timbuktu_(film)\">Timbuktu<\/a>\u00ab\u00a0, un film r\u00e9alis\u00e9 par Abderrahmane SISSAKO en 2014. La projection aura lieu au Cin\u00e9 Cambaie le vendredi 25\/11 \u00e0 9 h 15.<br \/>\nSi vous souhaitez que vos classes assistent \u00e0 une projection, contactez monsieur Henry en indiquant le plus t\u00f4t possible la classe et le nombre d&rsquo;\u00e9l\u00e8ves concern\u00e9s.<\/p>\n","protected":false},"excerpt":{"rendered":"<p>Monsieur Pascal Henry assume cette ann\u00e9e encore la charge du dispositif \u00a0&lsquo;Lyc\u00e9ens et apprentis au cin\u00e9ma&rsquo;. Monsieur Henry nous informe que la session 2016-2017 du dispositif \u00ab\u00a0Lyc\u00e9ens et apprentis au [&hellip;]<\/p>\n","protected":false},"author":815,"featured_media":535,"comment_status":"closed","ping_status":"closed","sticky":false,"template":"","format":"standard","meta":{"_EventAllDay":false,"_EventTimezone":"","_EventStartDate":"","_EventEndDate":"","_EventStartDateUTC":"","_EventEndDateUTC":"","_EventShowMap":false,"_EventShowMapLink":false,"_EventURL":"","_EventCost":"","_EventCostDescription":"","_EventCurrencySymbol":"","_EventCurrencyCode":"","_EventCurrencyPosition":"","_EventDateTimeSeparator":"","_EventTimeRangeSeparator":"","_EventOrganizerID":[],"_EventVenueID":[],"_OrganizerEmail":"","_OrganizerPhone":"","_OrganizerWebsite":"","_VenueAddress":"","_VenueCity":"","_VenueCountry":"","_VenueProvince":"","_VenueState":"","_VenueZip":"","_VenuePhone":"","_VenueURL":"","_VenueStateProvince":"","_VenueLat":"","_VenueLng":"","_VenueShowMap":false,"_VenueShowMapLink":false,"footnotes":""},"categories":[20,60],"tags":[],"class_list":["post-141","post","type-post","status-publish","format-standard","has-post-thumbnail","hentry","category-culture","category-sorties-scolaires"],"_links":{"self":[{"href":"https:\/\/etab.ac-reunion.fr\/lyc-jean-hinglo\/wp-json\/wp\/v2\/posts\/141","targetHints":{"allow":["GET"]}}],"collection":[{"href":"https:\/\/etab.ac-reunion.fr\/lyc-jean-hinglo\/wp-json\/wp\/v2\/posts"}],"about":[{"href":"https:\/\/etab.ac-reunion.fr\/lyc-jean-hinglo\/wp-json\/wp\/v2\/types\/post"}],"author":[{"embeddable":true,"href":"https:\/\/etab.ac-reunion.fr\/lyc-jean-hinglo\/wp-json\/wp\/v2\/users\/815"}],"replies":[{"embeddable":true,"href":"https:\/\/etab.ac-reunion.fr\/lyc-jean-hinglo\/wp-json\/wp\/v2\/comments?post=141"}],"version-history":[{"count":10,"href":"https:\/\/etab.ac-reunion.fr\/lyc-jean-hinglo\/wp-json\/wp\/v2\/posts\/141\/revisions"}],"predecessor-version":[{"id":1749,"href":"https:\/\/etab.ac-reunion.fr\/lyc-jean-hinglo\/wp-json\/wp\/v2\/posts\/141\/revisions\/1749"}],"wp:featuredmedia":[{"embeddable":true,"href":"https:\/\/etab.ac-reunion.fr\/lyc-jean-hinglo\/wp-json\/wp\/v2\/media\/535"}],"wp:attachment":[{"href":"https:\/\/etab.ac-reunion.fr\/lyc-jean-hinglo\/wp-json\/wp\/v2\/media?parent=141"}],"wp:term":[{"taxonomy":"category","embeddable":true,"href":"https:\/\/etab.ac-reunion.fr\/lyc-jean-hinglo\/wp-json\/wp\/v2\/categories?post=141"},{"taxonomy":"post_tag","embeddable":true,"href":"https:\/\/etab.ac-reunion.fr\/lyc-jean-hinglo\/wp-json\/wp\/v2\/tags?post=141"}],"curies":[{"name":"wp","href":"https:\/\/api.w.org\/{rel}","templated":true}]}}