{"id":14207,"date":"2026-04-29T09:44:58","date_gmt":"2026-04-29T05:44:58","guid":{"rendered":"https:\/\/etab.ac-reunion.fr\/lyc-jean-hinglo\/?p=14207"},"modified":"2026-04-29T09:47:21","modified_gmt":"2026-04-29T05:47:21","slug":"lechange-franco-allemand-qui-a-reuni-500-germanistes-au-theatre-des-sables","status":"publish","type":"post","link":"https:\/\/etab.ac-reunion.fr\/lyc-jean-hinglo\/2026\/04\/29\/lechange-franco-allemand-qui-a-reuni-500-germanistes-au-theatre-des-sables\/","title":{"rendered":"L\u2019\u00e9change franco-allemand qui a r\u00e9uni 500 germanistes au Th\u00e9\u00e2tre des Sables"},"content":{"rendered":"","protected":false},"excerpt":{"rendered":"","protected":false},"author":29209,"featured_media":14218,"comment_status":"closed","ping_status":"closed","sticky":false,"template":"","format":"standard","meta":{"_EventAllDay":false,"_EventTimezone":"","_EventStartDate":"","_EventEndDate":"","_EventStartDateUTC":"","_EventEndDateUTC":"","_EventShowMap":false,"_EventShowMapLink":false,"_EventURL":"","_EventCost":"","_EventCostDescription":"","_EventCurrencySymbol":"","_EventCurrencyCode":"","_EventCurrencyPosition":"","_EventDateTimeSeparator":"","_EventTimeRangeSeparator":"","_EventOrganizerID":[],"_EventVenueID":[],"_OrganizerEmail":"","_OrganizerPhone":"","_OrganizerWebsite":"","_VenueAddress":"","_VenueCity":"","_VenueCountry":"","_VenueProvince":"","_VenueState":"","_VenueZip":"","_VenuePhone":"","_VenueURL":"","_VenueStateProvince":"","_VenueLat":"","_VenueLng":"","_VenueShowMap":false,"_VenueShowMapLink":false,"footnotes":""},"categories":[9,95,134,47,131,129,106],"tags":[],"class_list":["post-14207","post","type-post","status-publish","format-standard","has-post-thumbnail","hentry","category-actualites","category-allemand","category-langues-et-sections-europeennes","category-langues","category-parcours-artistique-et-culturel","category-parcours-et-projets","category-lveuro"],"_links":{"self":[{"href":"https:\/\/etab.ac-reunion.fr\/lyc-jean-hinglo\/wp-json\/wp\/v2\/posts\/14207","targetHints":{"allow":["GET"]}}],"collection":[{"href":"https:\/\/etab.ac-reunion.fr\/lyc-jean-hinglo\/wp-json\/wp\/v2\/posts"}],"about":[{"href":"https:\/\/etab.ac-reunion.fr\/lyc-jean-hinglo\/wp-json\/wp\/v2\/types\/post"}],"author":[{"embeddable":true,"href":"https:\/\/etab.ac-reunion.fr\/lyc-jean-hinglo\/wp-json\/wp\/v2\/users\/29209"}],"replies":[{"embeddable":true,"href":"https:\/\/etab.ac-reunion.fr\/lyc-jean-hinglo\/wp-json\/wp\/v2\/comments?post=14207"}],"version-history":[{"count":1,"href":"https:\/\/etab.ac-reunion.fr\/lyc-jean-hinglo\/wp-json\/wp\/v2\/posts\/14207\/revisions"}],"predecessor-version":[{"id":14219,"href":"https:\/\/etab.ac-reunion.fr\/lyc-jean-hinglo\/wp-json\/wp\/v2\/posts\/14207\/revisions\/14219"}],"wp:featuredmedia":[{"embeddable":true,"href":"https:\/\/etab.ac-reunion.fr\/lyc-jean-hinglo\/wp-json\/wp\/v2\/media\/14218"}],"wp:attachment":[{"href":"https:\/\/etab.ac-reunion.fr\/lyc-jean-hinglo\/wp-json\/wp\/v2\/media?parent=14207"}],"wp:term":[{"taxonomy":"category","embeddable":true,"href":"https:\/\/etab.ac-reunion.fr\/lyc-jean-hinglo\/wp-json\/wp\/v2\/categories?post=14207"},{"taxonomy":"post_tag","embeddable":true,"href":"https:\/\/etab.ac-reunion.fr\/lyc-jean-hinglo\/wp-json\/wp\/v2\/tags?post=14207"}],"curies":[{"name":"wp","href":"https:\/\/api.w.org\/{rel}","templated":true}]}}