{"id":312,"date":"2014-07-02T19:45:24","date_gmt":"2014-07-02T15:45:24","guid":{"rendered":"http:\/\/lycee-jhinglo.ac-reunion.fr\/?p=312"},"modified":"2014-07-27T12:39:06","modified_gmt":"2014-07-27T08:39:06","slug":"la-serie-technologique-stmg","status":"publish","type":"post","link":"https:\/\/etab.ac-reunion.fr\/lyc-jean-hinglo\/2014\/07\/02\/la-serie-technologique-stmg\/","title":{"rendered":"La s\u00e9rie technologique STMG"},"content":{"rendered":"<h2 style=\"color: #313131\"><a href=\"https:\/\/etab.ac-reunion.fr\/lyc-jean-hinglo\/2014\/07\/02\/la-serie-technologique-stmg\/unestmg\/\" rel=\"attachment wp-att-318\"><img loading=\"lazy\" decoding=\"async\" class=\"alignleft wp-image-318 size-medium\" src=\"https:\/\/etab.ac-reunion.fr\/lyc-jean-hinglo\/wp-content\/uploads\/sites\/62\/2014\/07\/UneStmg-300x219.jpg\" alt=\"UneStmg\" width=\"300\" height=\"219\" srcset=\"https:\/\/etab.ac-reunion.fr\/lyc-jean-hinglo\/wp-content\/uploads\/sites\/62\/2014\/07\/UneStmg-300x219.jpg 300w, https:\/\/etab.ac-reunion.fr\/lyc-jean-hinglo\/wp-content\/uploads\/sites\/62\/2014\/07\/UneStmg-578x420.jpg 578w, https:\/\/etab.ac-reunion.fr\/lyc-jean-hinglo\/wp-content\/uploads\/sites\/62\/2014\/07\/UneStmg.jpg 580w\" sizes=\"auto, (max-width: 300px) 100vw, 300px\" \/><\/a>Cette s\u00e9rie est pour vous si&#8230;<\/h2>\n<p style=\"color: #313131\">Vous vous int\u00e9ressez au fonctionnement des organisations, aux relations au travail, aux nouveaux usages du num\u00e9rique, au marketing, \u00e0 la recherche et la mesure de la performance, \u00e0 l&rsquo;analyse des d\u00e9cisions et \u00e0 l&rsquo;impact des strat\u00e9gies d&rsquo;entreprise.<\/p>\n<p style=\"color: #313131\">Attention: avant de vous engager vous devez comprendre l&rsquo;importance de l&rsquo;enseignement g\u00e9n\u00e9ral dans cette s\u00e9rie: ma\u00eetrise de l&rsquo;expression \u00e9crite et orale en fran\u00e7ais et en langues vivantes \u00e9trang\u00e8res, m\u00e9morisation des apports culturels de l&rsquo;histoire-g\u00e9ographie et\u00a0capacit\u00e9 \u00e0 assimiler\u00a0un enseignement adapt\u00e9 de math\u00e9matiques.<\/p>\n<h2 style=\"color: #313131\">Au cours de votre formation&#8230;<\/h2>\n<p style=\"color: #313131\">Vous\u00a0aborderez les grandes questions de la gestion des organisations, par exemple : le r\u00f4le du facteur humain, les diff\u00e9rentes approches de la valeur, l\u2019information et la communication bases de l\u2019intelligence collective, etc. Les enseignements sont organis\u00e9s en trois p\u00f4les:<\/p>\n<ul class=\"rond\" style=\"color: #000000\">\n<li>un\u00a0<b>p\u00f4le technologique<\/b>\u00a0commun en premi\u00e8re et en lien avec la sp\u00e9cialit\u00e9 choisie en terminale<\/li>\n<li>un\u00a0<b>p\u00f4le g\u00e9n\u00e9ral<\/b>\u00a0(fran\u00e7ais, maths, langues, histoire-g\u00e9ographie, philosophie et EPS)<\/li>\n<li>un\u00a0<b>p\u00f4le \u00e9conomie-droit et management des organisations<\/b>.<\/li>\n<\/ul>\n<p style=\"color: #313131\">Ce dernier p\u00f4le, articul\u00e9 avec le p\u00f4le technologique, donne les rep\u00e8res et les outils d&rsquo;analyse et d&rsquo;interpr\u00e9tation des logiques de fonctionnement des entreprises, des administrations, des associations. Au travers\u00a0de situations r\u00e9elles ou simul\u00e9e, vous vous livrerez \u00e0 une observation du fonctionnement, \u00e0 la mesure et \u00e0 l&rsquo;analyse des r\u00e9sultats avant leur interpr\u00e9tation et \u00e0 la pr\u00e9paration de d\u00e9cisions. Les enseignements sont mis en oeuvre au travers de la conduite d&rsquo;\u00e9tudes (en 1re) et de projets (en terminale).<\/p>\n<p style=\"color: #313131\"><em>Source: ONISEP<\/em><\/p>\n","protected":false},"excerpt":{"rendered":"<p>Cette s\u00e9rie est pour vous si&#8230; Vous vous int\u00e9ressez au fonctionnement des organisations, aux relations au travail, aux nouveaux usages du num\u00e9rique, au marketing, \u00e0 la recherche et la mesure [&hellip;]<\/p>\n","protected":false},"author":815,"featured_media":318,"comment_status":"open","ping_status":"open","sticky":false,"template":"","format":"standard","meta":{"_EventAllDay":false,"_EventTimezone":"","_EventStartDate":"","_EventEndDate":"","_EventStartDateUTC":"","_EventEndDateUTC":"","_EventShowMap":false,"_EventShowMapLink":false,"_EventURL":"","_EventCost":"","_EventCostDescription":"","_EventCurrencySymbol":"","_EventCurrencyCode":"","_EventCurrencyPosition":"","_EventDateTimeSeparator":"","_EventTimeRangeSeparator":"","_EventOrganizerID":[],"_EventVenueID":[],"_OrganizerEmail":"","_OrganizerPhone":"","_OrganizerWebsite":"","_VenueAddress":"","_VenueCity":"","_VenueCountry":"","_VenueProvince":"","_VenueState":"","_VenueZip":"","_VenuePhone":"","_VenueURL":"","_VenueStateProvince":"","_VenueLat":"","_VenueLng":"","_VenueShowMap":false,"_VenueShowMapLink":false,"footnotes":""},"categories":[22],"tags":[],"class_list":["post-312","post","type-post","status-publish","format-standard","has-post-thumbnail","hentry","category-enseignement-technologique"],"_links":{"self":[{"href":"https:\/\/etab.ac-reunion.fr\/lyc-jean-hinglo\/wp-json\/wp\/v2\/posts\/312","targetHints":{"allow":["GET"]}}],"collection":[{"href":"https:\/\/etab.ac-reunion.fr\/lyc-jean-hinglo\/wp-json\/wp\/v2\/posts"}],"about":[{"href":"https:\/\/etab.ac-reunion.fr\/lyc-jean-hinglo\/wp-json\/wp\/v2\/types\/post"}],"author":[{"embeddable":true,"href":"https:\/\/etab.ac-reunion.fr\/lyc-jean-hinglo\/wp-json\/wp\/v2\/users\/815"}],"replies":[{"embeddable":true,"href":"https:\/\/etab.ac-reunion.fr\/lyc-jean-hinglo\/wp-json\/wp\/v2\/comments?post=312"}],"version-history":[{"count":6,"href":"https:\/\/etab.ac-reunion.fr\/lyc-jean-hinglo\/wp-json\/wp\/v2\/posts\/312\/revisions"}],"predecessor-version":[{"id":410,"href":"https:\/\/etab.ac-reunion.fr\/lyc-jean-hinglo\/wp-json\/wp\/v2\/posts\/312\/revisions\/410"}],"wp:featuredmedia":[{"embeddable":true,"href":"https:\/\/etab.ac-reunion.fr\/lyc-jean-hinglo\/wp-json\/wp\/v2\/media\/318"}],"wp:attachment":[{"href":"https:\/\/etab.ac-reunion.fr\/lyc-jean-hinglo\/wp-json\/wp\/v2\/media?parent=312"}],"wp:term":[{"taxonomy":"category","embeddable":true,"href":"https:\/\/etab.ac-reunion.fr\/lyc-jean-hinglo\/wp-json\/wp\/v2\/categories?post=312"},{"taxonomy":"post_tag","embeddable":true,"href":"https:\/\/etab.ac-reunion.fr\/lyc-jean-hinglo\/wp-json\/wp\/v2\/tags?post=312"}],"curies":[{"name":"wp","href":"https:\/\/api.w.org\/{rel}","templated":true}]}}