{"id":5045,"date":"2020-08-15T14:07:22","date_gmt":"2020-08-15T10:07:22","guid":{"rendered":"http:\/\/lycee-jhinglo.ac-reunion.fr\/?p=5045"},"modified":"2020-10-26T19:30:40","modified_gmt":"2020-10-26T15:30:40","slug":"reunion-de-presentation-de-loption-cav-cinema-audio-visuel","status":"publish","type":"post","link":"https:\/\/etab.ac-reunion.fr\/lyc-jean-hinglo\/2020\/08\/15\/reunion-de-presentation-de-loption-cav-cinema-audio-visuel\/","title":{"rendered":"R\u00e9union de pr\u00e9sentation de l&rsquo;option CAV (Cin\u00e9ma Audio-Visuel)"},"content":{"rendered":"<p><img loading=\"lazy\" decoding=\"async\" class=\"aligncenter size-full wp-image-5044\" src=\"https:\/\/etab.ac-reunion.fr\/lyc-jean-hinglo\/wp-content\/uploads\/sites\/62\/2020\/08\/Re\u0301union-de-loption-CAV-pour-tous-les-e\u0301le\u0300ves-inscrits-rotated.jpg\" alt=\"\" width=\"1754\" height=\"1240\" srcset=\"https:\/\/etab.ac-reunion.fr\/lyc-jean-hinglo\/wp-content\/uploads\/sites\/62\/2020\/08\/Re\u0301union-de-loption-CAV-pour-tous-les-e\u0301le\u0300ves-inscrits-rotated.jpg 1754w, https:\/\/etab.ac-reunion.fr\/lyc-jean-hinglo\/wp-content\/uploads\/sites\/62\/2020\/08\/Re\u0301union-de-loption-CAV-pour-tous-les-e\u0301le\u0300ves-inscrits-300x212.jpg 300w, https:\/\/etab.ac-reunion.fr\/lyc-jean-hinglo\/wp-content\/uploads\/sites\/62\/2020\/08\/Re\u0301union-de-loption-CAV-pour-tous-les-e\u0301le\u0300ves-inscrits-1024x724.jpg 1024w, https:\/\/etab.ac-reunion.fr\/lyc-jean-hinglo\/wp-content\/uploads\/sites\/62\/2020\/08\/Re\u0301union-de-loption-CAV-pour-tous-les-e\u0301le\u0300ves-inscrits-768x543.jpg 768w, https:\/\/etab.ac-reunion.fr\/lyc-jean-hinglo\/wp-content\/uploads\/sites\/62\/2020\/08\/Re\u0301union-de-loption-CAV-pour-tous-les-e\u0301le\u0300ves-inscrits-1536x1086.jpg 1536w\" sizes=\"auto, (max-width: 1754px) 100vw, 1754px\" \/><\/p>\n","protected":false},"excerpt":{"rendered":"","protected":false},"author":24732,"featured_media":5044,"comment_status":"closed","ping_status":"closed","sticky":false,"template":"","format":"standard","meta":{"_EventAllDay":false,"_EventTimezone":"","_EventStartDate":"","_EventEndDate":"","_EventStartDateUTC":"","_EventEndDateUTC":"","_EventShowMap":false,"_EventShowMapLink":false,"_EventURL":"","_EventCost":"","_EventCostDescription":"","_EventCurrencySymbol":"","_EventCurrencyCode":"","_EventCurrencyPosition":"","_EventDateTimeSeparator":"","_EventTimeRangeSeparator":"","_EventOrganizerID":[],"_EventVenueID":[],"_OrganizerEmail":"","_OrganizerPhone":"","_OrganizerWebsite":"","_VenueAddress":"","_VenueCity":"","_VenueCountry":"","_VenueProvince":"","_VenueState":"","_VenueZip":"","_VenuePhone":"","_VenueURL":"","_VenueStateProvince":"","_VenueLat":"","_VenueLng":"","_VenueShowMap":false,"_VenueShowMapLink":false,"footnotes":""},"categories":[20],"tags":[],"class_list":["post-5045","post","type-post","status-publish","format-standard","has-post-thumbnail","hentry","category-culture"],"_links":{"self":[{"href":"https:\/\/etab.ac-reunion.fr\/lyc-jean-hinglo\/wp-json\/wp\/v2\/posts\/5045","targetHints":{"allow":["GET"]}}],"collection":[{"href":"https:\/\/etab.ac-reunion.fr\/lyc-jean-hinglo\/wp-json\/wp\/v2\/posts"}],"about":[{"href":"https:\/\/etab.ac-reunion.fr\/lyc-jean-hinglo\/wp-json\/wp\/v2\/types\/post"}],"author":[{"embeddable":true,"href":"https:\/\/etab.ac-reunion.fr\/lyc-jean-hinglo\/wp-json\/wp\/v2\/users\/24732"}],"replies":[{"embeddable":true,"href":"https:\/\/etab.ac-reunion.fr\/lyc-jean-hinglo\/wp-json\/wp\/v2\/comments?post=5045"}],"version-history":[{"count":1,"href":"https:\/\/etab.ac-reunion.fr\/lyc-jean-hinglo\/wp-json\/wp\/v2\/posts\/5045\/revisions"}],"predecessor-version":[{"id":5046,"href":"https:\/\/etab.ac-reunion.fr\/lyc-jean-hinglo\/wp-json\/wp\/v2\/posts\/5045\/revisions\/5046"}],"wp:featuredmedia":[{"embeddable":true,"href":"https:\/\/etab.ac-reunion.fr\/lyc-jean-hinglo\/wp-json\/wp\/v2\/media\/5044"}],"wp:attachment":[{"href":"https:\/\/etab.ac-reunion.fr\/lyc-jean-hinglo\/wp-json\/wp\/v2\/media?parent=5045"}],"wp:term":[{"taxonomy":"category","embeddable":true,"href":"https:\/\/etab.ac-reunion.fr\/lyc-jean-hinglo\/wp-json\/wp\/v2\/categories?post=5045"},{"taxonomy":"post_tag","embeddable":true,"href":"https:\/\/etab.ac-reunion.fr\/lyc-jean-hinglo\/wp-json\/wp\/v2\/tags?post=5045"}],"curies":[{"name":"wp","href":"https:\/\/api.w.org\/{rel}","templated":true}]}}