{"id":5064,"date":"2020-08-24T21:54:30","date_gmt":"2020-08-24T17:54:30","guid":{"rendered":"http:\/\/lycee-jhinglo.ac-reunion.fr\/?p=5064"},"modified":"2021-04-11T19:08:39","modified_gmt":"2021-04-11T15:08:39","slug":"atelier-arts-plastiques","status":"publish","type":"post","link":"https:\/\/etab.ac-reunion.fr\/lyc-jean-hinglo\/2020\/08\/24\/atelier-arts-plastiques\/","title":{"rendered":"Atelier Arts-Plastiques"},"content":{"rendered":"<p>Cette ann\u00e9e, de nouveau, s&rsquo;ouvre <strong>les mercredis apr\u00e8s-midi de 13h05 \u00e0 15h05<\/strong> en salle G102, <strong>l&rsquo;atelier Arts-Plastiques<\/strong>:<\/p>\n<ul>\n<li>Pratique libre du dessin, de la peinture, de la photo.<\/li>\n<li>Initiation \u00e0 la gravure et \u00e0 l&rsquo;Histoire de l&rsquo;Art.<\/li>\n<li>Est \u00e9galement propos\u00e9 un accompagnement \u00e0 la pr\u00e9paration au concours d&rsquo;Ecole Sup\u00e9rieure d&rsquo;Art.<\/li>\n<\/ul>\n<p><strong><span style=\"color: #0000ff\">Information et inscription au CDI<\/span><\/strong><\/p>\n<p>Bienvenue!!!<\/p>\n<p><a href=\"https:\/\/etab.ac-reunion.fr\/lyc-jean-hinglo\/wp-content\/uploads\/sites\/62\/2020\/08\/affiche-2.pdf\" target=\"_blank\" rel=\"noopener noreferrer\"><img loading=\"lazy\" decoding=\"async\" class=\"aligncenter size-full wp-image-5066\" src=\"https:\/\/etab.ac-reunion.fr\/lyc-jean-hinglo\/wp-content\/uploads\/sites\/62\/2020\/08\/affiche-2.jpg\" alt=\"\" width=\"826\" height=\"1169\" srcset=\"https:\/\/etab.ac-reunion.fr\/lyc-jean-hinglo\/wp-content\/uploads\/sites\/62\/2020\/08\/affiche-2.jpg 826w, https:\/\/etab.ac-reunion.fr\/lyc-jean-hinglo\/wp-content\/uploads\/sites\/62\/2020\/08\/affiche-2-212x300.jpg 212w, https:\/\/etab.ac-reunion.fr\/lyc-jean-hinglo\/wp-content\/uploads\/sites\/62\/2020\/08\/affiche-2-724x1024.jpg 724w, https:\/\/etab.ac-reunion.fr\/lyc-jean-hinglo\/wp-content\/uploads\/sites\/62\/2020\/08\/affiche-2-768x1087.jpg 768w\" sizes=\"auto, (max-width: 826px) 100vw, 826px\" \/><\/a><\/p>\n<p>&nbsp;<\/p>\n","protected":false},"excerpt":{"rendered":"<p>Cette ann\u00e9e, de nouveau, s&rsquo;ouvre les mercredis apr\u00e8s-midi de 13h05 \u00e0 15h05 en salle G102, l&rsquo;atelier Arts-Plastiques: Pratique libre du dessin, de la peinture, de la photo. Initiation \u00e0 la [&hellip;]<\/p>\n","protected":false},"author":24732,"featured_media":5066,"comment_status":"closed","ping_status":"closed","sticky":false,"template":"","format":"standard","meta":{"_EventAllDay":false,"_EventTimezone":"","_EventStartDate":"","_EventEndDate":"","_EventStartDateUTC":"","_EventEndDateUTC":"","_EventShowMap":false,"_EventShowMapLink":false,"_EventURL":"","_EventCost":"","_EventCostDescription":"","_EventCurrencySymbol":"","_EventCurrencyCode":"","_EventCurrencyPosition":"","_EventDateTimeSeparator":"","_EventTimeRangeSeparator":"","_EventOrganizerID":[],"_EventVenueID":[],"_OrganizerEmail":"","_OrganizerPhone":"","_OrganizerWebsite":"","_VenueAddress":"","_VenueCity":"","_VenueCountry":"","_VenueProvince":"","_VenueState":"","_VenueZip":"","_VenuePhone":"","_VenueURL":"","_VenueStateProvince":"","_VenueLat":"","_VenueLng":"","_VenueShowMap":false,"_VenueShowMapLink":false,"footnotes":""},"categories":[20],"tags":[],"class_list":["post-5064","post","type-post","status-publish","format-standard","has-post-thumbnail","hentry","category-culture"],"_links":{"self":[{"href":"https:\/\/etab.ac-reunion.fr\/lyc-jean-hinglo\/wp-json\/wp\/v2\/posts\/5064","targetHints":{"allow":["GET"]}}],"collection":[{"href":"https:\/\/etab.ac-reunion.fr\/lyc-jean-hinglo\/wp-json\/wp\/v2\/posts"}],"about":[{"href":"https:\/\/etab.ac-reunion.fr\/lyc-jean-hinglo\/wp-json\/wp\/v2\/types\/post"}],"author":[{"embeddable":true,"href":"https:\/\/etab.ac-reunion.fr\/lyc-jean-hinglo\/wp-json\/wp\/v2\/users\/24732"}],"replies":[{"embeddable":true,"href":"https:\/\/etab.ac-reunion.fr\/lyc-jean-hinglo\/wp-json\/wp\/v2\/comments?post=5064"}],"version-history":[{"count":2,"href":"https:\/\/etab.ac-reunion.fr\/lyc-jean-hinglo\/wp-json\/wp\/v2\/posts\/5064\/revisions"}],"predecessor-version":[{"id":5067,"href":"https:\/\/etab.ac-reunion.fr\/lyc-jean-hinglo\/wp-json\/wp\/v2\/posts\/5064\/revisions\/5067"}],"wp:featuredmedia":[{"embeddable":true,"href":"https:\/\/etab.ac-reunion.fr\/lyc-jean-hinglo\/wp-json\/wp\/v2\/media\/5066"}],"wp:attachment":[{"href":"https:\/\/etab.ac-reunion.fr\/lyc-jean-hinglo\/wp-json\/wp\/v2\/media?parent=5064"}],"wp:term":[{"taxonomy":"category","embeddable":true,"href":"https:\/\/etab.ac-reunion.fr\/lyc-jean-hinglo\/wp-json\/wp\/v2\/categories?post=5064"},{"taxonomy":"post_tag","embeddable":true,"href":"https:\/\/etab.ac-reunion.fr\/lyc-jean-hinglo\/wp-json\/wp\/v2\/tags?post=5064"}],"curies":[{"name":"wp","href":"https:\/\/api.w.org\/{rel}","templated":true}]}}