{"id":5413,"date":"2020-09-18T23:15:10","date_gmt":"2020-09-18T19:15:10","guid":{"rendered":"http:\/\/lycee-jhinglo.ac-reunion.fr\/?p=5413"},"modified":"2020-10-26T18:59:04","modified_gmt":"2020-10-26T14:59:04","slug":"championnat-academique-de-blocs-descalade","status":"publish","type":"post","link":"https:\/\/etab.ac-reunion.fr\/lyc-jean-hinglo\/2020\/09\/18\/championnat-academique-de-blocs-descalade\/","title":{"rendered":"Championnat Acad\u00e9mique de Blocs d&rsquo;escalade."},"content":{"rendered":"<h3><strong>Toutes nos f\u00e9licitations \u00e0 nos \u00e9l\u00e8ves champions acad\u00e9miques 2020 de Blocs d&rsquo;escalade.<\/strong><\/h3>\n<h3><strong>Nos \u00e9l\u00e8ves m\u00e9daill\u00e9s sont\u00a0Nourdine Nizam 1\u00b0 STI2D1 ,\u00a0 Hoarau Orane 1\u00b0 TEBEE, Ku Siou Hiong T\u00b02, Eth\u00e9ve\u00a0 Aur\u00e9ane T\u00b02<\/strong><\/h3>\n<h3><strong>La comp\u00e9tition s&rsquo;est d\u00e9roul\u00e9e le 4 mars \u00e0 la salle Basalte Evolution de St Pierre.<\/strong><\/h3>\n<h3><strong>Cette discipline d&rsquo;escalade se pratique en salle ou sur des blocs dans la nature, avec au sol de gros tapis.<\/strong><\/h3>\n<p><img loading=\"lazy\" decoding=\"async\" class=\"aligncenter wp-image-5412\" src=\"https:\/\/etab.ac-reunion.fr\/lyc-jean-hinglo\/wp-content\/uploads\/sites\/62\/2020\/09\/Champions-Academiques-Blocs-Escalade-2020-scaled.jpg\" alt=\"\" width=\"682\" height=\"911\" \/><\/p>\n<p>&nbsp;<\/p>\n<p>&nbsp;<\/p>\n","protected":false},"excerpt":{"rendered":"<p>Toutes nos f\u00e9licitations \u00e0 nos \u00e9l\u00e8ves champions acad\u00e9miques 2020 de Blocs d&rsquo;escalade. Nos \u00e9l\u00e8ves m\u00e9daill\u00e9s sont\u00a0Nourdine Nizam 1\u00b0 STI2D1 ,\u00a0 Hoarau Orane 1\u00b0 TEBEE, Ku Siou Hiong T\u00b02, Eth\u00e9ve\u00a0 Aur\u00e9ane [&hellip;]<\/p>\n","protected":false},"author":24732,"featured_media":5412,"comment_status":"closed","ping_status":"closed","sticky":false,"template":"","format":"standard","meta":{"_EventAllDay":false,"_EventTimezone":"","_EventStartDate":"","_EventEndDate":"","_EventStartDateUTC":"","_EventEndDateUTC":"","_EventShowMap":false,"_EventShowMapLink":false,"_EventURL":"","_EventCost":"","_EventCostDescription":"","_EventCurrencySymbol":"","_EventCurrencyCode":"","_EventCurrencyPosition":"","_EventDateTimeSeparator":"","_EventTimeRangeSeparator":"","_EventOrganizerID":[],"_EventVenueID":[],"_OrganizerEmail":"","_OrganizerPhone":"","_OrganizerWebsite":"","_VenueAddress":"","_VenueCity":"","_VenueCountry":"","_VenueProvince":"","_VenueState":"","_VenueZip":"","_VenuePhone":"","_VenueURL":"","_VenueStateProvince":"","_VenueLat":"","_VenueLng":"","_VenueShowMap":false,"_VenueShowMapLink":false,"footnotes":""},"categories":[92],"tags":[],"class_list":["post-5413","post","type-post","status-publish","format-standard","has-post-thumbnail","hentry","category-unss"],"_links":{"self":[{"href":"https:\/\/etab.ac-reunion.fr\/lyc-jean-hinglo\/wp-json\/wp\/v2\/posts\/5413","targetHints":{"allow":["GET"]}}],"collection":[{"href":"https:\/\/etab.ac-reunion.fr\/lyc-jean-hinglo\/wp-json\/wp\/v2\/posts"}],"about":[{"href":"https:\/\/etab.ac-reunion.fr\/lyc-jean-hinglo\/wp-json\/wp\/v2\/types\/post"}],"author":[{"embeddable":true,"href":"https:\/\/etab.ac-reunion.fr\/lyc-jean-hinglo\/wp-json\/wp\/v2\/users\/24732"}],"replies":[{"embeddable":true,"href":"https:\/\/etab.ac-reunion.fr\/lyc-jean-hinglo\/wp-json\/wp\/v2\/comments?post=5413"}],"version-history":[{"count":3,"href":"https:\/\/etab.ac-reunion.fr\/lyc-jean-hinglo\/wp-json\/wp\/v2\/posts\/5413\/revisions"}],"predecessor-version":[{"id":5416,"href":"https:\/\/etab.ac-reunion.fr\/lyc-jean-hinglo\/wp-json\/wp\/v2\/posts\/5413\/revisions\/5416"}],"wp:featuredmedia":[{"embeddable":true,"href":"https:\/\/etab.ac-reunion.fr\/lyc-jean-hinglo\/wp-json\/wp\/v2\/media\/5412"}],"wp:attachment":[{"href":"https:\/\/etab.ac-reunion.fr\/lyc-jean-hinglo\/wp-json\/wp\/v2\/media?parent=5413"}],"wp:term":[{"taxonomy":"category","embeddable":true,"href":"https:\/\/etab.ac-reunion.fr\/lyc-jean-hinglo\/wp-json\/wp\/v2\/categories?post=5413"},{"taxonomy":"post_tag","embeddable":true,"href":"https:\/\/etab.ac-reunion.fr\/lyc-jean-hinglo\/wp-json\/wp\/v2\/tags?post=5413"}],"curies":[{"name":"wp","href":"https:\/\/api.w.org\/{rel}","templated":true}]}}