{"id":5440,"date":"2020-09-23T19:15:07","date_gmt":"2020-09-23T15:15:07","guid":{"rendered":"http:\/\/lycee-jhinglo.ac-reunion.fr\/?p=5440"},"modified":"2021-07-01T07:49:33","modified_gmt":"2021-07-01T03:49:33","slug":"plateforme-aji","status":"publish","type":"post","link":"https:\/\/etab.ac-reunion.fr\/lyc-jean-hinglo\/2020\/09\/23\/plateforme-aji\/","title":{"rendered":"Plateforme AJI"},"content":{"rendered":"<h2 style=\"text-align: center\"><span style=\"color: #000000\"><b>Nos march\u00e9s publics (MAPA) sont d\u00e9pos\u00e9s et consultables sur la plateforme AJI<\/b><\/span><\/h2>\n<p style=\"text-align: center\"><a href=\"https:\/\/mapa.aji-france.com\/mapa\/marche\/\" target=\"_blank\" rel=\"noopener noreferrer\">https:\/\/mapa.aji-france.com\/mapa\/marche\/<\/a><\/p>\n<p><a href=\"https:\/\/mapa.aji-france.com\/mapa\/marche\/\" target=\"_blank\" rel=\"noopener noreferrer\"><img loading=\"lazy\" decoding=\"async\" class=\"aligncenter size-full wp-image-5442\" src=\"https:\/\/etab.ac-reunion.fr\/lyc-jean-hinglo\/wp-content\/uploads\/sites\/62\/2020\/09\/plateforme-AJI.jpg\" alt=\"\" width=\"1471\" height=\"887\" srcset=\"https:\/\/etab.ac-reunion.fr\/lyc-jean-hinglo\/wp-content\/uploads\/sites\/62\/2020\/09\/plateforme-AJI.jpg 1471w, https:\/\/etab.ac-reunion.fr\/lyc-jean-hinglo\/wp-content\/uploads\/sites\/62\/2020\/09\/plateforme-AJI-300x181.jpg 300w, https:\/\/etab.ac-reunion.fr\/lyc-jean-hinglo\/wp-content\/uploads\/sites\/62\/2020\/09\/plateforme-AJI-1024x617.jpg 1024w, https:\/\/etab.ac-reunion.fr\/lyc-jean-hinglo\/wp-content\/uploads\/sites\/62\/2020\/09\/plateforme-AJI-768x463.jpg 768w\" sizes=\"auto, (max-width: 1471px) 100vw, 1471px\" \/><\/a><\/p>\n","protected":false},"excerpt":{"rendered":"<p>Nos march\u00e9s publics (MAPA) sont d\u00e9pos\u00e9s et consultables sur la plateforme AJI https:\/\/mapa.aji-france.com\/mapa\/marche\/<\/p>\n","protected":false},"author":24732,"featured_media":2668,"comment_status":"closed","ping_status":"closed","sticky":false,"template":"","format":"standard","meta":{"_EventAllDay":false,"_EventTimezone":"","_EventStartDate":"","_EventEndDate":"","_EventStartDateUTC":"","_EventEndDateUTC":"","_EventShowMap":false,"_EventShowMapLink":false,"_EventURL":"","_EventCost":"","_EventCostDescription":"","_EventCurrencySymbol":"","_EventCurrencyCode":"","_EventCurrencyPosition":"","_EventDateTimeSeparator":"","_EventTimeRangeSeparator":"","_EventOrganizerID":[],"_EventVenueID":[],"_OrganizerEmail":"","_OrganizerPhone":"","_OrganizerWebsite":"","_VenueAddress":"","_VenueCity":"","_VenueCountry":"","_VenueProvince":"","_VenueState":"","_VenueZip":"","_VenuePhone":"","_VenueURL":"","_VenueStateProvince":"","_VenueLat":"","_VenueLng":"","_VenueShowMap":false,"_VenueShowMapLink":false,"footnotes":""},"categories":[102,3],"tags":[],"class_list":["post-5440","post","type-post","status-publish","format-standard","has-post-thumbnail","hentry","category-intendance","category-marches"],"_links":{"self":[{"href":"https:\/\/etab.ac-reunion.fr\/lyc-jean-hinglo\/wp-json\/wp\/v2\/posts\/5440","targetHints":{"allow":["GET"]}}],"collection":[{"href":"https:\/\/etab.ac-reunion.fr\/lyc-jean-hinglo\/wp-json\/wp\/v2\/posts"}],"about":[{"href":"https:\/\/etab.ac-reunion.fr\/lyc-jean-hinglo\/wp-json\/wp\/v2\/types\/post"}],"author":[{"embeddable":true,"href":"https:\/\/etab.ac-reunion.fr\/lyc-jean-hinglo\/wp-json\/wp\/v2\/users\/24732"}],"replies":[{"embeddable":true,"href":"https:\/\/etab.ac-reunion.fr\/lyc-jean-hinglo\/wp-json\/wp\/v2\/comments?post=5440"}],"version-history":[{"count":3,"href":"https:\/\/etab.ac-reunion.fr\/lyc-jean-hinglo\/wp-json\/wp\/v2\/posts\/5440\/revisions"}],"predecessor-version":[{"id":5444,"href":"https:\/\/etab.ac-reunion.fr\/lyc-jean-hinglo\/wp-json\/wp\/v2\/posts\/5440\/revisions\/5444"}],"wp:featuredmedia":[{"embeddable":true,"href":"https:\/\/etab.ac-reunion.fr\/lyc-jean-hinglo\/wp-json\/wp\/v2\/media\/2668"}],"wp:attachment":[{"href":"https:\/\/etab.ac-reunion.fr\/lyc-jean-hinglo\/wp-json\/wp\/v2\/media?parent=5440"}],"wp:term":[{"taxonomy":"category","embeddable":true,"href":"https:\/\/etab.ac-reunion.fr\/lyc-jean-hinglo\/wp-json\/wp\/v2\/categories?post=5440"},{"taxonomy":"post_tag","embeddable":true,"href":"https:\/\/etab.ac-reunion.fr\/lyc-jean-hinglo\/wp-json\/wp\/v2\/tags?post=5440"}],"curies":[{"name":"wp","href":"https:\/\/api.w.org\/{rel}","templated":true}]}}